{"id":97858178,"date":"2016-03-28T08:00:00","date_gmt":"2016-03-28T06:00:00","guid":{"rendered":"https:\/\/fundacion-biodiversidad.es\/actualidad_home\/a-large-solidarity-blanket-to-raise-awareness-of-the-importance-of-conserving-the-oceans\/"},"modified":"2016-03-28T08:00:00","modified_gmt":"2016-03-28T06:00:00","slug":"a-large-solidarity-blanket-to-raise-awareness-of-the-importance-of-conserving-the-oceans","status":"publish","type":"actualidad_home","link":"https:\/\/fundacion-biodiversidad.es\/en\/actualidad_home\/a-large-solidarity-blanket-to-raise-awareness-of-the-importance-of-conserving-the-oceans\/","title":{"rendered":"A large solidarity blanket to raise awareness of the importance of conserving the oceans"},"content":{"rendered":"<p>Raising awareness among the population about <strong>the values of marine and coastal biodiversity <\/strong>from a solidarity perspective is the purpose of an initiative of the IAIA Solidarity Work Association, a non-profit entity, which organizes and coordinates activities with solidarity purposes, mainly aimed at the elderly.<\/p>\n<p> IAIA has launched the <a href=\"http:\/\/fundacion-biodiversidad.es\/biodiversidad-marina-y-litoral\/proyectos-convocatoria-ayudas\/tejiendo-mares-de-solidaridad\" target=\"_blank\" rel=\"noopener\"><strong>project &#8220;Weaving seas of solidarity&#8221;<\/strong><\/a> with the <strong>support of the Biodiversity Foundation of the<\/strong> Ministry of Agriculture, Food and the Environment. A project whose actions are aimed at raising awareness in society about the importance of <strong>conserving and protecting the oceans<\/strong>, with a view to <a href=\"http:\/\/fundacion-biodiversidad.es\/prensa\/agenda\/dia-mundial-de-los-oceanos-2\" target=\"_blank\" rel=\"noopener\"><strong>June 8, World Oceans Day<\/strong><\/a>.<\/p>\n<p> During the months prior to this celebration, blue squares of wool will be woven in senior centers, with the help of <strong>young volunteers<\/strong>, which will then be joined together to form an ocean-blanket that will be exhibited on the occasion of World Oceans Day. In addition, species of flora and fauna protected by the Habitats Directive will be woven in wool.<\/p>\n<p> After the celebration, the ocean-blanket will be dismantled and divided into various blankets that will be sent to <strong>people without resources<\/strong>, especially those who live on the street, while the woven animals will be donated to an institution for educational purposes.<\/p>\n<p> The project will thus involve both the elderly and young people and the population without resources, so it will reach different groups. All with the aim of raising awareness of the importance of preserving our oceans within the framework of solidarity action.   <br \/>\n&nbsp;<\/p>\n","protected":false},"author":11,"featured_media":35689,"template":"","meta":{"_acf_changed":false},"palabras_clave":[391,392,61,272],"class_list":["post-97858178","actualidad_home","type-actualidad_home","status-publish","has-post-thumbnail","hentry","palabras_clave-iaia","palabras_clave-mares","palabras_clave-oceanos","palabras_clave-voluntarios"],"acf":[],"yoast_head":"<!-- This site is optimized with the Yoast SEO plugin v26.9 - https:\/\/yoast.com\/product\/yoast-seo-wordpress\/ -->\n<title>A large solidarity blanket to raise awareness of the importance of conserving the oceans - Fundaci\u00f3n Biodiversidad<\/title>\n<meta name=\"robots\" content=\"index, follow, max-snippet:-1, max-image-preview:large, max-video-preview:-1\" \/>\n<link rel=\"canonical\" href=\"https:\/\/fundacion-biodiversidad.es\/en\/actualidad_home\/a-large-solidarity-blanket-to-raise-awareness-of-the-importance-of-conserving-the-oceans\/\" \/>\n<meta property=\"og:locale\" content=\"en_US\" \/>\n<meta property=\"og:type\" content=\"article\" \/>\n<meta property=\"og:title\" content=\"A large solidarity blanket to raise awareness of the importance of conserving the oceans - Fundaci\u00f3n Biodiversidad\" \/>\n<meta property=\"og:description\" content=\"Raising awareness among the population about the values of marine and coastal biodiversity from a solidarity perspective is the purpose of an initiative of the [&hellip;]\" \/>\n<meta property=\"og:url\" content=\"https:\/\/fundacion-biodiversidad.es\/en\/actualidad_home\/a-large-solidarity-blanket-to-raise-awareness-of-the-importance-of-conserving-the-oceans\/\" \/>\n<meta property=\"og:site_name\" content=\"Fundaci\u00f3n Biodiversidad\" \/>\n<meta property=\"og:image\" content=\"https:\/\/fundacion-biodiversidad.es\/wp-content\/uploads\/2023\/01\/2487661294_35330241_720x405.png\" \/>\n\t<meta property=\"og:image:width\" content=\"720\" \/>\n\t<meta property=\"og:image:height\" content=\"405\" \/>\n\t<meta property=\"og:image:type\" content=\"image\/png\" \/>\n<meta name=\"twitter:card\" content=\"summary_large_image\" \/>\n<meta name=\"twitter:label1\" content=\"Est. reading time\" \/>\n\t<meta name=\"twitter:data1\" content=\"1 minute\" \/>\n<script type=\"application\/ld+json\" class=\"yoast-schema-graph\">{\"@context\":\"https:\/\/schema.org\",\"@graph\":[{\"@type\":\"WebPage\",\"@id\":\"https:\/\/fundacion-biodiversidad.es\/en\/actualidad_home\/a-large-solidarity-blanket-to-raise-awareness-of-the-importance-of-conserving-the-oceans\/\",\"url\":\"https:\/\/fundacion-biodiversidad.es\/en\/actualidad_home\/a-large-solidarity-blanket-to-raise-awareness-of-the-importance-of-conserving-the-oceans\/\",\"name\":\"A large solidarity blanket to raise awareness of the importance of conserving the oceans - Fundaci\u00f3n Biodiversidad\",\"isPartOf\":{\"@id\":\"https:\/\/fundacion-biodiversidad.es\/en\/#website\"},\"primaryImageOfPage\":{\"@id\":\"https:\/\/fundacion-biodiversidad.es\/en\/actualidad_home\/a-large-solidarity-blanket-to-raise-awareness-of-the-importance-of-conserving-the-oceans\/#primaryimage\"},\"image\":{\"@id\":\"https:\/\/fundacion-biodiversidad.es\/en\/actualidad_home\/a-large-solidarity-blanket-to-raise-awareness-of-the-importance-of-conserving-the-oceans\/#primaryimage\"},\"thumbnailUrl\":\"https:\/\/fundacion-biodiversidad.es\/wp-content\/uploads\/2016\/03\/3_iaia.jpg\",\"datePublished\":\"2016-03-28T06:00:00+00:00\",\"breadcrumb\":{\"@id\":\"https:\/\/fundacion-biodiversidad.es\/en\/actualidad_home\/a-large-solidarity-blanket-to-raise-awareness-of-the-importance-of-conserving-the-oceans\/#breadcrumb\"},\"inLanguage\":\"en-US\",\"potentialAction\":[{\"@type\":\"ReadAction\",\"target\":[\"https:\/\/fundacion-biodiversidad.es\/en\/actualidad_home\/a-large-solidarity-blanket-to-raise-awareness-of-the-importance-of-conserving-the-oceans\/\"]}]},{\"@type\":\"ImageObject\",\"inLanguage\":\"en-US\",\"@id\":\"https:\/\/fundacion-biodiversidad.es\/en\/actualidad_home\/a-large-solidarity-blanket-to-raise-awareness-of-the-importance-of-conserving-the-oceans\/#primaryimage\",\"url\":\"https:\/\/fundacion-biodiversidad.es\/wp-content\/uploads\/2016\/03\/3_iaia.jpg\",\"contentUrl\":\"https:\/\/fundacion-biodiversidad.es\/wp-content\/uploads\/2016\/03\/3_iaia.jpg\",\"width\":960,\"height\":720},{\"@type\":\"BreadcrumbList\",\"@id\":\"https:\/\/fundacion-biodiversidad.es\/en\/actualidad_home\/a-large-solidarity-blanket-to-raise-awareness-of-the-importance-of-conserving-the-oceans\/#breadcrumb\",\"itemListElement\":[{\"@type\":\"ListItem\",\"position\":1,\"name\":\"Portada\",\"item\":\"https:\/\/fundacion-biodiversidad.es\/en\/inicio\/\"},{\"@type\":\"ListItem\",\"position\":2,\"name\":\"Noticias de actualidad\",\"item\":\"https:\/\/fundacion-biodiversidad.es\/en\/actualidad_home\/\"},{\"@type\":\"ListItem\",\"position\":3,\"name\":\"A large solidarity blanket to raise awareness of the importance of conserving the oceans\"}]},{\"@type\":\"WebSite\",\"@id\":\"https:\/\/fundacion-biodiversidad.es\/en\/#website\",\"url\":\"https:\/\/fundacion-biodiversidad.es\/en\/\",\"name\":\"Fundaci\u00f3n Biodiversidad\",\"description\":\"Fundaci\u00f3n p\u00fablica adscrita al Ministerio para la Transici\u00f3n Ecol\u00f3gica\",\"potentialAction\":[{\"@type\":\"SearchAction\",\"target\":{\"@type\":\"EntryPoint\",\"urlTemplate\":\"https:\/\/fundacion-biodiversidad.es\/en\/?s={search_term_string}\"},\"query-input\":{\"@type\":\"PropertyValueSpecification\",\"valueRequired\":true,\"valueName\":\"search_term_string\"}}],\"inLanguage\":\"en-US\"}]}<\/script>\n<!-- \/ Yoast SEO plugin. -->","yoast_head_json":{"title":"A large solidarity blanket to raise awareness of the importance of conserving the oceans - Fundaci\u00f3n Biodiversidad","robots":{"index":"index","follow":"follow","max-snippet":"max-snippet:-1","max-image-preview":"max-image-preview:large","max-video-preview":"max-video-preview:-1"},"canonical":"https:\/\/fundacion-biodiversidad.es\/en\/actualidad_home\/a-large-solidarity-blanket-to-raise-awareness-of-the-importance-of-conserving-the-oceans\/","og_locale":"en_US","og_type":"article","og_title":"A large solidarity blanket to raise awareness of the importance of conserving the oceans - Fundaci\u00f3n Biodiversidad","og_description":"Raising awareness among the population about the values of marine and coastal biodiversity from a solidarity perspective is the purpose of an initiative of the [&hellip;]","og_url":"https:\/\/fundacion-biodiversidad.es\/en\/actualidad_home\/a-large-solidarity-blanket-to-raise-awareness-of-the-importance-of-conserving-the-oceans\/","og_site_name":"Fundaci\u00f3n Biodiversidad","og_image":[{"width":720,"height":405,"url":"https:\/\/fundacion-biodiversidad.es\/wp-content\/uploads\/2023\/01\/2487661294_35330241_720x405.png","type":"image\/png"}],"twitter_card":"summary_large_image","twitter_misc":{"Est. reading time":"1 minute"},"schema":{"@context":"https:\/\/schema.org","@graph":[{"@type":"WebPage","@id":"https:\/\/fundacion-biodiversidad.es\/en\/actualidad_home\/a-large-solidarity-blanket-to-raise-awareness-of-the-importance-of-conserving-the-oceans\/","url":"https:\/\/fundacion-biodiversidad.es\/en\/actualidad_home\/a-large-solidarity-blanket-to-raise-awareness-of-the-importance-of-conserving-the-oceans\/","name":"A large solidarity blanket to raise awareness of the importance of conserving the oceans - Fundaci\u00f3n Biodiversidad","isPartOf":{"@id":"https:\/\/fundacion-biodiversidad.es\/en\/#website"},"primaryImageOfPage":{"@id":"https:\/\/fundacion-biodiversidad.es\/en\/actualidad_home\/a-large-solidarity-blanket-to-raise-awareness-of-the-importance-of-conserving-the-oceans\/#primaryimage"},"image":{"@id":"https:\/\/fundacion-biodiversidad.es\/en\/actualidad_home\/a-large-solidarity-blanket-to-raise-awareness-of-the-importance-of-conserving-the-oceans\/#primaryimage"},"thumbnailUrl":"https:\/\/fundacion-biodiversidad.es\/wp-content\/uploads\/2016\/03\/3_iaia.jpg","datePublished":"2016-03-28T06:00:00+00:00","breadcrumb":{"@id":"https:\/\/fundacion-biodiversidad.es\/en\/actualidad_home\/a-large-solidarity-blanket-to-raise-awareness-of-the-importance-of-conserving-the-oceans\/#breadcrumb"},"inLanguage":"en-US","potentialAction":[{"@type":"ReadAction","target":["https:\/\/fundacion-biodiversidad.es\/en\/actualidad_home\/a-large-solidarity-blanket-to-raise-awareness-of-the-importance-of-conserving-the-oceans\/"]}]},{"@type":"ImageObject","inLanguage":"en-US","@id":"https:\/\/fundacion-biodiversidad.es\/en\/actualidad_home\/a-large-solidarity-blanket-to-raise-awareness-of-the-importance-of-conserving-the-oceans\/#primaryimage","url":"https:\/\/fundacion-biodiversidad.es\/wp-content\/uploads\/2016\/03\/3_iaia.jpg","contentUrl":"https:\/\/fundacion-biodiversidad.es\/wp-content\/uploads\/2016\/03\/3_iaia.jpg","width":960,"height":720},{"@type":"BreadcrumbList","@id":"https:\/\/fundacion-biodiversidad.es\/en\/actualidad_home\/a-large-solidarity-blanket-to-raise-awareness-of-the-importance-of-conserving-the-oceans\/#breadcrumb","itemListElement":[{"@type":"ListItem","position":1,"name":"Portada","item":"https:\/\/fundacion-biodiversidad.es\/en\/inicio\/"},{"@type":"ListItem","position":2,"name":"Noticias de actualidad","item":"https:\/\/fundacion-biodiversidad.es\/en\/actualidad_home\/"},{"@type":"ListItem","position":3,"name":"A large solidarity blanket to raise awareness of the importance of conserving the oceans"}]},{"@type":"WebSite","@id":"https:\/\/fundacion-biodiversidad.es\/en\/#website","url":"https:\/\/fundacion-biodiversidad.es\/en\/","name":"Fundaci\u00f3n Biodiversidad","description":"Fundaci\u00f3n p\u00fablica adscrita al Ministerio para la Transici\u00f3n Ecol\u00f3gica","potentialAction":[{"@type":"SearchAction","target":{"@type":"EntryPoint","urlTemplate":"https:\/\/fundacion-biodiversidad.es\/en\/?s={search_term_string}"},"query-input":{"@type":"PropertyValueSpecification","valueRequired":true,"valueName":"search_term_string"}}],"inLanguage":"en-US"}]}},"_links":{"self":[{"href":"https:\/\/fundacion-biodiversidad.es\/en\/wp-json\/wp\/v2\/actualidad_home\/97858178","targetHints":{"allow":["GET"]}}],"collection":[{"href":"https:\/\/fundacion-biodiversidad.es\/en\/wp-json\/wp\/v2\/actualidad_home"}],"about":[{"href":"https:\/\/fundacion-biodiversidad.es\/en\/wp-json\/wp\/v2\/types\/actualidad_home"}],"author":[{"embeddable":true,"href":"https:\/\/fundacion-biodiversidad.es\/en\/wp-json\/wp\/v2\/users\/11"}],"wp:featuredmedia":[{"embeddable":true,"href":"https:\/\/fundacion-biodiversidad.es\/en\/wp-json\/wp\/v2\/media\/35689"}],"wp:attachment":[{"href":"https:\/\/fundacion-biodiversidad.es\/en\/wp-json\/wp\/v2\/media?parent=97858178"}],"wp:term":[{"taxonomy":"palabras_clave","embeddable":true,"href":"https:\/\/fundacion-biodiversidad.es\/en\/wp-json\/wp\/v2\/palabras_clave?post=97858178"}],"curies":[{"name":"wp","href":"https:\/\/api.w.org\/{rel}","templated":true}]}}