{"id":97858179,"date":"2016-05-05T12:26:49","date_gmt":"2016-05-05T10:26:49","guid":{"rendered":"https:\/\/fundacion-biodiversidad.es\/actualidad_home\/exclusive-meeting-of-gunter-pauli-with-the-entrepreneurs-of-the-emprendeverde-network\/"},"modified":"2016-05-05T12:26:49","modified_gmt":"2016-05-05T10:26:49","slug":"exclusive-meeting-of-gunter-pauli-with-the-entrepreneurs-of-the-emprendeverde-network","status":"publish","type":"actualidad_home","link":"https:\/\/fundacion-biodiversidad.es\/en\/actualidad_home\/exclusive-meeting-of-gunter-pauli-with-the-entrepreneurs-of-the-emprendeverde-network\/","title":{"rendered":"Exclusive meeting of Gunter Pauli with the entrepreneurs of the Emprendeverde Network"},"content":{"rendered":"<p>The Emprendeverde Network held today in Madrid the 13th emprendeverde meeting with Gunter Pauli, the main promoter of the concept of the blue economy.<br \/>\n&nbsp;<br \/>\n<!--more--><\/p>\n<p>The Biodiversity Foundation of the Ministry of Agriculture, Food and the Environment, today held a new<strong> emprendeverde meeting<\/strong> at its headquarters in Madrid, the thirteenth, which was attended by <a href=\"http:\/\/fundacion-biodiversidad.es\/prensa\/notas-de-prensa\/la-fundacion-biodiversidad-ofrece-un-encuentro-exclusivo-con-gunter-pauli\" target=\"_blank\" rel=\"noopener\"><strong>Gunter Pauli, the main promoter of the concept of the blue economy<\/strong><\/a>, a development model that is based on the premise of using the knowledge accumulated over millions of years by nature to achieve increasingly higher levels of efficiency.  respecting the natural environment and creating wealth.<br \/>\n&nbsp;<br \/>\n<strong>40 entrepreneurs from the Emprendeverde Network attended the session<\/strong> in which Pauli gave a masterclass on this<strong> model that promotes the development of solutions inspired by nature<\/strong>. Subsequently, he held a dialogue with the attending entrepreneurs on how to innovate and launch companies that face the current economic and environmental challenges in line with the principles of the blue economy. <\/p>\n<p>Afterwards, <strong>seven entrepreneurs<\/strong> participated in a session in which, <strong>with the help of Gunter Pauli, they analysed how to turn their initiative into a successful business following the principles of the blue economy<\/strong>. Pauli has advised them in a personalized way, providing advice and information related to this new economic paradigm. <\/p>\n<p>During the meeting, Pauli stressed the <strong>power of the blue economy to translate the logic of natural ecosystems into the business world<\/strong> and the entrepreneurial ecosystem.<\/p>\n<p>Iberfunghi, Biomival, Modulab, Ecocuadrado, Feltwood, Ecologing and Agree Biosolutions have been the seven entrepreneurial initiatives and members of the Emprendeverde Network that have had the direct advice of Gunter Pauli.<\/p>\n<p><a href=\"http:\/\/www.iberfunghi.com\" rel=\"nofollow noopener\" target=\"_blank\">Iberfunghi<\/a> is a company that sells self-cultivation kits for mushrooms obtained from coffee grounds. <a href=\"http:\/\/www.biomival.es\" rel=\"nofollow noopener\" target=\"_blank\">Biomival<\/a> has manufactured a turbine inspired by the flamingo&#8217;s beak that extracts energy from the waves of the sea. For its part, <a href=\"http:\/\/www.sistemamodulab.es\" rel=\"nofollow noopener\" target=\"_blank\">Modulab<\/a> develops industrialised building products with sustainability criteria. The marketing of by-products from waste and consulting on zero waste are the services offered by <a href=\"http:\/\/ecocuadrado.com\/\" rel=\"nofollow noopener\" target=\"_blank\">Ecocuadrado<\/a>. <a href=\"http:\/\/ecologing.es\/\" rel=\"nofollow noopener\" target=\"_blank\">Ecologing<\/a> offers consulting services focused on sustainable design. Finally, <a href=\"http:\/\/www.feltwood.com\/\" rel=\"nofollow noopener\" target=\"_blank\">Feltwood<\/a> markets eco-friendly materials from plant fibres, while Agree Biosolutions produces 100% organic fertiliser.<\/p>\n<p> Economist, businessman, writer and member of various international institutions such as the Club of Rome, <a href=\"http:\/\/www.gunterpauli.com\" rel=\"nofollow noopener\" target=\"_blank\">Gunter Pauli<\/a> is the main promoter of the<strong> blue economy, a model that<\/strong> &#8220;responds to basic needs with what is available, <strong>develops innovations inspired by nature<\/strong> and creates multiple benefits as well as employment and social capital&#8221;.   <\/p>\n","protected":false},"author":11,"featured_media":35705,"template":"","meta":{"_acf_changed":false},"palabras_clave":[408,53,409],"class_list":["post-97858179","actualidad_home","type-actualidad_home","status-publish","has-post-thumbnail","hentry","palabras_clave-economia-azul","palabras_clave-emprendeverde","palabras_clave-gunter-pauli"],"acf":[],"yoast_head":"<!-- This site is optimized with the Yoast SEO plugin v26.9 - https:\/\/yoast.com\/product\/yoast-seo-wordpress\/ -->\n<title>Exclusive meeting of Gunter Pauli with the entrepreneurs of the Emprendeverde Network - Fundaci\u00f3n Biodiversidad<\/title>\n<meta name=\"robots\" content=\"index, follow, max-snippet:-1, max-image-preview:large, max-video-preview:-1\" \/>\n<link rel=\"canonical\" href=\"https:\/\/fundacion-biodiversidad.es\/en\/actualidad_home\/exclusive-meeting-of-gunter-pauli-with-the-entrepreneurs-of-the-emprendeverde-network\/\" \/>\n<meta property=\"og:locale\" content=\"en_US\" \/>\n<meta property=\"og:type\" content=\"article\" \/>\n<meta property=\"og:title\" content=\"Exclusive meeting of Gunter Pauli with the entrepreneurs of the Emprendeverde Network - Fundaci\u00f3n Biodiversidad\" \/>\n<meta property=\"og:description\" content=\"The Emprendeverde Network held today in Madrid the 13th emprendeverde meeting with Gunter Pauli, the main promoter of the concept of the blue economy. &nbsp;\" \/>\n<meta property=\"og:url\" content=\"https:\/\/fundacion-biodiversidad.es\/en\/actualidad_home\/exclusive-meeting-of-gunter-pauli-with-the-entrepreneurs-of-the-emprendeverde-network\/\" \/>\n<meta property=\"og:site_name\" content=\"Fundaci\u00f3n Biodiversidad\" \/>\n<meta property=\"og:image\" content=\"https:\/\/fundacion-biodiversidad.es\/wp-content\/uploads\/2023\/01\/2487661294_35330241_720x405.png\" \/>\n\t<meta property=\"og:image:width\" content=\"720\" \/>\n\t<meta property=\"og:image:height\" content=\"405\" \/>\n\t<meta property=\"og:image:type\" content=\"image\/png\" \/>\n<meta name=\"twitter:card\" content=\"summary_large_image\" \/>\n<meta name=\"twitter:label1\" content=\"Est. reading time\" \/>\n\t<meta name=\"twitter:data1\" content=\"2 minutes\" \/>\n<script type=\"application\/ld+json\" class=\"yoast-schema-graph\">{\"@context\":\"https:\/\/schema.org\",\"@graph\":[{\"@type\":\"WebPage\",\"@id\":\"https:\/\/fundacion-biodiversidad.es\/en\/actualidad_home\/exclusive-meeting-of-gunter-pauli-with-the-entrepreneurs-of-the-emprendeverde-network\/\",\"url\":\"https:\/\/fundacion-biodiversidad.es\/en\/actualidad_home\/exclusive-meeting-of-gunter-pauli-with-the-entrepreneurs-of-the-emprendeverde-network\/\",\"name\":\"Exclusive meeting of Gunter Pauli with the entrepreneurs of the Emprendeverde Network - Fundaci\u00f3n Biodiversidad\",\"isPartOf\":{\"@id\":\"https:\/\/fundacion-biodiversidad.es\/en\/#website\"},\"primaryImageOfPage\":{\"@id\":\"https:\/\/fundacion-biodiversidad.es\/en\/actualidad_home\/exclusive-meeting-of-gunter-pauli-with-the-entrepreneurs-of-the-emprendeverde-network\/#primaryimage\"},\"image\":{\"@id\":\"https:\/\/fundacion-biodiversidad.es\/en\/actualidad_home\/exclusive-meeting-of-gunter-pauli-with-the-entrepreneurs-of-the-emprendeverde-network\/#primaryimage\"},\"thumbnailUrl\":\"https:\/\/fundacion-biodiversidad.es\/wp-content\/uploads\/2016\/05\/encuentro_exlusivo_de_gunter_pauli.jpg\",\"datePublished\":\"2016-05-05T10:26:49+00:00\",\"breadcrumb\":{\"@id\":\"https:\/\/fundacion-biodiversidad.es\/en\/actualidad_home\/exclusive-meeting-of-gunter-pauli-with-the-entrepreneurs-of-the-emprendeverde-network\/#breadcrumb\"},\"inLanguage\":\"en-US\",\"potentialAction\":[{\"@type\":\"ReadAction\",\"target\":[\"https:\/\/fundacion-biodiversidad.es\/en\/actualidad_home\/exclusive-meeting-of-gunter-pauli-with-the-entrepreneurs-of-the-emprendeverde-network\/\"]}]},{\"@type\":\"ImageObject\",\"inLanguage\":\"en-US\",\"@id\":\"https:\/\/fundacion-biodiversidad.es\/en\/actualidad_home\/exclusive-meeting-of-gunter-pauli-with-the-entrepreneurs-of-the-emprendeverde-network\/#primaryimage\",\"url\":\"https:\/\/fundacion-biodiversidad.es\/wp-content\/uploads\/2016\/05\/encuentro_exlusivo_de_gunter_pauli.jpg\",\"contentUrl\":\"https:\/\/fundacion-biodiversidad.es\/wp-content\/uploads\/2016\/05\/encuentro_exlusivo_de_gunter_pauli.jpg\",\"width\":480,\"height\":320},{\"@type\":\"BreadcrumbList\",\"@id\":\"https:\/\/fundacion-biodiversidad.es\/en\/actualidad_home\/exclusive-meeting-of-gunter-pauli-with-the-entrepreneurs-of-the-emprendeverde-network\/#breadcrumb\",\"itemListElement\":[{\"@type\":\"ListItem\",\"position\":1,\"name\":\"Portada\",\"item\":\"https:\/\/fundacion-biodiversidad.es\/en\/inicio\/\"},{\"@type\":\"ListItem\",\"position\":2,\"name\":\"Noticias de actualidad\",\"item\":\"https:\/\/fundacion-biodiversidad.es\/en\/actualidad_home\/\"},{\"@type\":\"ListItem\",\"position\":3,\"name\":\"Exclusive meeting of Gunter Pauli with the entrepreneurs of the Emprendeverde Network\"}]},{\"@type\":\"WebSite\",\"@id\":\"https:\/\/fundacion-biodiversidad.es\/en\/#website\",\"url\":\"https:\/\/fundacion-biodiversidad.es\/en\/\",\"name\":\"Fundaci\u00f3n Biodiversidad\",\"description\":\"Fundaci\u00f3n p\u00fablica adscrita al Ministerio para la Transici\u00f3n Ecol\u00f3gica\",\"potentialAction\":[{\"@type\":\"SearchAction\",\"target\":{\"@type\":\"EntryPoint\",\"urlTemplate\":\"https:\/\/fundacion-biodiversidad.es\/en\/?s={search_term_string}\"},\"query-input\":{\"@type\":\"PropertyValueSpecification\",\"valueRequired\":true,\"valueName\":\"search_term_string\"}}],\"inLanguage\":\"en-US\"}]}<\/script>\n<!-- \/ Yoast SEO plugin. -->","yoast_head_json":{"title":"Exclusive meeting of Gunter Pauli with the entrepreneurs of the Emprendeverde Network - Fundaci\u00f3n Biodiversidad","robots":{"index":"index","follow":"follow","max-snippet":"max-snippet:-1","max-image-preview":"max-image-preview:large","max-video-preview":"max-video-preview:-1"},"canonical":"https:\/\/fundacion-biodiversidad.es\/en\/actualidad_home\/exclusive-meeting-of-gunter-pauli-with-the-entrepreneurs-of-the-emprendeverde-network\/","og_locale":"en_US","og_type":"article","og_title":"Exclusive meeting of Gunter Pauli with the entrepreneurs of the Emprendeverde Network - Fundaci\u00f3n Biodiversidad","og_description":"The Emprendeverde Network held today in Madrid the 13th emprendeverde meeting with Gunter Pauli, the main promoter of the concept of the blue economy. &nbsp;","og_url":"https:\/\/fundacion-biodiversidad.es\/en\/actualidad_home\/exclusive-meeting-of-gunter-pauli-with-the-entrepreneurs-of-the-emprendeverde-network\/","og_site_name":"Fundaci\u00f3n Biodiversidad","og_image":[{"width":720,"height":405,"url":"https:\/\/fundacion-biodiversidad.es\/wp-content\/uploads\/2023\/01\/2487661294_35330241_720x405.png","type":"image\/png"}],"twitter_card":"summary_large_image","twitter_misc":{"Est. reading time":"2 minutes"},"schema":{"@context":"https:\/\/schema.org","@graph":[{"@type":"WebPage","@id":"https:\/\/fundacion-biodiversidad.es\/en\/actualidad_home\/exclusive-meeting-of-gunter-pauli-with-the-entrepreneurs-of-the-emprendeverde-network\/","url":"https:\/\/fundacion-biodiversidad.es\/en\/actualidad_home\/exclusive-meeting-of-gunter-pauli-with-the-entrepreneurs-of-the-emprendeverde-network\/","name":"Exclusive meeting of Gunter Pauli with the entrepreneurs of the Emprendeverde Network - Fundaci\u00f3n Biodiversidad","isPartOf":{"@id":"https:\/\/fundacion-biodiversidad.es\/en\/#website"},"primaryImageOfPage":{"@id":"https:\/\/fundacion-biodiversidad.es\/en\/actualidad_home\/exclusive-meeting-of-gunter-pauli-with-the-entrepreneurs-of-the-emprendeverde-network\/#primaryimage"},"image":{"@id":"https:\/\/fundacion-biodiversidad.es\/en\/actualidad_home\/exclusive-meeting-of-gunter-pauli-with-the-entrepreneurs-of-the-emprendeverde-network\/#primaryimage"},"thumbnailUrl":"https:\/\/fundacion-biodiversidad.es\/wp-content\/uploads\/2016\/05\/encuentro_exlusivo_de_gunter_pauli.jpg","datePublished":"2016-05-05T10:26:49+00:00","breadcrumb":{"@id":"https:\/\/fundacion-biodiversidad.es\/en\/actualidad_home\/exclusive-meeting-of-gunter-pauli-with-the-entrepreneurs-of-the-emprendeverde-network\/#breadcrumb"},"inLanguage":"en-US","potentialAction":[{"@type":"ReadAction","target":["https:\/\/fundacion-biodiversidad.es\/en\/actualidad_home\/exclusive-meeting-of-gunter-pauli-with-the-entrepreneurs-of-the-emprendeverde-network\/"]}]},{"@type":"ImageObject","inLanguage":"en-US","@id":"https:\/\/fundacion-biodiversidad.es\/en\/actualidad_home\/exclusive-meeting-of-gunter-pauli-with-the-entrepreneurs-of-the-emprendeverde-network\/#primaryimage","url":"https:\/\/fundacion-biodiversidad.es\/wp-content\/uploads\/2016\/05\/encuentro_exlusivo_de_gunter_pauli.jpg","contentUrl":"https:\/\/fundacion-biodiversidad.es\/wp-content\/uploads\/2016\/05\/encuentro_exlusivo_de_gunter_pauli.jpg","width":480,"height":320},{"@type":"BreadcrumbList","@id":"https:\/\/fundacion-biodiversidad.es\/en\/actualidad_home\/exclusive-meeting-of-gunter-pauli-with-the-entrepreneurs-of-the-emprendeverde-network\/#breadcrumb","itemListElement":[{"@type":"ListItem","position":1,"name":"Portada","item":"https:\/\/fundacion-biodiversidad.es\/en\/inicio\/"},{"@type":"ListItem","position":2,"name":"Noticias de actualidad","item":"https:\/\/fundacion-biodiversidad.es\/en\/actualidad_home\/"},{"@type":"ListItem","position":3,"name":"Exclusive meeting of Gunter Pauli with the entrepreneurs of the Emprendeverde Network"}]},{"@type":"WebSite","@id":"https:\/\/fundacion-biodiversidad.es\/en\/#website","url":"https:\/\/fundacion-biodiversidad.es\/en\/","name":"Fundaci\u00f3n Biodiversidad","description":"Fundaci\u00f3n p\u00fablica adscrita al Ministerio para la Transici\u00f3n Ecol\u00f3gica","potentialAction":[{"@type":"SearchAction","target":{"@type":"EntryPoint","urlTemplate":"https:\/\/fundacion-biodiversidad.es\/en\/?s={search_term_string}"},"query-input":{"@type":"PropertyValueSpecification","valueRequired":true,"valueName":"search_term_string"}}],"inLanguage":"en-US"}]}},"_links":{"self":[{"href":"https:\/\/fundacion-biodiversidad.es\/en\/wp-json\/wp\/v2\/actualidad_home\/97858179","targetHints":{"allow":["GET"]}}],"collection":[{"href":"https:\/\/fundacion-biodiversidad.es\/en\/wp-json\/wp\/v2\/actualidad_home"}],"about":[{"href":"https:\/\/fundacion-biodiversidad.es\/en\/wp-json\/wp\/v2\/types\/actualidad_home"}],"author":[{"embeddable":true,"href":"https:\/\/fundacion-biodiversidad.es\/en\/wp-json\/wp\/v2\/users\/11"}],"wp:featuredmedia":[{"embeddable":true,"href":"https:\/\/fundacion-biodiversidad.es\/en\/wp-json\/wp\/v2\/media\/35705"}],"wp:attachment":[{"href":"https:\/\/fundacion-biodiversidad.es\/en\/wp-json\/wp\/v2\/media?parent=97858179"}],"wp:term":[{"taxonomy":"palabras_clave","embeddable":true,"href":"https:\/\/fundacion-biodiversidad.es\/en\/wp-json\/wp\/v2\/palabras_clave?post=97858179"}],"curies":[{"name":"wp","href":"https:\/\/api.w.org\/{rel}","templated":true}]}}