{"id":97858180,"date":"2016-05-04T15:25:07","date_gmt":"2016-05-04T13:25:07","guid":{"rendered":"https:\/\/fundacion-biodiversidad.es\/actualidad_home\/the-seville-headquarters-of-the-biodiversity-foundation-hosts-the-assembly-of-the-spanish-committee-of-the-iucn\/"},"modified":"2016-05-04T15:25:07","modified_gmt":"2016-05-04T13:25:07","slug":"the-seville-headquarters-of-the-biodiversity-foundation-hosts-the-assembly-of-the-spanish-committee-of-the-iucn","status":"publish","type":"actualidad_home","link":"https:\/\/fundacion-biodiversidad.es\/en\/actualidad_home\/the-seville-headquarters-of-the-biodiversity-foundation-hosts-the-assembly-of-the-spanish-committee-of-the-iucn\/","title":{"rendered":"The Seville headquarters of the Biodiversity Foundation hosts the Assembly of the Spanish Committee of the IUCN"},"content":{"rendered":"<p>The headquarters of the Biodiversity Foundation in Seville, located in the central square of the Patio de Banderas, has hosted the <strong>Assembly of members of the Spanish Committee of the International Union for Conservation of Nature<\/strong> (IUCN). The Spanish Committee of the IUCN, which brings together 40 entities, including the Biodiversity Foundation itself, aims to preserve natural heritage and biological diversity, acting as a platform for meeting and debate among them. <\/p>\n<p>  This conference was attended by the director of the Foundation, Sonia Casta\u00f1eda, who received the attendees at the headquarters and reminded them of the availability offered by the Biodiversity Foundation to &#8220;<strong>hold environmental activities in this historic headquarters<\/strong> located in a privileged space&#8221;.<\/p>\n<p>  During the following days, the <strong>International Forum on Nature Conservation<\/strong> will be held, also in Seville, in which the Biodiversity Foundation will participate. This Forum, which will be attended by nearly <strong>150 representatives of different organizations and institutions<\/strong>, will analyze the state of nature protection in Spain and the roadmap of conservationism until 2020. &nbsp;<\/p>\n","protected":false},"author":11,"featured_media":35704,"template":"","meta":{"_acf_changed":false},"palabras_clave":[402,173,377,401],"class_list":["post-97858180","actualidad_home","type-actualidad_home","status-publish","has-post-thumbnail","hentry","palabras_clave-asamblea","palabras_clave-naturaleza","palabras_clave-sevilla","palabras_clave-uicn"],"acf":[],"yoast_head":"<!-- This site is optimized with the Yoast SEO plugin v26.9 - https:\/\/yoast.com\/product\/yoast-seo-wordpress\/ -->\n<title>The Seville headquarters of the Biodiversity Foundation hosts the Assembly of the Spanish Committee of the IUCN - Fundaci\u00f3n Biodiversidad<\/title>\n<meta name=\"robots\" content=\"index, follow, max-snippet:-1, max-image-preview:large, max-video-preview:-1\" \/>\n<link rel=\"canonical\" href=\"https:\/\/fundacion-biodiversidad.es\/en\/actualidad_home\/the-seville-headquarters-of-the-biodiversity-foundation-hosts-the-assembly-of-the-spanish-committee-of-the-iucn\/\" \/>\n<meta property=\"og:locale\" content=\"en_US\" \/>\n<meta property=\"og:type\" content=\"article\" \/>\n<meta property=\"og:title\" content=\"The Seville headquarters of the Biodiversity Foundation hosts the Assembly of the Spanish Committee of the IUCN - Fundaci\u00f3n Biodiversidad\" \/>\n<meta property=\"og:description\" content=\"The headquarters of the Biodiversity Foundation in Seville, located in the central square of the Patio de Banderas, has hosted the Assembly of members of [&hellip;]\" \/>\n<meta property=\"og:url\" content=\"https:\/\/fundacion-biodiversidad.es\/en\/actualidad_home\/the-seville-headquarters-of-the-biodiversity-foundation-hosts-the-assembly-of-the-spanish-committee-of-the-iucn\/\" \/>\n<meta property=\"og:site_name\" content=\"Fundaci\u00f3n Biodiversidad\" \/>\n<meta property=\"og:image\" content=\"https:\/\/fundacion-biodiversidad.es\/wp-content\/uploads\/2023\/01\/2487661294_35330241_720x405.png\" \/>\n\t<meta property=\"og:image:width\" content=\"720\" \/>\n\t<meta property=\"og:image:height\" content=\"405\" \/>\n\t<meta property=\"og:image:type\" content=\"image\/png\" \/>\n<meta name=\"twitter:card\" content=\"summary_large_image\" \/>\n<meta name=\"twitter:label1\" content=\"Est. reading time\" \/>\n\t<meta name=\"twitter:data1\" content=\"1 minute\" \/>\n<script type=\"application\/ld+json\" class=\"yoast-schema-graph\">{\"@context\":\"https:\/\/schema.org\",\"@graph\":[{\"@type\":\"WebPage\",\"@id\":\"https:\/\/fundacion-biodiversidad.es\/en\/actualidad_home\/the-seville-headquarters-of-the-biodiversity-foundation-hosts-the-assembly-of-the-spanish-committee-of-the-iucn\/\",\"url\":\"https:\/\/fundacion-biodiversidad.es\/en\/actualidad_home\/the-seville-headquarters-of-the-biodiversity-foundation-hosts-the-assembly-of-the-spanish-committee-of-the-iucn\/\",\"name\":\"The Seville headquarters of the Biodiversity Foundation hosts the Assembly of the Spanish Committee of the IUCN - Fundaci\u00f3n Biodiversidad\",\"isPartOf\":{\"@id\":\"https:\/\/fundacion-biodiversidad.es\/en\/#website\"},\"primaryImageOfPage\":{\"@id\":\"https:\/\/fundacion-biodiversidad.es\/en\/actualidad_home\/the-seville-headquarters-of-the-biodiversity-foundation-hosts-the-assembly-of-the-spanish-committee-of-the-iucn\/#primaryimage\"},\"image\":{\"@id\":\"https:\/\/fundacion-biodiversidad.es\/en\/actualidad_home\/the-seville-headquarters-of-the-biodiversity-foundation-hosts-the-assembly-of-the-spanish-committee-of-the-iucn\/#primaryimage\"},\"thumbnailUrl\":\"https:\/\/fundacion-biodiversidad.es\/wp-content\/uploads\/2016\/06\/foto_de_grupo.png\",\"datePublished\":\"2016-05-04T13:25:07+00:00\",\"breadcrumb\":{\"@id\":\"https:\/\/fundacion-biodiversidad.es\/en\/actualidad_home\/the-seville-headquarters-of-the-biodiversity-foundation-hosts-the-assembly-of-the-spanish-committee-of-the-iucn\/#breadcrumb\"},\"inLanguage\":\"en-US\",\"potentialAction\":[{\"@type\":\"ReadAction\",\"target\":[\"https:\/\/fundacion-biodiversidad.es\/en\/actualidad_home\/the-seville-headquarters-of-the-biodiversity-foundation-hosts-the-assembly-of-the-spanish-committee-of-the-iucn\/\"]}]},{\"@type\":\"ImageObject\",\"inLanguage\":\"en-US\",\"@id\":\"https:\/\/fundacion-biodiversidad.es\/en\/actualidad_home\/the-seville-headquarters-of-the-biodiversity-foundation-hosts-the-assembly-of-the-spanish-committee-of-the-iucn\/#primaryimage\",\"url\":\"https:\/\/fundacion-biodiversidad.es\/wp-content\/uploads\/2016\/06\/foto_de_grupo.png\",\"contentUrl\":\"https:\/\/fundacion-biodiversidad.es\/wp-content\/uploads\/2016\/06\/foto_de_grupo.png\",\"width\":480,\"height\":319},{\"@type\":\"BreadcrumbList\",\"@id\":\"https:\/\/fundacion-biodiversidad.es\/en\/actualidad_home\/the-seville-headquarters-of-the-biodiversity-foundation-hosts-the-assembly-of-the-spanish-committee-of-the-iucn\/#breadcrumb\",\"itemListElement\":[{\"@type\":\"ListItem\",\"position\":1,\"name\":\"Portada\",\"item\":\"https:\/\/fundacion-biodiversidad.es\/en\/inicio\/\"},{\"@type\":\"ListItem\",\"position\":2,\"name\":\"Noticias de actualidad\",\"item\":\"https:\/\/fundacion-biodiversidad.es\/en\/actualidad_home\/\"},{\"@type\":\"ListItem\",\"position\":3,\"name\":\"The Seville headquarters of the Biodiversity Foundation hosts the Assembly of the Spanish Committee of the IUCN\"}]},{\"@type\":\"WebSite\",\"@id\":\"https:\/\/fundacion-biodiversidad.es\/en\/#website\",\"url\":\"https:\/\/fundacion-biodiversidad.es\/en\/\",\"name\":\"Fundaci\u00f3n Biodiversidad\",\"description\":\"Fundaci\u00f3n p\u00fablica adscrita al Ministerio para la Transici\u00f3n Ecol\u00f3gica\",\"potentialAction\":[{\"@type\":\"SearchAction\",\"target\":{\"@type\":\"EntryPoint\",\"urlTemplate\":\"https:\/\/fundacion-biodiversidad.es\/en\/?s={search_term_string}\"},\"query-input\":{\"@type\":\"PropertyValueSpecification\",\"valueRequired\":true,\"valueName\":\"search_term_string\"}}],\"inLanguage\":\"en-US\"}]}<\/script>\n<!-- \/ Yoast SEO plugin. -->","yoast_head_json":{"title":"The Seville headquarters of the Biodiversity Foundation hosts the Assembly of the Spanish Committee of the IUCN - Fundaci\u00f3n Biodiversidad","robots":{"index":"index","follow":"follow","max-snippet":"max-snippet:-1","max-image-preview":"max-image-preview:large","max-video-preview":"max-video-preview:-1"},"canonical":"https:\/\/fundacion-biodiversidad.es\/en\/actualidad_home\/the-seville-headquarters-of-the-biodiversity-foundation-hosts-the-assembly-of-the-spanish-committee-of-the-iucn\/","og_locale":"en_US","og_type":"article","og_title":"The Seville headquarters of the Biodiversity Foundation hosts the Assembly of the Spanish Committee of the IUCN - Fundaci\u00f3n Biodiversidad","og_description":"The headquarters of the Biodiversity Foundation in Seville, located in the central square of the Patio de Banderas, has hosted the Assembly of members of [&hellip;]","og_url":"https:\/\/fundacion-biodiversidad.es\/en\/actualidad_home\/the-seville-headquarters-of-the-biodiversity-foundation-hosts-the-assembly-of-the-spanish-committee-of-the-iucn\/","og_site_name":"Fundaci\u00f3n Biodiversidad","og_image":[{"width":720,"height":405,"url":"https:\/\/fundacion-biodiversidad.es\/wp-content\/uploads\/2023\/01\/2487661294_35330241_720x405.png","type":"image\/png"}],"twitter_card":"summary_large_image","twitter_misc":{"Est. reading time":"1 minute"},"schema":{"@context":"https:\/\/schema.org","@graph":[{"@type":"WebPage","@id":"https:\/\/fundacion-biodiversidad.es\/en\/actualidad_home\/the-seville-headquarters-of-the-biodiversity-foundation-hosts-the-assembly-of-the-spanish-committee-of-the-iucn\/","url":"https:\/\/fundacion-biodiversidad.es\/en\/actualidad_home\/the-seville-headquarters-of-the-biodiversity-foundation-hosts-the-assembly-of-the-spanish-committee-of-the-iucn\/","name":"The Seville headquarters of the Biodiversity Foundation hosts the Assembly of the Spanish Committee of the IUCN - Fundaci\u00f3n Biodiversidad","isPartOf":{"@id":"https:\/\/fundacion-biodiversidad.es\/en\/#website"},"primaryImageOfPage":{"@id":"https:\/\/fundacion-biodiversidad.es\/en\/actualidad_home\/the-seville-headquarters-of-the-biodiversity-foundation-hosts-the-assembly-of-the-spanish-committee-of-the-iucn\/#primaryimage"},"image":{"@id":"https:\/\/fundacion-biodiversidad.es\/en\/actualidad_home\/the-seville-headquarters-of-the-biodiversity-foundation-hosts-the-assembly-of-the-spanish-committee-of-the-iucn\/#primaryimage"},"thumbnailUrl":"https:\/\/fundacion-biodiversidad.es\/wp-content\/uploads\/2016\/06\/foto_de_grupo.png","datePublished":"2016-05-04T13:25:07+00:00","breadcrumb":{"@id":"https:\/\/fundacion-biodiversidad.es\/en\/actualidad_home\/the-seville-headquarters-of-the-biodiversity-foundation-hosts-the-assembly-of-the-spanish-committee-of-the-iucn\/#breadcrumb"},"inLanguage":"en-US","potentialAction":[{"@type":"ReadAction","target":["https:\/\/fundacion-biodiversidad.es\/en\/actualidad_home\/the-seville-headquarters-of-the-biodiversity-foundation-hosts-the-assembly-of-the-spanish-committee-of-the-iucn\/"]}]},{"@type":"ImageObject","inLanguage":"en-US","@id":"https:\/\/fundacion-biodiversidad.es\/en\/actualidad_home\/the-seville-headquarters-of-the-biodiversity-foundation-hosts-the-assembly-of-the-spanish-committee-of-the-iucn\/#primaryimage","url":"https:\/\/fundacion-biodiversidad.es\/wp-content\/uploads\/2016\/06\/foto_de_grupo.png","contentUrl":"https:\/\/fundacion-biodiversidad.es\/wp-content\/uploads\/2016\/06\/foto_de_grupo.png","width":480,"height":319},{"@type":"BreadcrumbList","@id":"https:\/\/fundacion-biodiversidad.es\/en\/actualidad_home\/the-seville-headquarters-of-the-biodiversity-foundation-hosts-the-assembly-of-the-spanish-committee-of-the-iucn\/#breadcrumb","itemListElement":[{"@type":"ListItem","position":1,"name":"Portada","item":"https:\/\/fundacion-biodiversidad.es\/en\/inicio\/"},{"@type":"ListItem","position":2,"name":"Noticias de actualidad","item":"https:\/\/fundacion-biodiversidad.es\/en\/actualidad_home\/"},{"@type":"ListItem","position":3,"name":"The Seville headquarters of the Biodiversity Foundation hosts the Assembly of the Spanish Committee of the IUCN"}]},{"@type":"WebSite","@id":"https:\/\/fundacion-biodiversidad.es\/en\/#website","url":"https:\/\/fundacion-biodiversidad.es\/en\/","name":"Fundaci\u00f3n Biodiversidad","description":"Fundaci\u00f3n p\u00fablica adscrita al Ministerio para la Transici\u00f3n Ecol\u00f3gica","potentialAction":[{"@type":"SearchAction","target":{"@type":"EntryPoint","urlTemplate":"https:\/\/fundacion-biodiversidad.es\/en\/?s={search_term_string}"},"query-input":{"@type":"PropertyValueSpecification","valueRequired":true,"valueName":"search_term_string"}}],"inLanguage":"en-US"}]}},"_links":{"self":[{"href":"https:\/\/fundacion-biodiversidad.es\/en\/wp-json\/wp\/v2\/actualidad_home\/97858180","targetHints":{"allow":["GET"]}}],"collection":[{"href":"https:\/\/fundacion-biodiversidad.es\/en\/wp-json\/wp\/v2\/actualidad_home"}],"about":[{"href":"https:\/\/fundacion-biodiversidad.es\/en\/wp-json\/wp\/v2\/types\/actualidad_home"}],"author":[{"embeddable":true,"href":"https:\/\/fundacion-biodiversidad.es\/en\/wp-json\/wp\/v2\/users\/11"}],"wp:featuredmedia":[{"embeddable":true,"href":"https:\/\/fundacion-biodiversidad.es\/en\/wp-json\/wp\/v2\/media\/35704"}],"wp:attachment":[{"href":"https:\/\/fundacion-biodiversidad.es\/en\/wp-json\/wp\/v2\/media?parent=97858180"}],"wp:term":[{"taxonomy":"palabras_clave","embeddable":true,"href":"https:\/\/fundacion-biodiversidad.es\/en\/wp-json\/wp\/v2\/palabras_clave?post=97858180"}],"curies":[{"name":"wp","href":"https:\/\/api.w.org\/{rel}","templated":true}]}}