{"id":97858181,"date":"2016-03-23T09:00:00","date_gmt":"2016-03-23T08:00:00","guid":{"rendered":"https:\/\/fundacion-biodiversidad.es\/actualidad_home\/recognition-of-aemets-volunteer-collaborators-on-world-meteorological-day\/"},"modified":"2016-03-23T09:00:00","modified_gmt":"2016-03-23T08:00:00","slug":"recognition-of-aemets-volunteer-collaborators-on-world-meteorological-day","status":"publish","type":"actualidad_home","link":"https:\/\/fundacion-biodiversidad.es\/en\/actualidad_home\/recognition-of-aemets-volunteer-collaborators-on-world-meteorological-day\/","title":{"rendered":"Recognition of AEMET&#8217;s volunteer collaborators on World Meteorological Day"},"content":{"rendered":"<p>The Secretary of State for the Environment, Pablo Saavedra, presided over the commemorative event of World <a href=\"http:\/\/fundacion-biodiversidad.es\/prensa\/agenda\/dia-meteorologico-mundial-2\" target=\"_blank\" rel=\"noopener\"><strong>Meteorological Day<\/strong><\/a> held at the headquarters of the State Meteorological Agency (AEMET).<br \/>\n&nbsp;<br \/>  The celebratory events revolved around the slogan <strong>&#8220;Warmer, drier, wetter. Let&#8217;s face the future&#8221;,<\/strong> chosen this year by the World Meteorological Organization (WMO), which allows us to raise awareness about the variability that awaits us in meteorological matters, as scientific studies published in recent years have already collected.<br \/>\n&nbsp;<br \/>  In this context, according to Saavedra, <a href=\"http:\/\/www.magrama.gob.es\/es\/prensa\/160317saavedradiameteorologicomundial_tcm7-415287_noticia.pdf\" target=\"_blank\" rel=\"noopener\"><strong>prediction and prevention policies will be essential to minimize their negative impacts<\/strong><\/a>. &#8220;Our generation has the enormous responsibility to face the challenge of climate change,&#8221; said the Secretary of State, who valued that the agreements reached last year at the Paris Climate Summit (COP 21) constitute &#8220;a decisive opportunity to establish policies aimed at consolidating sustainable development and curbing the effects of climate change.&#8221; <br \/>\n&nbsp;<br \/>  AEMET celebrates this World Meteorological Day <strong>by recognising the Agency&#8217;s professionals who have participated in more than ten Antarctic campaigns<\/strong>, such as Juan Mar\u00eda Cisneros Sanchiz, Alberto Castej\u00f3n de la Cuesta and Manuel Ba\u00f1\u00f3n Garc\u00eda. Six other professionals have been honoured in the territorial delegations of AEMET. <br \/>\n&nbsp;<br \/>  In addition, the Agency thanked the captain of the ship &#8220;Esperanza del Mar&#8221;, Roberto Gonz\u00e1lez D\u00edaz, for his collaboration with the Agency by carrying out meteorological surveys from his boat in the waters of the Canary archipelago.<br \/>\n&nbsp;<br \/>  In the same way, a special mention was made to two <strong>collaborators who have turned more than a hundred years<\/strong> old. In this case, the recognition has been for Juan Mosquera Candal, 102 years old, in charge of the rainfall and phenological station of Montaos, in Ordes (Santiago de Compostela) since 1948 and Bittor Garaigordobil Berrizbeitia, 101 years old and collaborator of the automatic station of the Sanctuary of Urkiola. <\/p>\n<p>\n&nbsp;<\/p>\n","protected":false},"author":11,"featured_media":35688,"template":"","meta":{"_acf_changed":false},"palabras_clave":[390,331,272],"class_list":["post-97858181","actualidad_home","type-actualidad_home","status-publish","has-post-thumbnail","hentry","palabras_clave-aemet","palabras_clave-clima","palabras_clave-voluntarios"],"acf":[],"yoast_head":"<!-- This site is optimized with the Yoast SEO plugin v26.9 - https:\/\/yoast.com\/product\/yoast-seo-wordpress\/ -->\n<title>Recognition of AEMET&#039;s volunteer collaborators on World Meteorological Day - Fundaci\u00f3n Biodiversidad<\/title>\n<meta name=\"robots\" content=\"index, follow, max-snippet:-1, max-image-preview:large, max-video-preview:-1\" \/>\n<link rel=\"canonical\" href=\"https:\/\/fundacion-biodiversidad.es\/en\/actualidad_home\/recognition-of-aemets-volunteer-collaborators-on-world-meteorological-day\/\" \/>\n<meta property=\"og:locale\" content=\"en_US\" \/>\n<meta property=\"og:type\" content=\"article\" \/>\n<meta property=\"og:title\" content=\"Recognition of AEMET&#039;s volunteer collaborators on World Meteorological Day - Fundaci\u00f3n Biodiversidad\" \/>\n<meta property=\"og:description\" content=\"The Secretary of State for the Environment, Pablo Saavedra, presided over the commemorative event of World Meteorological Day held at the headquarters of the State [&hellip;]\" \/>\n<meta property=\"og:url\" content=\"https:\/\/fundacion-biodiversidad.es\/en\/actualidad_home\/recognition-of-aemets-volunteer-collaborators-on-world-meteorological-day\/\" \/>\n<meta property=\"og:site_name\" content=\"Fundaci\u00f3n Biodiversidad\" \/>\n<meta property=\"og:image\" content=\"https:\/\/fundacion-biodiversidad.es\/wp-content\/uploads\/2023\/01\/2487661294_35330241_720x405.png\" \/>\n\t<meta property=\"og:image:width\" content=\"720\" \/>\n\t<meta property=\"og:image:height\" content=\"405\" \/>\n\t<meta property=\"og:image:type\" content=\"image\/png\" \/>\n<meta name=\"twitter:card\" content=\"summary_large_image\" \/>\n<meta name=\"twitter:label1\" content=\"Est. reading time\" \/>\n\t<meta name=\"twitter:data1\" content=\"2 minutes\" \/>\n<script type=\"application\/ld+json\" class=\"yoast-schema-graph\">{\"@context\":\"https:\/\/schema.org\",\"@graph\":[{\"@type\":\"WebPage\",\"@id\":\"https:\/\/fundacion-biodiversidad.es\/en\/actualidad_home\/recognition-of-aemets-volunteer-collaborators-on-world-meteorological-day\/\",\"url\":\"https:\/\/fundacion-biodiversidad.es\/en\/actualidad_home\/recognition-of-aemets-volunteer-collaborators-on-world-meteorological-day\/\",\"name\":\"Recognition of AEMET's volunteer collaborators on World Meteorological Day - Fundaci\u00f3n Biodiversidad\",\"isPartOf\":{\"@id\":\"https:\/\/fundacion-biodiversidad.es\/en\/#website\"},\"primaryImageOfPage\":{\"@id\":\"https:\/\/fundacion-biodiversidad.es\/en\/actualidad_home\/recognition-of-aemets-volunteer-collaborators-on-world-meteorological-day\/#primaryimage\"},\"image\":{\"@id\":\"https:\/\/fundacion-biodiversidad.es\/en\/actualidad_home\/recognition-of-aemets-volunteer-collaborators-on-world-meteorological-day\/#primaryimage\"},\"thumbnailUrl\":\"https:\/\/fundacion-biodiversidad.es\/wp-content\/uploads\/2016\/03\/aemet.jpg\",\"datePublished\":\"2016-03-23T08:00:00+00:00\",\"breadcrumb\":{\"@id\":\"https:\/\/fundacion-biodiversidad.es\/en\/actualidad_home\/recognition-of-aemets-volunteer-collaborators-on-world-meteorological-day\/#breadcrumb\"},\"inLanguage\":\"en-US\",\"potentialAction\":[{\"@type\":\"ReadAction\",\"target\":[\"https:\/\/fundacion-biodiversidad.es\/en\/actualidad_home\/recognition-of-aemets-volunteer-collaborators-on-world-meteorological-day\/\"]}]},{\"@type\":\"ImageObject\",\"inLanguage\":\"en-US\",\"@id\":\"https:\/\/fundacion-biodiversidad.es\/en\/actualidad_home\/recognition-of-aemets-volunteer-collaborators-on-world-meteorological-day\/#primaryimage\",\"url\":\"https:\/\/fundacion-biodiversidad.es\/wp-content\/uploads\/2016\/03\/aemet.jpg\",\"contentUrl\":\"https:\/\/fundacion-biodiversidad.es\/wp-content\/uploads\/2016\/03\/aemet.jpg\",\"width\":1448,\"height\":946},{\"@type\":\"BreadcrumbList\",\"@id\":\"https:\/\/fundacion-biodiversidad.es\/en\/actualidad_home\/recognition-of-aemets-volunteer-collaborators-on-world-meteorological-day\/#breadcrumb\",\"itemListElement\":[{\"@type\":\"ListItem\",\"position\":1,\"name\":\"Portada\",\"item\":\"https:\/\/fundacion-biodiversidad.es\/en\/inicio\/\"},{\"@type\":\"ListItem\",\"position\":2,\"name\":\"Noticias de actualidad\",\"item\":\"https:\/\/fundacion-biodiversidad.es\/en\/actualidad_home\/\"},{\"@type\":\"ListItem\",\"position\":3,\"name\":\"Recognition of AEMET&#8217;s volunteer collaborators on World Meteorological Day\"}]},{\"@type\":\"WebSite\",\"@id\":\"https:\/\/fundacion-biodiversidad.es\/en\/#website\",\"url\":\"https:\/\/fundacion-biodiversidad.es\/en\/\",\"name\":\"Fundaci\u00f3n Biodiversidad\",\"description\":\"Fundaci\u00f3n p\u00fablica adscrita al Ministerio para la Transici\u00f3n Ecol\u00f3gica\",\"potentialAction\":[{\"@type\":\"SearchAction\",\"target\":{\"@type\":\"EntryPoint\",\"urlTemplate\":\"https:\/\/fundacion-biodiversidad.es\/en\/?s={search_term_string}\"},\"query-input\":{\"@type\":\"PropertyValueSpecification\",\"valueRequired\":true,\"valueName\":\"search_term_string\"}}],\"inLanguage\":\"en-US\"}]}<\/script>\n<!-- \/ Yoast SEO plugin. -->","yoast_head_json":{"title":"Recognition of AEMET's volunteer collaborators on World Meteorological Day - Fundaci\u00f3n Biodiversidad","robots":{"index":"index","follow":"follow","max-snippet":"max-snippet:-1","max-image-preview":"max-image-preview:large","max-video-preview":"max-video-preview:-1"},"canonical":"https:\/\/fundacion-biodiversidad.es\/en\/actualidad_home\/recognition-of-aemets-volunteer-collaborators-on-world-meteorological-day\/","og_locale":"en_US","og_type":"article","og_title":"Recognition of AEMET's volunteer collaborators on World Meteorological Day - Fundaci\u00f3n Biodiversidad","og_description":"The Secretary of State for the Environment, Pablo Saavedra, presided over the commemorative event of World Meteorological Day held at the headquarters of the State [&hellip;]","og_url":"https:\/\/fundacion-biodiversidad.es\/en\/actualidad_home\/recognition-of-aemets-volunteer-collaborators-on-world-meteorological-day\/","og_site_name":"Fundaci\u00f3n Biodiversidad","og_image":[{"width":720,"height":405,"url":"https:\/\/fundacion-biodiversidad.es\/wp-content\/uploads\/2023\/01\/2487661294_35330241_720x405.png","type":"image\/png"}],"twitter_card":"summary_large_image","twitter_misc":{"Est. reading time":"2 minutes"},"schema":{"@context":"https:\/\/schema.org","@graph":[{"@type":"WebPage","@id":"https:\/\/fundacion-biodiversidad.es\/en\/actualidad_home\/recognition-of-aemets-volunteer-collaborators-on-world-meteorological-day\/","url":"https:\/\/fundacion-biodiversidad.es\/en\/actualidad_home\/recognition-of-aemets-volunteer-collaborators-on-world-meteorological-day\/","name":"Recognition of AEMET's volunteer collaborators on World Meteorological Day - Fundaci\u00f3n Biodiversidad","isPartOf":{"@id":"https:\/\/fundacion-biodiversidad.es\/en\/#website"},"primaryImageOfPage":{"@id":"https:\/\/fundacion-biodiversidad.es\/en\/actualidad_home\/recognition-of-aemets-volunteer-collaborators-on-world-meteorological-day\/#primaryimage"},"image":{"@id":"https:\/\/fundacion-biodiversidad.es\/en\/actualidad_home\/recognition-of-aemets-volunteer-collaborators-on-world-meteorological-day\/#primaryimage"},"thumbnailUrl":"https:\/\/fundacion-biodiversidad.es\/wp-content\/uploads\/2016\/03\/aemet.jpg","datePublished":"2016-03-23T08:00:00+00:00","breadcrumb":{"@id":"https:\/\/fundacion-biodiversidad.es\/en\/actualidad_home\/recognition-of-aemets-volunteer-collaborators-on-world-meteorological-day\/#breadcrumb"},"inLanguage":"en-US","potentialAction":[{"@type":"ReadAction","target":["https:\/\/fundacion-biodiversidad.es\/en\/actualidad_home\/recognition-of-aemets-volunteer-collaborators-on-world-meteorological-day\/"]}]},{"@type":"ImageObject","inLanguage":"en-US","@id":"https:\/\/fundacion-biodiversidad.es\/en\/actualidad_home\/recognition-of-aemets-volunteer-collaborators-on-world-meteorological-day\/#primaryimage","url":"https:\/\/fundacion-biodiversidad.es\/wp-content\/uploads\/2016\/03\/aemet.jpg","contentUrl":"https:\/\/fundacion-biodiversidad.es\/wp-content\/uploads\/2016\/03\/aemet.jpg","width":1448,"height":946},{"@type":"BreadcrumbList","@id":"https:\/\/fundacion-biodiversidad.es\/en\/actualidad_home\/recognition-of-aemets-volunteer-collaborators-on-world-meteorological-day\/#breadcrumb","itemListElement":[{"@type":"ListItem","position":1,"name":"Portada","item":"https:\/\/fundacion-biodiversidad.es\/en\/inicio\/"},{"@type":"ListItem","position":2,"name":"Noticias de actualidad","item":"https:\/\/fundacion-biodiversidad.es\/en\/actualidad_home\/"},{"@type":"ListItem","position":3,"name":"Recognition of AEMET&#8217;s volunteer collaborators on World Meteorological Day"}]},{"@type":"WebSite","@id":"https:\/\/fundacion-biodiversidad.es\/en\/#website","url":"https:\/\/fundacion-biodiversidad.es\/en\/","name":"Fundaci\u00f3n Biodiversidad","description":"Fundaci\u00f3n p\u00fablica adscrita al Ministerio para la Transici\u00f3n Ecol\u00f3gica","potentialAction":[{"@type":"SearchAction","target":{"@type":"EntryPoint","urlTemplate":"https:\/\/fundacion-biodiversidad.es\/en\/?s={search_term_string}"},"query-input":{"@type":"PropertyValueSpecification","valueRequired":true,"valueName":"search_term_string"}}],"inLanguage":"en-US"}]}},"_links":{"self":[{"href":"https:\/\/fundacion-biodiversidad.es\/en\/wp-json\/wp\/v2\/actualidad_home\/97858181","targetHints":{"allow":["GET"]}}],"collection":[{"href":"https:\/\/fundacion-biodiversidad.es\/en\/wp-json\/wp\/v2\/actualidad_home"}],"about":[{"href":"https:\/\/fundacion-biodiversidad.es\/en\/wp-json\/wp\/v2\/types\/actualidad_home"}],"author":[{"embeddable":true,"href":"https:\/\/fundacion-biodiversidad.es\/en\/wp-json\/wp\/v2\/users\/11"}],"wp:featuredmedia":[{"embeddable":true,"href":"https:\/\/fundacion-biodiversidad.es\/en\/wp-json\/wp\/v2\/media\/35688"}],"wp:attachment":[{"href":"https:\/\/fundacion-biodiversidad.es\/en\/wp-json\/wp\/v2\/media?parent=97858181"}],"wp:term":[{"taxonomy":"palabras_clave","embeddable":true,"href":"https:\/\/fundacion-biodiversidad.es\/en\/wp-json\/wp\/v2\/palabras_clave?post=97858181"}],"curies":[{"name":"wp","href":"https:\/\/api.w.org\/{rel}","templated":true}]}}