{"id":97858185,"date":"2018-06-12T16:27:39","date_gmt":"2018-06-12T14:27:39","guid":{"rendered":"https:\/\/fundacion-biodiversidad.es\/actualidad_home\/we-received-the-gold-medal-of-the-spanish-red-cross\/"},"modified":"2018-06-12T16:27:39","modified_gmt":"2018-06-12T14:27:39","slug":"we-received-the-gold-medal-of-the-spanish-red-cross","status":"publish","type":"actualidad_home","link":"https:\/\/fundacion-biodiversidad.es\/en\/actualidad_home\/we-received-the-gold-medal-of-the-spanish-red-cross\/","title":{"rendered":"We received the Gold Medal of the Spanish Red Cross"},"content":{"rendered":"<p>The Minister of Agriculture and Fisheries, Food and the Environment, Isabel Garc\u00eda Tejerina, and President of the Board of Trustees of the Biodiversity Foundation, today received from Her Majesty Queen Letizia, the Gold Medal of the Red Cross, awarded for our career on our twentieth anniversary. The Spanish Red Cross has highlighted our development of activities of general interest in the field of conservation, study and sustainable use of biodiversity.<br \/>\n<!--more--><\/p>\n<p>The Minister of Agriculture and Fisheries, Food and the Environment, Isabel Garc\u00eda Tejerina, and President of the Board of Trustees of the Biodiversity Foundation, received today from Her Majesty Queen Letizia, the <strong>Gold Medal of the Red Cross, awarded for our career in our<\/strong>&nbsp;<strong>twentieth anniversary<\/strong>. The Spanish Red Cross has highlighted our development of activities of general interest in the field of conservation, study and sustainable use of biodiversity. <\/p>\n<p>Her Majesty, accompanied by the minister, was received at the Palacio de Congresos y Exposiciones de Galicia, in Santiago de Compostela, by the president of the Xunta de Galicia, Alberto N\u00fa\u00f1ez Feijoo; by the president of the Parliament of Galicia, Miguel Santalices; by the Government delegate in the autonomous community, Santiago Villanueva; by the mayor of Santiago de Compostela, Marti\u00f1o Noriega; and by the president of the Spanish Red Cross, Javier Senent.<\/p>\n<p><strong>More than 150 million euros to conserve biodiversity<\/strong><\/p>\n<p><strong>We are celebrating our 20th anniversary<\/strong> and we are currently the<strong> only public foundation in Spain dedicated to the conservation of biodiversity<\/strong>. We are the main donor to biodiversity projects in our country and since our creation in 1998<strong> we have supported nearly 2,000 projects and more than 1,000 entities with more than 150 million euros for conservation projects<\/strong>. <\/p>\n<p>We channel aid and funds and execute large conservation projects co-financed by European funds. <strong>During these 20 years we have participated in or coordinated 11 European projects<\/strong> that have channelled 77 million euros for the conservation of biodiversity in Spain. Currently, we coordinate the largest marine conservation project in Europe, <a href=\"http:\/\/fundacion-biodiversidad.es\/es\/biodiversidad-marina-y-litoral\/proyectos-propios\/life-ip-paf-intemares\">LIFE Infrastructure<\/a>, which aims to contribute to the fulfillment of international commitments to <strong>protect more than 10% of our marine area<\/strong>. <\/p>\n<p><strong>200 species have improved their conservation status<\/strong><\/p>\n<p>In these 20 years, we have worked with about 200 species. Thanks to this work, the conservation status of such emblematic species in Spain as <strong>the Iberian lynx, the brown bear, the imperial eagle, the loggerhead turtle or the posidonia<\/strong> has been improved. We have also supported the recovery, reintroduction or captive reproduction of more than 15 species such as the <strong>black vulture, the bearded vulture, the red kite, the Bonelli&#8217;s eagle or the European mink.<\/strong><\/p>\n<p>In relation to the conservation of ecosystems, we have worked on the declaration, management, conservation and\/or financing of the Natura 2000 Network, National Parks and Biosphere Reserves as well as other regional protection figures.<\/p>\n<p><strong>Promoting green jobs and sustainable fisheries management<\/strong><\/p>\n<p>We promote green employment and entrepreneurship in Spain through the <a href=\"http:\/\/empleaverde.es\/\">Empleaverde Programme<\/a>, co-financed by the European Social Fund. Endowed with <strong>68 million euros<\/strong> , it aims <strong>to support more than 300 projects<\/strong> that promote a more sustainable, circular and low-emission economy. From 2017 to 2023, it is expected to have contributed to the creation of 4,800 jobs and the training of 24,000 people, in addition to supporting 3,000 companies. It also has <strong>the largest community in the green entrepreneurship ecosystem in Spain, the <a href=\"http:\/\/www.redemprendeverde.es\/\">Emprendeverde Network<\/a><\/strong>, with 8,700 members.&nbsp;<\/p>\n<p>In terms of fisheries, we work on the integration of fisheries management policies and biodiversity conservation within the framework of the <a href=\"http:\/\/fundacion-biodiversidad.es\/es\/biodiversidad-marina-y-litoral\/proyectos-propios\/programa-pleamar\"><strong>Pleamar Programme<\/strong><\/a>, co-financed with the European Maritime and Fisheries Fund. It has a budget <strong>of 30 million euros<\/strong> and aims <strong>to support, until 2023, more than 200 projects <\/strong>that contribute to the protection and recovery of marine biodiversity, the practice of more sustainable fishing and aquaculture activities and the reinforcement of the management of these activities in marine protected areas.<\/p>\n","protected":false},"author":11,"featured_media":35903,"template":"","meta":{"_acf_changed":false},"palabras_clave":[],"class_list":["post-97858185","actualidad_home","type-actualidad_home","status-publish","has-post-thumbnail","hentry"],"acf":[],"yoast_head":"<!-- This site is optimized with the Yoast SEO plugin v26.9 - https:\/\/yoast.com\/product\/yoast-seo-wordpress\/ -->\n<title>We received the Gold Medal of the Spanish Red Cross - Fundaci\u00f3n Biodiversidad<\/title>\n<meta name=\"robots\" content=\"index, follow, max-snippet:-1, max-image-preview:large, max-video-preview:-1\" \/>\n<link rel=\"canonical\" href=\"https:\/\/fundacion-biodiversidad.es\/en\/actualidad_home\/we-received-the-gold-medal-of-the-spanish-red-cross\/\" \/>\n<meta property=\"og:locale\" content=\"en_US\" \/>\n<meta property=\"og:type\" content=\"article\" \/>\n<meta property=\"og:title\" content=\"We received the Gold Medal of the Spanish Red Cross - Fundaci\u00f3n Biodiversidad\" \/>\n<meta property=\"og:description\" content=\"The Minister of Agriculture and Fisheries, Food and the Environment, Isabel Garc\u00eda Tejerina, and President of the Board of Trustees of the Biodiversity Foundation, today [&hellip;]\" \/>\n<meta property=\"og:url\" content=\"https:\/\/fundacion-biodiversidad.es\/en\/actualidad_home\/we-received-the-gold-medal-of-the-spanish-red-cross\/\" \/>\n<meta property=\"og:site_name\" content=\"Fundaci\u00f3n Biodiversidad\" \/>\n<meta property=\"og:image\" content=\"https:\/\/fundacion-biodiversidad.es\/wp-content\/uploads\/2023\/01\/2487661294_35330241_720x405.png\" \/>\n\t<meta property=\"og:image:width\" content=\"720\" \/>\n\t<meta property=\"og:image:height\" content=\"405\" \/>\n\t<meta property=\"og:image:type\" content=\"image\/png\" \/>\n<meta name=\"twitter:card\" content=\"summary_large_image\" \/>\n<meta name=\"twitter:label1\" content=\"Est. reading time\" \/>\n\t<meta name=\"twitter:data1\" content=\"3 minutes\" \/>\n<script type=\"application\/ld+json\" class=\"yoast-schema-graph\">{\"@context\":\"https:\/\/schema.org\",\"@graph\":[{\"@type\":\"WebPage\",\"@id\":\"https:\/\/fundacion-biodiversidad.es\/en\/actualidad_home\/we-received-the-gold-medal-of-the-spanish-red-cross\/\",\"url\":\"https:\/\/fundacion-biodiversidad.es\/en\/actualidad_home\/we-received-the-gold-medal-of-the-spanish-red-cross\/\",\"name\":\"We received the Gold Medal of the Spanish Red Cross - Fundaci\u00f3n Biodiversidad\",\"isPartOf\":{\"@id\":\"https:\/\/fundacion-biodiversidad.es\/en\/#website\"},\"primaryImageOfPage\":{\"@id\":\"https:\/\/fundacion-biodiversidad.es\/en\/actualidad_home\/we-received-the-gold-medal-of-the-spanish-red-cross\/#primaryimage\"},\"image\":{\"@id\":\"https:\/\/fundacion-biodiversidad.es\/en\/actualidad_home\/we-received-the-gold-medal-of-the-spanish-red-cross\/#primaryimage\"},\"thumbnailUrl\":\"https:\/\/fundacion-biodiversidad.es\/wp-content\/uploads\/2018\/06\/su-majestad-la-reina-dona-letizia-entrega-la-medalla-de-oro-de-cruz-roja-espanola.jpg\",\"datePublished\":\"2018-06-12T14:27:39+00:00\",\"breadcrumb\":{\"@id\":\"https:\/\/fundacion-biodiversidad.es\/en\/actualidad_home\/we-received-the-gold-medal-of-the-spanish-red-cross\/#breadcrumb\"},\"inLanguage\":\"en-US\",\"potentialAction\":[{\"@type\":\"ReadAction\",\"target\":[\"https:\/\/fundacion-biodiversidad.es\/en\/actualidad_home\/we-received-the-gold-medal-of-the-spanish-red-cross\/\"]}]},{\"@type\":\"ImageObject\",\"inLanguage\":\"en-US\",\"@id\":\"https:\/\/fundacion-biodiversidad.es\/en\/actualidad_home\/we-received-the-gold-medal-of-the-spanish-red-cross\/#primaryimage\",\"url\":\"https:\/\/fundacion-biodiversidad.es\/wp-content\/uploads\/2018\/06\/su-majestad-la-reina-dona-letizia-entrega-la-medalla-de-oro-de-cruz-roja-espanola.jpg\",\"contentUrl\":\"https:\/\/fundacion-biodiversidad.es\/wp-content\/uploads\/2018\/06\/su-majestad-la-reina-dona-letizia-entrega-la-medalla-de-oro-de-cruz-roja-espanola.jpg\",\"width\":747,\"height\":340},{\"@type\":\"BreadcrumbList\",\"@id\":\"https:\/\/fundacion-biodiversidad.es\/en\/actualidad_home\/we-received-the-gold-medal-of-the-spanish-red-cross\/#breadcrumb\",\"itemListElement\":[{\"@type\":\"ListItem\",\"position\":1,\"name\":\"Portada\",\"item\":\"https:\/\/fundacion-biodiversidad.es\/en\/inicio\/\"},{\"@type\":\"ListItem\",\"position\":2,\"name\":\"Noticias de actualidad\",\"item\":\"https:\/\/fundacion-biodiversidad.es\/en\/actualidad_home\/\"},{\"@type\":\"ListItem\",\"position\":3,\"name\":\"We received the Gold Medal of the Spanish Red Cross\"}]},{\"@type\":\"WebSite\",\"@id\":\"https:\/\/fundacion-biodiversidad.es\/en\/#website\",\"url\":\"https:\/\/fundacion-biodiversidad.es\/en\/\",\"name\":\"Fundaci\u00f3n Biodiversidad\",\"description\":\"Fundaci\u00f3n p\u00fablica adscrita al Ministerio para la Transici\u00f3n Ecol\u00f3gica\",\"potentialAction\":[{\"@type\":\"SearchAction\",\"target\":{\"@type\":\"EntryPoint\",\"urlTemplate\":\"https:\/\/fundacion-biodiversidad.es\/en\/?s={search_term_string}\"},\"query-input\":{\"@type\":\"PropertyValueSpecification\",\"valueRequired\":true,\"valueName\":\"search_term_string\"}}],\"inLanguage\":\"en-US\"}]}<\/script>\n<!-- \/ Yoast SEO plugin. -->","yoast_head_json":{"title":"We received the Gold Medal of the Spanish Red Cross - Fundaci\u00f3n Biodiversidad","robots":{"index":"index","follow":"follow","max-snippet":"max-snippet:-1","max-image-preview":"max-image-preview:large","max-video-preview":"max-video-preview:-1"},"canonical":"https:\/\/fundacion-biodiversidad.es\/en\/actualidad_home\/we-received-the-gold-medal-of-the-spanish-red-cross\/","og_locale":"en_US","og_type":"article","og_title":"We received the Gold Medal of the Spanish Red Cross - Fundaci\u00f3n Biodiversidad","og_description":"The Minister of Agriculture and Fisheries, Food and the Environment, Isabel Garc\u00eda Tejerina, and President of the Board of Trustees of the Biodiversity Foundation, today [&hellip;]","og_url":"https:\/\/fundacion-biodiversidad.es\/en\/actualidad_home\/we-received-the-gold-medal-of-the-spanish-red-cross\/","og_site_name":"Fundaci\u00f3n Biodiversidad","og_image":[{"width":720,"height":405,"url":"https:\/\/fundacion-biodiversidad.es\/wp-content\/uploads\/2023\/01\/2487661294_35330241_720x405.png","type":"image\/png"}],"twitter_card":"summary_large_image","twitter_misc":{"Est. reading time":"3 minutes"},"schema":{"@context":"https:\/\/schema.org","@graph":[{"@type":"WebPage","@id":"https:\/\/fundacion-biodiversidad.es\/en\/actualidad_home\/we-received-the-gold-medal-of-the-spanish-red-cross\/","url":"https:\/\/fundacion-biodiversidad.es\/en\/actualidad_home\/we-received-the-gold-medal-of-the-spanish-red-cross\/","name":"We received the Gold Medal of the Spanish Red Cross - Fundaci\u00f3n Biodiversidad","isPartOf":{"@id":"https:\/\/fundacion-biodiversidad.es\/en\/#website"},"primaryImageOfPage":{"@id":"https:\/\/fundacion-biodiversidad.es\/en\/actualidad_home\/we-received-the-gold-medal-of-the-spanish-red-cross\/#primaryimage"},"image":{"@id":"https:\/\/fundacion-biodiversidad.es\/en\/actualidad_home\/we-received-the-gold-medal-of-the-spanish-red-cross\/#primaryimage"},"thumbnailUrl":"https:\/\/fundacion-biodiversidad.es\/wp-content\/uploads\/2018\/06\/su-majestad-la-reina-dona-letizia-entrega-la-medalla-de-oro-de-cruz-roja-espanola.jpg","datePublished":"2018-06-12T14:27:39+00:00","breadcrumb":{"@id":"https:\/\/fundacion-biodiversidad.es\/en\/actualidad_home\/we-received-the-gold-medal-of-the-spanish-red-cross\/#breadcrumb"},"inLanguage":"en-US","potentialAction":[{"@type":"ReadAction","target":["https:\/\/fundacion-biodiversidad.es\/en\/actualidad_home\/we-received-the-gold-medal-of-the-spanish-red-cross\/"]}]},{"@type":"ImageObject","inLanguage":"en-US","@id":"https:\/\/fundacion-biodiversidad.es\/en\/actualidad_home\/we-received-the-gold-medal-of-the-spanish-red-cross\/#primaryimage","url":"https:\/\/fundacion-biodiversidad.es\/wp-content\/uploads\/2018\/06\/su-majestad-la-reina-dona-letizia-entrega-la-medalla-de-oro-de-cruz-roja-espanola.jpg","contentUrl":"https:\/\/fundacion-biodiversidad.es\/wp-content\/uploads\/2018\/06\/su-majestad-la-reina-dona-letizia-entrega-la-medalla-de-oro-de-cruz-roja-espanola.jpg","width":747,"height":340},{"@type":"BreadcrumbList","@id":"https:\/\/fundacion-biodiversidad.es\/en\/actualidad_home\/we-received-the-gold-medal-of-the-spanish-red-cross\/#breadcrumb","itemListElement":[{"@type":"ListItem","position":1,"name":"Portada","item":"https:\/\/fundacion-biodiversidad.es\/en\/inicio\/"},{"@type":"ListItem","position":2,"name":"Noticias de actualidad","item":"https:\/\/fundacion-biodiversidad.es\/en\/actualidad_home\/"},{"@type":"ListItem","position":3,"name":"We received the Gold Medal of the Spanish Red Cross"}]},{"@type":"WebSite","@id":"https:\/\/fundacion-biodiversidad.es\/en\/#website","url":"https:\/\/fundacion-biodiversidad.es\/en\/","name":"Fundaci\u00f3n Biodiversidad","description":"Fundaci\u00f3n p\u00fablica adscrita al Ministerio para la Transici\u00f3n Ecol\u00f3gica","potentialAction":[{"@type":"SearchAction","target":{"@type":"EntryPoint","urlTemplate":"https:\/\/fundacion-biodiversidad.es\/en\/?s={search_term_string}"},"query-input":{"@type":"PropertyValueSpecification","valueRequired":true,"valueName":"search_term_string"}}],"inLanguage":"en-US"}]}},"_links":{"self":[{"href":"https:\/\/fundacion-biodiversidad.es\/en\/wp-json\/wp\/v2\/actualidad_home\/97858185","targetHints":{"allow":["GET"]}}],"collection":[{"href":"https:\/\/fundacion-biodiversidad.es\/en\/wp-json\/wp\/v2\/actualidad_home"}],"about":[{"href":"https:\/\/fundacion-biodiversidad.es\/en\/wp-json\/wp\/v2\/types\/actualidad_home"}],"author":[{"embeddable":true,"href":"https:\/\/fundacion-biodiversidad.es\/en\/wp-json\/wp\/v2\/users\/11"}],"wp:featuredmedia":[{"embeddable":true,"href":"https:\/\/fundacion-biodiversidad.es\/en\/wp-json\/wp\/v2\/media\/35903"}],"wp:attachment":[{"href":"https:\/\/fundacion-biodiversidad.es\/en\/wp-json\/wp\/v2\/media?parent=97858185"}],"wp:term":[{"taxonomy":"palabras_clave","embeddable":true,"href":"https:\/\/fundacion-biodiversidad.es\/en\/wp-json\/wp\/v2\/palabras_clave?post=97858185"}],"curies":[{"name":"wp","href":"https:\/\/api.w.org\/{rel}","templated":true}]}}