{"id":97858189,"date":"2018-05-30T15:17:08","date_gmt":"2018-05-30T13:17:08","guid":{"rendered":"https:\/\/fundacion-biodiversidad.es\/actualidad_home\/we-launch-a-climate-change-scenario-viewer-at-adaptecca\/"},"modified":"2018-05-30T15:17:08","modified_gmt":"2018-05-30T13:17:08","slug":"we-launch-a-climate-change-scenario-viewer-at-adaptecca","status":"publish","type":"actualidad_home","link":"https:\/\/fundacion-biodiversidad.es\/en\/actualidad_home\/we-launch-a-climate-change-scenario-viewer-at-adaptecca\/","title":{"rendered":"We launch a climate change scenario viewer at AdapteCCa"},"content":{"rendered":"<p>We have just presented a new <strong><a href=\"http:\/\/escenarios.adaptecca.es\/\">climate change scenario viewer<\/a><\/strong> from the <a href=\"http:\/\/adaptecca.es\/\"><strong>National Platform on Adaptation to Climate Change (AdapteCCa),<\/strong><\/a> a tool that allows any user to consult regionalized climate change projections for Spain.<\/p>\n<p>This viewer, which has been developed within the framework of the <a href=\"http:\/\/www.lifeshara.com\/es\"><strong>LIFE SHARA<\/strong><\/a> project and the <em><strong>National Plan for Adaptation to Climate Change<\/strong><\/em> (PNACC), is an initiative of the Spanish Office for Climate Change, the State Meteorological Agency (AEMET) and the Biodiversity Foundation, and in which the Spanish National Research Council (CSIC) has collaborated. This tool places Spain at the forefront of countries that promote interactive climate projections. <\/p>\n<p>This new application <strong>allows you to consult and download information based on different criteria<\/strong> such as: specific geographical areas (autonomous communities, provinces, municipalities, river basins, SPAs, etc.), climatic variables (there are 21 indices related to precipitation, temperature, humidity and wind), two emission scenarios (RCP 4.5 and 8.5), as well as a reference-historical scenario and by year or season.<\/p>\n<p>The viewer is mainly based on two data sources: point projections from the <a href=\"http:\/\/www.aemet.es\/es\/serviciosclimaticos\/cambio_climat\/datos_diarios\"><strong>State Meteorological Agency (AEMET<\/strong>)<\/a> and grid projections from the international <a href=\"https:\/\/www.euro-cordex.net\/\"><strong>Euro-CORDEX<\/strong><\/a> initiative. The products offered come from projections with daily data generated using dynamic and statistical regionalization techniques. <\/p>\n<p><strong>The objective of this tool is to provide quality and up-to-date information on the future climate<\/strong> accessible to all <strong>audiences, also to facilitate the development of impact studies<\/strong>, and to implement <strong>measures to adapt to climate change<\/strong>.<\/p>\n<p>This new viewer was created as a tool open to continuous improvement, open to the needs of different sectors and with flexibility to incorporate new data sources in the medium term.<\/p>\n<p>The <a href=\"http:\/\/www.lifeshara.com\/es\"><strong>LIFE SHARA project &#8220;Awareness and knowledge for adaptation to climate change&#8221;<\/strong><\/a> aims to strengthen governance and increase resilience to climate change in Spain and Portugal. LIFE SHARA is coordinated by the Ministry of Agriculture and Fisheries, Food and the Environment, through the Biodiversity Foundation, technically directed by the Spanish Office for Climate Change and also with the participation of the AEMET, the Autonomous Agency of National Parks -through the National Center for Environmental Education (CENEAM)- and the Portuguese Environment Agency. <\/p>\n<p><strong>Do you want to know more about our climate change adaptation projects?<\/strong><\/p>\n<p>Check out our website&nbsp;<a href=\"http:\/\/www.lifeshara.com\/\" target=\"_blank\" rel=\"noopener\">http:\/\/www.lifeshara.com\/<\/a> to access all project information. You can also follow us on Twitter @FBiodiversidad where through the hashtag #LIFESHARA and #Adaptaci\u00f3nCC, we keep you informad@ of all the news and performances. <\/p>\n<p>To keep up to date with the latest developments in the project, <strong>we recommend that you subscribe to the <\/strong><a href=\"http:\/\/www.adaptecca.es\/\" target=\"_blank\" rel=\"noopener\">AdapteCCa<\/a> newsletter (Platform for the exchange and consultation of information on adaptation to climate change in Spain), or subscribe to <a href=\"http:\/\/www.lifeshara.com\/es\/prensa\/boletin\" target=\"_blank\" rel=\"noopener\">our newsletter<\/a> with the <strong>most outstanding news and developments on adaptation to climate change<\/strong>.<\/p>\n","protected":false},"author":11,"featured_media":35901,"template":"","meta":{"_acf_changed":false},"palabras_clave":[],"class_list":["post-97858189","actualidad_home","type-actualidad_home","status-publish","has-post-thumbnail","hentry"],"acf":[],"yoast_head":"<!-- This site is optimized with the Yoast SEO plugin v26.9 - https:\/\/yoast.com\/product\/yoast-seo-wordpress\/ -->\n<title>We launch a climate change scenario viewer at AdapteCCa - Fundaci\u00f3n Biodiversidad<\/title>\n<meta name=\"robots\" content=\"index, follow, max-snippet:-1, max-image-preview:large, max-video-preview:-1\" \/>\n<link rel=\"canonical\" href=\"https:\/\/fundacion-biodiversidad.es\/en\/actualidad_home\/we-launch-a-climate-change-scenario-viewer-at-adaptecca\/\" \/>\n<meta property=\"og:locale\" content=\"en_US\" \/>\n<meta property=\"og:type\" content=\"article\" \/>\n<meta property=\"og:title\" content=\"We launch a climate change scenario viewer at AdapteCCa - Fundaci\u00f3n Biodiversidad\" \/>\n<meta property=\"og:description\" content=\"We have just presented a new climate change scenario viewer from the National Platform on Adaptation to Climate Change (AdapteCCa), a tool that allows any [&hellip;]\" \/>\n<meta property=\"og:url\" content=\"https:\/\/fundacion-biodiversidad.es\/en\/actualidad_home\/we-launch-a-climate-change-scenario-viewer-at-adaptecca\/\" \/>\n<meta property=\"og:site_name\" content=\"Fundaci\u00f3n Biodiversidad\" \/>\n<meta property=\"og:image\" content=\"https:\/\/fundacion-biodiversidad.es\/wp-content\/uploads\/2023\/01\/2487661294_35330241_720x405.png\" \/>\n\t<meta property=\"og:image:width\" content=\"720\" \/>\n\t<meta property=\"og:image:height\" content=\"405\" \/>\n\t<meta property=\"og:image:type\" content=\"image\/png\" \/>\n<meta name=\"twitter:card\" content=\"summary_large_image\" \/>\n<meta name=\"twitter:label1\" content=\"Est. reading time\" \/>\n\t<meta name=\"twitter:data1\" content=\"2 minutes\" \/>\n<script type=\"application\/ld+json\" class=\"yoast-schema-graph\">{\"@context\":\"https:\/\/schema.org\",\"@graph\":[{\"@type\":\"WebPage\",\"@id\":\"https:\/\/fundacion-biodiversidad.es\/en\/actualidad_home\/we-launch-a-climate-change-scenario-viewer-at-adaptecca\/\",\"url\":\"https:\/\/fundacion-biodiversidad.es\/en\/actualidad_home\/we-launch-a-climate-change-scenario-viewer-at-adaptecca\/\",\"name\":\"We launch a climate change scenario viewer at AdapteCCa - Fundaci\u00f3n Biodiversidad\",\"isPartOf\":{\"@id\":\"https:\/\/fundacion-biodiversidad.es\/en\/#website\"},\"primaryImageOfPage\":{\"@id\":\"https:\/\/fundacion-biodiversidad.es\/en\/actualidad_home\/we-launch-a-climate-change-scenario-viewer-at-adaptecca\/#primaryimage\"},\"image\":{\"@id\":\"https:\/\/fundacion-biodiversidad.es\/en\/actualidad_home\/we-launch-a-climate-change-scenario-viewer-at-adaptecca\/#primaryimage\"},\"thumbnailUrl\":\"https:\/\/fundacion-biodiversidad.es\/wp-content\/uploads\/2018\/05\/captura_de_pantalla_2018-05-26_a_las_9.47.00.png\",\"datePublished\":\"2018-05-30T13:17:08+00:00\",\"breadcrumb\":{\"@id\":\"https:\/\/fundacion-biodiversidad.es\/en\/actualidad_home\/we-launch-a-climate-change-scenario-viewer-at-adaptecca\/#breadcrumb\"},\"inLanguage\":\"en-US\",\"potentialAction\":[{\"@type\":\"ReadAction\",\"target\":[\"https:\/\/fundacion-biodiversidad.es\/en\/actualidad_home\/we-launch-a-climate-change-scenario-viewer-at-adaptecca\/\"]}]},{\"@type\":\"ImageObject\",\"inLanguage\":\"en-US\",\"@id\":\"https:\/\/fundacion-biodiversidad.es\/en\/actualidad_home\/we-launch-a-climate-change-scenario-viewer-at-adaptecca\/#primaryimage\",\"url\":\"https:\/\/fundacion-biodiversidad.es\/wp-content\/uploads\/2018\/05\/captura_de_pantalla_2018-05-26_a_las_9.47.00.png\",\"contentUrl\":\"https:\/\/fundacion-biodiversidad.es\/wp-content\/uploads\/2018\/05\/captura_de_pantalla_2018-05-26_a_las_9.47.00.png\",\"width\":747,\"height\":340},{\"@type\":\"BreadcrumbList\",\"@id\":\"https:\/\/fundacion-biodiversidad.es\/en\/actualidad_home\/we-launch-a-climate-change-scenario-viewer-at-adaptecca\/#breadcrumb\",\"itemListElement\":[{\"@type\":\"ListItem\",\"position\":1,\"name\":\"Portada\",\"item\":\"https:\/\/fundacion-biodiversidad.es\/en\/inicio\/\"},{\"@type\":\"ListItem\",\"position\":2,\"name\":\"Noticias de actualidad\",\"item\":\"https:\/\/fundacion-biodiversidad.es\/en\/actualidad_home\/\"},{\"@type\":\"ListItem\",\"position\":3,\"name\":\"We launch a climate change scenario viewer at AdapteCCa\"}]},{\"@type\":\"WebSite\",\"@id\":\"https:\/\/fundacion-biodiversidad.es\/en\/#website\",\"url\":\"https:\/\/fundacion-biodiversidad.es\/en\/\",\"name\":\"Fundaci\u00f3n Biodiversidad\",\"description\":\"Fundaci\u00f3n p\u00fablica adscrita al Ministerio para la Transici\u00f3n Ecol\u00f3gica\",\"potentialAction\":[{\"@type\":\"SearchAction\",\"target\":{\"@type\":\"EntryPoint\",\"urlTemplate\":\"https:\/\/fundacion-biodiversidad.es\/en\/?s={search_term_string}\"},\"query-input\":{\"@type\":\"PropertyValueSpecification\",\"valueRequired\":true,\"valueName\":\"search_term_string\"}}],\"inLanguage\":\"en-US\"}]}<\/script>\n<!-- \/ Yoast SEO plugin. -->","yoast_head_json":{"title":"We launch a climate change scenario viewer at AdapteCCa - Fundaci\u00f3n Biodiversidad","robots":{"index":"index","follow":"follow","max-snippet":"max-snippet:-1","max-image-preview":"max-image-preview:large","max-video-preview":"max-video-preview:-1"},"canonical":"https:\/\/fundacion-biodiversidad.es\/en\/actualidad_home\/we-launch-a-climate-change-scenario-viewer-at-adaptecca\/","og_locale":"en_US","og_type":"article","og_title":"We launch a climate change scenario viewer at AdapteCCa - Fundaci\u00f3n Biodiversidad","og_description":"We have just presented a new climate change scenario viewer from the National Platform on Adaptation to Climate Change (AdapteCCa), a tool that allows any [&hellip;]","og_url":"https:\/\/fundacion-biodiversidad.es\/en\/actualidad_home\/we-launch-a-climate-change-scenario-viewer-at-adaptecca\/","og_site_name":"Fundaci\u00f3n Biodiversidad","og_image":[{"width":720,"height":405,"url":"https:\/\/fundacion-biodiversidad.es\/wp-content\/uploads\/2023\/01\/2487661294_35330241_720x405.png","type":"image\/png"}],"twitter_card":"summary_large_image","twitter_misc":{"Est. reading time":"2 minutes"},"schema":{"@context":"https:\/\/schema.org","@graph":[{"@type":"WebPage","@id":"https:\/\/fundacion-biodiversidad.es\/en\/actualidad_home\/we-launch-a-climate-change-scenario-viewer-at-adaptecca\/","url":"https:\/\/fundacion-biodiversidad.es\/en\/actualidad_home\/we-launch-a-climate-change-scenario-viewer-at-adaptecca\/","name":"We launch a climate change scenario viewer at AdapteCCa - Fundaci\u00f3n Biodiversidad","isPartOf":{"@id":"https:\/\/fundacion-biodiversidad.es\/en\/#website"},"primaryImageOfPage":{"@id":"https:\/\/fundacion-biodiversidad.es\/en\/actualidad_home\/we-launch-a-climate-change-scenario-viewer-at-adaptecca\/#primaryimage"},"image":{"@id":"https:\/\/fundacion-biodiversidad.es\/en\/actualidad_home\/we-launch-a-climate-change-scenario-viewer-at-adaptecca\/#primaryimage"},"thumbnailUrl":"https:\/\/fundacion-biodiversidad.es\/wp-content\/uploads\/2018\/05\/captura_de_pantalla_2018-05-26_a_las_9.47.00.png","datePublished":"2018-05-30T13:17:08+00:00","breadcrumb":{"@id":"https:\/\/fundacion-biodiversidad.es\/en\/actualidad_home\/we-launch-a-climate-change-scenario-viewer-at-adaptecca\/#breadcrumb"},"inLanguage":"en-US","potentialAction":[{"@type":"ReadAction","target":["https:\/\/fundacion-biodiversidad.es\/en\/actualidad_home\/we-launch-a-climate-change-scenario-viewer-at-adaptecca\/"]}]},{"@type":"ImageObject","inLanguage":"en-US","@id":"https:\/\/fundacion-biodiversidad.es\/en\/actualidad_home\/we-launch-a-climate-change-scenario-viewer-at-adaptecca\/#primaryimage","url":"https:\/\/fundacion-biodiversidad.es\/wp-content\/uploads\/2018\/05\/captura_de_pantalla_2018-05-26_a_las_9.47.00.png","contentUrl":"https:\/\/fundacion-biodiversidad.es\/wp-content\/uploads\/2018\/05\/captura_de_pantalla_2018-05-26_a_las_9.47.00.png","width":747,"height":340},{"@type":"BreadcrumbList","@id":"https:\/\/fundacion-biodiversidad.es\/en\/actualidad_home\/we-launch-a-climate-change-scenario-viewer-at-adaptecca\/#breadcrumb","itemListElement":[{"@type":"ListItem","position":1,"name":"Portada","item":"https:\/\/fundacion-biodiversidad.es\/en\/inicio\/"},{"@type":"ListItem","position":2,"name":"Noticias de actualidad","item":"https:\/\/fundacion-biodiversidad.es\/en\/actualidad_home\/"},{"@type":"ListItem","position":3,"name":"We launch a climate change scenario viewer at AdapteCCa"}]},{"@type":"WebSite","@id":"https:\/\/fundacion-biodiversidad.es\/en\/#website","url":"https:\/\/fundacion-biodiversidad.es\/en\/","name":"Fundaci\u00f3n Biodiversidad","description":"Fundaci\u00f3n p\u00fablica adscrita al Ministerio para la Transici\u00f3n Ecol\u00f3gica","potentialAction":[{"@type":"SearchAction","target":{"@type":"EntryPoint","urlTemplate":"https:\/\/fundacion-biodiversidad.es\/en\/?s={search_term_string}"},"query-input":{"@type":"PropertyValueSpecification","valueRequired":true,"valueName":"search_term_string"}}],"inLanguage":"en-US"}]}},"_links":{"self":[{"href":"https:\/\/fundacion-biodiversidad.es\/en\/wp-json\/wp\/v2\/actualidad_home\/97858189","targetHints":{"allow":["GET"]}}],"collection":[{"href":"https:\/\/fundacion-biodiversidad.es\/en\/wp-json\/wp\/v2\/actualidad_home"}],"about":[{"href":"https:\/\/fundacion-biodiversidad.es\/en\/wp-json\/wp\/v2\/types\/actualidad_home"}],"author":[{"embeddable":true,"href":"https:\/\/fundacion-biodiversidad.es\/en\/wp-json\/wp\/v2\/users\/11"}],"wp:featuredmedia":[{"embeddable":true,"href":"https:\/\/fundacion-biodiversidad.es\/en\/wp-json\/wp\/v2\/media\/35901"}],"wp:attachment":[{"href":"https:\/\/fundacion-biodiversidad.es\/en\/wp-json\/wp\/v2\/media?parent=97858189"}],"wp:term":[{"taxonomy":"palabras_clave","embeddable":true,"href":"https:\/\/fundacion-biodiversidad.es\/en\/wp-json\/wp\/v2\/palabras_clave?post=97858189"}],"curies":[{"name":"wp","href":"https:\/\/api.w.org\/{rel}","templated":true}]}}