{"id":97858190,"date":"2018-06-12T16:42:12","date_gmt":"2018-06-12T14:42:12","guid":{"rendered":"https:\/\/fundacion-biodiversidad.es\/actualidad_home\/the-biodiversity-foundation-team-joins-forces-to-reduce-plastic-in-the-oceans\/"},"modified":"2018-06-12T16:42:12","modified_gmt":"2018-06-12T14:42:12","slug":"the-biodiversity-foundation-team-joins-forces-to-reduce-plastic-in-the-oceans","status":"publish","type":"actualidad_home","link":"https:\/\/fundacion-biodiversidad.es\/en\/actualidad_home\/the-biodiversity-foundation-team-joins-forces-to-reduce-plastic-in-the-oceans\/","title":{"rendered":"The Biodiversity Foundation team joins forces to reduce plastic in the oceans"},"content":{"rendered":"<p>The Biodiversity Foundation wants to celebrate World Oceans Day, which takes place today, June 8, and World Environment Day, which was commemorated last Tuesday, June 5, with an initiative full of meaning.<br \/>\n<!--more--><\/p>\n<p>The Biodiversity Foundation wants to celebrate <a href=\"http:\/\/www.un.org\/es\/events\/oceansday\/\" target=\"_blank\" rel=\"noopener\">World Oceans Day<\/a>, which takes place today, June 8, and <a href=\"http:\/\/www.un.org\/es\/events\/environmentday\/\" target=\"_blank\" rel=\"noopener\">World Environment Day<\/a>, which was commemorated last Tuesday, June 5, with an initiative full of meaning.<\/p>\n<p>This year the two days have emphasised the <strong>need to put an end to the use of plastics <\/strong>and propose solutions for cleaner ecosystems and oceans. From the Biodiversity Foundation we want to do our bit to contribute to a world without plastic and that is why <strong>its entire team is going to start using stainless steel lunch boxes<\/strong>, leaving aside the traditional plastic lunch boxes to store food. <\/p>\n<p>Lunch boxes whose raw material has been purchased from a Spanish company and which have been manufactured entirely in Spain, with minimal waste production.<\/p>\n<p><strong>Stainless steel is a material that can be continuously recycled<\/strong>, so its ecological advantages are clear. In addition, unlike other materials, it is safe and does not alter the organoleptic properties of food. It has good corrosion resistance and great durability.  <\/p>\n<p>According to UN data<strong>, 8 million tons of plastic end up in our oceans every year, causing serious damage to wildlife, fisheries resources and tourism. <\/strong>One million seabirds and 100,000 marine mammals lose their lives every year due to plastic pollution of the oceans. On the occasion of the celebration of World Environment Day, this year the United Nations has insisted on the need to reject disposable plastic due to the serious damage it causes to natural ecosystems. <\/p>\n<p>At the Biodiversity Foundation we are aware that<strong> reducing the use of plastic is an essential gesture to safeguard biodiversity<\/strong> and ecosystems and that is why we join this task of all with the use of these stainless steel lunch boxes.<\/p>\n","protected":false},"author":11,"featured_media":35905,"template":"","meta":{"_acf_changed":false},"palabras_clave":[],"class_list":["post-97858190","actualidad_home","type-actualidad_home","status-publish","has-post-thumbnail","hentry"],"acf":[],"yoast_head":"<!-- This site is optimized with the Yoast SEO plugin v26.9 - https:\/\/yoast.com\/product\/yoast-seo-wordpress\/ -->\n<title>The Biodiversity Foundation team joins forces to reduce plastic in the oceans - Fundaci\u00f3n Biodiversidad<\/title>\n<meta name=\"robots\" content=\"index, follow, max-snippet:-1, max-image-preview:large, max-video-preview:-1\" \/>\n<link rel=\"canonical\" href=\"https:\/\/fundacion-biodiversidad.es\/en\/actualidad_home\/the-biodiversity-foundation-team-joins-forces-to-reduce-plastic-in-the-oceans\/\" \/>\n<meta property=\"og:locale\" content=\"en_US\" \/>\n<meta property=\"og:type\" content=\"article\" \/>\n<meta property=\"og:title\" content=\"The Biodiversity Foundation team joins forces to reduce plastic in the oceans - Fundaci\u00f3n Biodiversidad\" \/>\n<meta property=\"og:description\" content=\"The Biodiversity Foundation wants to celebrate World Oceans Day, which takes place today, June 8, and World Environment Day, which was commemorated last Tuesday, June [&hellip;]\" \/>\n<meta property=\"og:url\" content=\"https:\/\/fundacion-biodiversidad.es\/en\/actualidad_home\/the-biodiversity-foundation-team-joins-forces-to-reduce-plastic-in-the-oceans\/\" \/>\n<meta property=\"og:site_name\" content=\"Fundaci\u00f3n Biodiversidad\" \/>\n<meta property=\"og:image\" content=\"https:\/\/fundacion-biodiversidad.es\/wp-content\/uploads\/2023\/01\/2487661294_35330241_720x405.png\" \/>\n\t<meta property=\"og:image:width\" content=\"720\" \/>\n\t<meta property=\"og:image:height\" content=\"405\" \/>\n\t<meta property=\"og:image:type\" content=\"image\/png\" \/>\n<meta name=\"twitter:card\" content=\"summary_large_image\" \/>\n<meta name=\"twitter:label1\" content=\"Est. reading time\" \/>\n\t<meta name=\"twitter:data1\" content=\"2 minutes\" \/>\n<script type=\"application\/ld+json\" class=\"yoast-schema-graph\">{\"@context\":\"https:\/\/schema.org\",\"@graph\":[{\"@type\":\"WebPage\",\"@id\":\"https:\/\/fundacion-biodiversidad.es\/en\/actualidad_home\/the-biodiversity-foundation-team-joins-forces-to-reduce-plastic-in-the-oceans\/\",\"url\":\"https:\/\/fundacion-biodiversidad.es\/en\/actualidad_home\/the-biodiversity-foundation-team-joins-forces-to-reduce-plastic-in-the-oceans\/\",\"name\":\"The Biodiversity Foundation team joins forces to reduce plastic in the oceans - Fundaci\u00f3n Biodiversidad\",\"isPartOf\":{\"@id\":\"https:\/\/fundacion-biodiversidad.es\/en\/#website\"},\"primaryImageOfPage\":{\"@id\":\"https:\/\/fundacion-biodiversidad.es\/en\/actualidad_home\/the-biodiversity-foundation-team-joins-forces-to-reduce-plastic-in-the-oceans\/#primaryimage\"},\"image\":{\"@id\":\"https:\/\/fundacion-biodiversidad.es\/en\/actualidad_home\/the-biodiversity-foundation-team-joins-forces-to-reduce-plastic-in-the-oceans\/#primaryimage\"},\"thumbnailUrl\":\"https:\/\/fundacion-biodiversidad.es\/wp-content\/uploads\/2018\/06\/fiambreras.jpg\",\"datePublished\":\"2018-06-12T14:42:12+00:00\",\"breadcrumb\":{\"@id\":\"https:\/\/fundacion-biodiversidad.es\/en\/actualidad_home\/the-biodiversity-foundation-team-joins-forces-to-reduce-plastic-in-the-oceans\/#breadcrumb\"},\"inLanguage\":\"en-US\",\"potentialAction\":[{\"@type\":\"ReadAction\",\"target\":[\"https:\/\/fundacion-biodiversidad.es\/en\/actualidad_home\/the-biodiversity-foundation-team-joins-forces-to-reduce-plastic-in-the-oceans\/\"]}]},{\"@type\":\"ImageObject\",\"inLanguage\":\"en-US\",\"@id\":\"https:\/\/fundacion-biodiversidad.es\/en\/actualidad_home\/the-biodiversity-foundation-team-joins-forces-to-reduce-plastic-in-the-oceans\/#primaryimage\",\"url\":\"https:\/\/fundacion-biodiversidad.es\/wp-content\/uploads\/2018\/06\/fiambreras.jpg\",\"contentUrl\":\"https:\/\/fundacion-biodiversidad.es\/wp-content\/uploads\/2018\/06\/fiambreras.jpg\",\"width\":747,\"height\":340},{\"@type\":\"BreadcrumbList\",\"@id\":\"https:\/\/fundacion-biodiversidad.es\/en\/actualidad_home\/the-biodiversity-foundation-team-joins-forces-to-reduce-plastic-in-the-oceans\/#breadcrumb\",\"itemListElement\":[{\"@type\":\"ListItem\",\"position\":1,\"name\":\"Portada\",\"item\":\"https:\/\/fundacion-biodiversidad.es\/en\/inicio\/\"},{\"@type\":\"ListItem\",\"position\":2,\"name\":\"Noticias de actualidad\",\"item\":\"https:\/\/fundacion-biodiversidad.es\/en\/actualidad_home\/\"},{\"@type\":\"ListItem\",\"position\":3,\"name\":\"The Biodiversity Foundation team joins forces to reduce plastic in the oceans\"}]},{\"@type\":\"WebSite\",\"@id\":\"https:\/\/fundacion-biodiversidad.es\/en\/#website\",\"url\":\"https:\/\/fundacion-biodiversidad.es\/en\/\",\"name\":\"Fundaci\u00f3n Biodiversidad\",\"description\":\"Fundaci\u00f3n p\u00fablica adscrita al Ministerio para la Transici\u00f3n Ecol\u00f3gica\",\"potentialAction\":[{\"@type\":\"SearchAction\",\"target\":{\"@type\":\"EntryPoint\",\"urlTemplate\":\"https:\/\/fundacion-biodiversidad.es\/en\/?s={search_term_string}\"},\"query-input\":{\"@type\":\"PropertyValueSpecification\",\"valueRequired\":true,\"valueName\":\"search_term_string\"}}],\"inLanguage\":\"en-US\"}]}<\/script>\n<!-- \/ Yoast SEO plugin. -->","yoast_head_json":{"title":"The Biodiversity Foundation team joins forces to reduce plastic in the oceans - Fundaci\u00f3n Biodiversidad","robots":{"index":"index","follow":"follow","max-snippet":"max-snippet:-1","max-image-preview":"max-image-preview:large","max-video-preview":"max-video-preview:-1"},"canonical":"https:\/\/fundacion-biodiversidad.es\/en\/actualidad_home\/the-biodiversity-foundation-team-joins-forces-to-reduce-plastic-in-the-oceans\/","og_locale":"en_US","og_type":"article","og_title":"The Biodiversity Foundation team joins forces to reduce plastic in the oceans - Fundaci\u00f3n Biodiversidad","og_description":"The Biodiversity Foundation wants to celebrate World Oceans Day, which takes place today, June 8, and World Environment Day, which was commemorated last Tuesday, June [&hellip;]","og_url":"https:\/\/fundacion-biodiversidad.es\/en\/actualidad_home\/the-biodiversity-foundation-team-joins-forces-to-reduce-plastic-in-the-oceans\/","og_site_name":"Fundaci\u00f3n Biodiversidad","og_image":[{"width":720,"height":405,"url":"https:\/\/fundacion-biodiversidad.es\/wp-content\/uploads\/2023\/01\/2487661294_35330241_720x405.png","type":"image\/png"}],"twitter_card":"summary_large_image","twitter_misc":{"Est. reading time":"2 minutes"},"schema":{"@context":"https:\/\/schema.org","@graph":[{"@type":"WebPage","@id":"https:\/\/fundacion-biodiversidad.es\/en\/actualidad_home\/the-biodiversity-foundation-team-joins-forces-to-reduce-plastic-in-the-oceans\/","url":"https:\/\/fundacion-biodiversidad.es\/en\/actualidad_home\/the-biodiversity-foundation-team-joins-forces-to-reduce-plastic-in-the-oceans\/","name":"The Biodiversity Foundation team joins forces to reduce plastic in the oceans - Fundaci\u00f3n Biodiversidad","isPartOf":{"@id":"https:\/\/fundacion-biodiversidad.es\/en\/#website"},"primaryImageOfPage":{"@id":"https:\/\/fundacion-biodiversidad.es\/en\/actualidad_home\/the-biodiversity-foundation-team-joins-forces-to-reduce-plastic-in-the-oceans\/#primaryimage"},"image":{"@id":"https:\/\/fundacion-biodiversidad.es\/en\/actualidad_home\/the-biodiversity-foundation-team-joins-forces-to-reduce-plastic-in-the-oceans\/#primaryimage"},"thumbnailUrl":"https:\/\/fundacion-biodiversidad.es\/wp-content\/uploads\/2018\/06\/fiambreras.jpg","datePublished":"2018-06-12T14:42:12+00:00","breadcrumb":{"@id":"https:\/\/fundacion-biodiversidad.es\/en\/actualidad_home\/the-biodiversity-foundation-team-joins-forces-to-reduce-plastic-in-the-oceans\/#breadcrumb"},"inLanguage":"en-US","potentialAction":[{"@type":"ReadAction","target":["https:\/\/fundacion-biodiversidad.es\/en\/actualidad_home\/the-biodiversity-foundation-team-joins-forces-to-reduce-plastic-in-the-oceans\/"]}]},{"@type":"ImageObject","inLanguage":"en-US","@id":"https:\/\/fundacion-biodiversidad.es\/en\/actualidad_home\/the-biodiversity-foundation-team-joins-forces-to-reduce-plastic-in-the-oceans\/#primaryimage","url":"https:\/\/fundacion-biodiversidad.es\/wp-content\/uploads\/2018\/06\/fiambreras.jpg","contentUrl":"https:\/\/fundacion-biodiversidad.es\/wp-content\/uploads\/2018\/06\/fiambreras.jpg","width":747,"height":340},{"@type":"BreadcrumbList","@id":"https:\/\/fundacion-biodiversidad.es\/en\/actualidad_home\/the-biodiversity-foundation-team-joins-forces-to-reduce-plastic-in-the-oceans\/#breadcrumb","itemListElement":[{"@type":"ListItem","position":1,"name":"Portada","item":"https:\/\/fundacion-biodiversidad.es\/en\/inicio\/"},{"@type":"ListItem","position":2,"name":"Noticias de actualidad","item":"https:\/\/fundacion-biodiversidad.es\/en\/actualidad_home\/"},{"@type":"ListItem","position":3,"name":"The Biodiversity Foundation team joins forces to reduce plastic in the oceans"}]},{"@type":"WebSite","@id":"https:\/\/fundacion-biodiversidad.es\/en\/#website","url":"https:\/\/fundacion-biodiversidad.es\/en\/","name":"Fundaci\u00f3n Biodiversidad","description":"Fundaci\u00f3n p\u00fablica adscrita al Ministerio para la Transici\u00f3n Ecol\u00f3gica","potentialAction":[{"@type":"SearchAction","target":{"@type":"EntryPoint","urlTemplate":"https:\/\/fundacion-biodiversidad.es\/en\/?s={search_term_string}"},"query-input":{"@type":"PropertyValueSpecification","valueRequired":true,"valueName":"search_term_string"}}],"inLanguage":"en-US"}]}},"_links":{"self":[{"href":"https:\/\/fundacion-biodiversidad.es\/en\/wp-json\/wp\/v2\/actualidad_home\/97858190","targetHints":{"allow":["GET"]}}],"collection":[{"href":"https:\/\/fundacion-biodiversidad.es\/en\/wp-json\/wp\/v2\/actualidad_home"}],"about":[{"href":"https:\/\/fundacion-biodiversidad.es\/en\/wp-json\/wp\/v2\/types\/actualidad_home"}],"author":[{"embeddable":true,"href":"https:\/\/fundacion-biodiversidad.es\/en\/wp-json\/wp\/v2\/users\/11"}],"wp:featuredmedia":[{"embeddable":true,"href":"https:\/\/fundacion-biodiversidad.es\/en\/wp-json\/wp\/v2\/media\/35905"}],"wp:attachment":[{"href":"https:\/\/fundacion-biodiversidad.es\/en\/wp-json\/wp\/v2\/media?parent=97858190"}],"wp:term":[{"taxonomy":"palabras_clave","embeddable":true,"href":"https:\/\/fundacion-biodiversidad.es\/en\/wp-json\/wp\/v2\/palabras_clave?post=97858190"}],"curies":[{"name":"wp","href":"https:\/\/api.w.org\/{rel}","templated":true}]}}