{"id":97858191,"date":"2018-05-30T15:02:20","date_gmt":"2018-05-30T13:02:20","guid":{"rendered":"https:\/\/fundacion-biodiversidad.es\/actualidad_home\/we-receive-the-best-life-projects-award-for-our-work-in-the-planning-of-the-management-of-the-natura-2000-network\/"},"modified":"2018-05-30T15:02:20","modified_gmt":"2018-05-30T13:02:20","slug":"we-receive-the-best-life-projects-award-for-our-work-in-the-planning-of-the-management-of-the-natura-2000-network","status":"publish","type":"actualidad_home","link":"https:\/\/fundacion-biodiversidad.es\/en\/actualidad_home\/we-receive-the-best-life-projects-award-for-our-work-in-the-planning-of-the-management-of-the-natura-2000-network\/","title":{"rendered":"We receive the &#8220;Best LIFE projects&#8221; award for our work in the planning of the management of the Natura 2000 Network"},"content":{"rendered":"<p>Today we have collected our &#8220;<em>Best LIFE projects<\/em>&#8221; award granted by the European Commission in the field of Nature and Biodiversity and which recognizes the work carried out within the framework <a href=\"http:\/\/prioridadrednatura2000.es\/\" target=\"_blank\" rel=\"noopener\">of the LIFE+ project Preparation of the Priority Action Framework<\/a>, which has been coordinated by the Ministry of Agriculture and Fisheries, Food and Environment. The award was presented in Brussels, in a ceremony within the framework of Green Week, an event organized by the European Commission. <\/p>\n<p>This project, which had a budget of close to 600,000 euros and lasted more than two years, was born with the aim of improving the management and financing capacity of the Natura 2000 Network (the largest network of protected natural areas in the world) in Spain, the country that contributes the most territory to this Network in the European Union with more than 27% of the land area and 8% of the world&#8217;s the marina, which will increase to 10% thanks to the LIFE IP Intemares project, coordinated by the Ministry through the Biodiversity Foundation.<\/p>\n<p>To achieve these objectives, the Priority Action Framework (MAP) for the Natura 2000 Network was drawn up, in accordance with the requirements of the Habitats Directive. The MAP includes the strategic priorities and the necessary conservation measures to be carried out in the sites that make up the Natura 2000 Network and the mechanisms for their financing. &nbsp;&nbsp;&nbsp;&nbsp;&nbsp;&nbsp;&nbsp;&nbsp;&nbsp;&nbsp;&nbsp;&nbsp;&nbsp;&nbsp;&nbsp;&nbsp;&nbsp;&nbsp;&nbsp;&nbsp;&nbsp;&nbsp;&nbsp;&nbsp;&nbsp;&nbsp;&nbsp;&nbsp;&nbsp;&nbsp;<\/p>\n<p><strong>Do you want to know more about our LIFE projects?<\/strong><\/p>\n<p>On our website you have all the information you need to learn about our European projects. Enter <a href=\"http:\/\/fundacion-biodiversidad.es\/\" target=\"_blank\" rel=\"noopener\">fundacion-biodiversidad.es<\/a> and if you need more information write to us.   &nbsp;<\/p>\n<p>&nbsp;<\/p>\n","protected":false},"author":11,"featured_media":35900,"template":"","meta":{"_acf_changed":false},"palabras_clave":[475,476,201,339],"class_list":["post-97858191","actualidad_home","type-actualidad_home","status-publish","has-post-thumbnail","hentry","palabras_clave-comison-europea","palabras_clave-green-week","palabras_clave-map","palabras_clave-premio"],"acf":[],"yoast_head":"<!-- This site is optimized with the Yoast SEO plugin v26.9 - https:\/\/yoast.com\/product\/yoast-seo-wordpress\/ -->\n<title>We receive the &quot;Best LIFE projects&quot; award for our work in the planning of the management of the Natura 2000 Network - Fundaci\u00f3n Biodiversidad<\/title>\n<meta name=\"robots\" content=\"index, follow, max-snippet:-1, max-image-preview:large, max-video-preview:-1\" \/>\n<link rel=\"canonical\" href=\"https:\/\/fundacion-biodiversidad.es\/en\/actualidad_home\/we-receive-the-best-life-projects-award-for-our-work-in-the-planning-of-the-management-of-the-natura-2000-network\/\" \/>\n<meta property=\"og:locale\" content=\"en_US\" \/>\n<meta property=\"og:type\" content=\"article\" \/>\n<meta property=\"og:title\" content=\"We receive the &quot;Best LIFE projects&quot; award for our work in the planning of the management of the Natura 2000 Network - Fundaci\u00f3n Biodiversidad\" \/>\n<meta property=\"og:description\" content=\"Today we have collected our &#8220;Best LIFE projects&#8221; award granted by the European Commission in the field of Nature and Biodiversity and which recognizes the [&hellip;]\" \/>\n<meta property=\"og:url\" content=\"https:\/\/fundacion-biodiversidad.es\/en\/actualidad_home\/we-receive-the-best-life-projects-award-for-our-work-in-the-planning-of-the-management-of-the-natura-2000-network\/\" \/>\n<meta property=\"og:site_name\" content=\"Fundaci\u00f3n Biodiversidad\" \/>\n<meta property=\"og:image\" content=\"https:\/\/fundacion-biodiversidad.es\/wp-content\/uploads\/2023\/01\/2487661294_35330241_720x405.png\" \/>\n\t<meta property=\"og:image:width\" content=\"720\" \/>\n\t<meta property=\"og:image:height\" content=\"405\" \/>\n\t<meta property=\"og:image:type\" content=\"image\/png\" \/>\n<meta name=\"twitter:card\" content=\"summary_large_image\" \/>\n<meta name=\"twitter:label1\" content=\"Est. reading time\" \/>\n\t<meta name=\"twitter:data1\" content=\"1 minute\" \/>\n<script type=\"application\/ld+json\" class=\"yoast-schema-graph\">{\"@context\":\"https:\/\/schema.org\",\"@graph\":[{\"@type\":\"WebPage\",\"@id\":\"https:\/\/fundacion-biodiversidad.es\/en\/actualidad_home\/we-receive-the-best-life-projects-award-for-our-work-in-the-planning-of-the-management-of-the-natura-2000-network\/\",\"url\":\"https:\/\/fundacion-biodiversidad.es\/en\/actualidad_home\/we-receive-the-best-life-projects-award-for-our-work-in-the-planning-of-the-management-of-the-natura-2000-network\/\",\"name\":\"We receive the \\\"Best LIFE projects\\\" award for our work in the planning of the management of the Natura 2000 Network - Fundaci\u00f3n Biodiversidad\",\"isPartOf\":{\"@id\":\"https:\/\/fundacion-biodiversidad.es\/en\/#website\"},\"primaryImageOfPage\":{\"@id\":\"https:\/\/fundacion-biodiversidad.es\/en\/actualidad_home\/we-receive-the-best-life-projects-award-for-our-work-in-the-planning-of-the-management-of-the-natura-2000-network\/#primaryimage\"},\"image\":{\"@id\":\"https:\/\/fundacion-biodiversidad.es\/en\/actualidad_home\/we-receive-the-best-life-projects-award-for-our-work-in-the-planning-of-the-management-of-the-natura-2000-network\/#primaryimage\"},\"thumbnailUrl\":\"https:\/\/fundacion-biodiversidad.es\/wp-content\/uploads\/2018\/06\/premio_map_2.jpg\",\"datePublished\":\"2018-05-30T13:02:20+00:00\",\"breadcrumb\":{\"@id\":\"https:\/\/fundacion-biodiversidad.es\/en\/actualidad_home\/we-receive-the-best-life-projects-award-for-our-work-in-the-planning-of-the-management-of-the-natura-2000-network\/#breadcrumb\"},\"inLanguage\":\"en-US\",\"potentialAction\":[{\"@type\":\"ReadAction\",\"target\":[\"https:\/\/fundacion-biodiversidad.es\/en\/actualidad_home\/we-receive-the-best-life-projects-award-for-our-work-in-the-planning-of-the-management-of-the-natura-2000-network\/\"]}]},{\"@type\":\"ImageObject\",\"inLanguage\":\"en-US\",\"@id\":\"https:\/\/fundacion-biodiversidad.es\/en\/actualidad_home\/we-receive-the-best-life-projects-award-for-our-work-in-the-planning-of-the-management-of-the-natura-2000-network\/#primaryimage\",\"url\":\"https:\/\/fundacion-biodiversidad.es\/wp-content\/uploads\/2018\/06\/premio_map_2.jpg\",\"contentUrl\":\"https:\/\/fundacion-biodiversidad.es\/wp-content\/uploads\/2018\/06\/premio_map_2.jpg\",\"width\":747,\"height\":340},{\"@type\":\"BreadcrumbList\",\"@id\":\"https:\/\/fundacion-biodiversidad.es\/en\/actualidad_home\/we-receive-the-best-life-projects-award-for-our-work-in-the-planning-of-the-management-of-the-natura-2000-network\/#breadcrumb\",\"itemListElement\":[{\"@type\":\"ListItem\",\"position\":1,\"name\":\"Portada\",\"item\":\"https:\/\/fundacion-biodiversidad.es\/en\/inicio\/\"},{\"@type\":\"ListItem\",\"position\":2,\"name\":\"Noticias de actualidad\",\"item\":\"https:\/\/fundacion-biodiversidad.es\/en\/actualidad_home\/\"},{\"@type\":\"ListItem\",\"position\":3,\"name\":\"We receive the &#8220;Best LIFE projects&#8221; award for our work in the planning of the management of the Natura 2000 Network\"}]},{\"@type\":\"WebSite\",\"@id\":\"https:\/\/fundacion-biodiversidad.es\/en\/#website\",\"url\":\"https:\/\/fundacion-biodiversidad.es\/en\/\",\"name\":\"Fundaci\u00f3n Biodiversidad\",\"description\":\"Fundaci\u00f3n p\u00fablica adscrita al Ministerio para la Transici\u00f3n Ecol\u00f3gica\",\"potentialAction\":[{\"@type\":\"SearchAction\",\"target\":{\"@type\":\"EntryPoint\",\"urlTemplate\":\"https:\/\/fundacion-biodiversidad.es\/en\/?s={search_term_string}\"},\"query-input\":{\"@type\":\"PropertyValueSpecification\",\"valueRequired\":true,\"valueName\":\"search_term_string\"}}],\"inLanguage\":\"en-US\"}]}<\/script>\n<!-- \/ Yoast SEO plugin. -->","yoast_head_json":{"title":"We receive the \"Best LIFE projects\" award for our work in the planning of the management of the Natura 2000 Network - Fundaci\u00f3n Biodiversidad","robots":{"index":"index","follow":"follow","max-snippet":"max-snippet:-1","max-image-preview":"max-image-preview:large","max-video-preview":"max-video-preview:-1"},"canonical":"https:\/\/fundacion-biodiversidad.es\/en\/actualidad_home\/we-receive-the-best-life-projects-award-for-our-work-in-the-planning-of-the-management-of-the-natura-2000-network\/","og_locale":"en_US","og_type":"article","og_title":"We receive the \"Best LIFE projects\" award for our work in the planning of the management of the Natura 2000 Network - Fundaci\u00f3n Biodiversidad","og_description":"Today we have collected our &#8220;Best LIFE projects&#8221; award granted by the European Commission in the field of Nature and Biodiversity and which recognizes the [&hellip;]","og_url":"https:\/\/fundacion-biodiversidad.es\/en\/actualidad_home\/we-receive-the-best-life-projects-award-for-our-work-in-the-planning-of-the-management-of-the-natura-2000-network\/","og_site_name":"Fundaci\u00f3n Biodiversidad","og_image":[{"width":720,"height":405,"url":"https:\/\/fundacion-biodiversidad.es\/wp-content\/uploads\/2023\/01\/2487661294_35330241_720x405.png","type":"image\/png"}],"twitter_card":"summary_large_image","twitter_misc":{"Est. reading time":"1 minute"},"schema":{"@context":"https:\/\/schema.org","@graph":[{"@type":"WebPage","@id":"https:\/\/fundacion-biodiversidad.es\/en\/actualidad_home\/we-receive-the-best-life-projects-award-for-our-work-in-the-planning-of-the-management-of-the-natura-2000-network\/","url":"https:\/\/fundacion-biodiversidad.es\/en\/actualidad_home\/we-receive-the-best-life-projects-award-for-our-work-in-the-planning-of-the-management-of-the-natura-2000-network\/","name":"We receive the \"Best LIFE projects\" award for our work in the planning of the management of the Natura 2000 Network - Fundaci\u00f3n Biodiversidad","isPartOf":{"@id":"https:\/\/fundacion-biodiversidad.es\/en\/#website"},"primaryImageOfPage":{"@id":"https:\/\/fundacion-biodiversidad.es\/en\/actualidad_home\/we-receive-the-best-life-projects-award-for-our-work-in-the-planning-of-the-management-of-the-natura-2000-network\/#primaryimage"},"image":{"@id":"https:\/\/fundacion-biodiversidad.es\/en\/actualidad_home\/we-receive-the-best-life-projects-award-for-our-work-in-the-planning-of-the-management-of-the-natura-2000-network\/#primaryimage"},"thumbnailUrl":"https:\/\/fundacion-biodiversidad.es\/wp-content\/uploads\/2018\/06\/premio_map_2.jpg","datePublished":"2018-05-30T13:02:20+00:00","breadcrumb":{"@id":"https:\/\/fundacion-biodiversidad.es\/en\/actualidad_home\/we-receive-the-best-life-projects-award-for-our-work-in-the-planning-of-the-management-of-the-natura-2000-network\/#breadcrumb"},"inLanguage":"en-US","potentialAction":[{"@type":"ReadAction","target":["https:\/\/fundacion-biodiversidad.es\/en\/actualidad_home\/we-receive-the-best-life-projects-award-for-our-work-in-the-planning-of-the-management-of-the-natura-2000-network\/"]}]},{"@type":"ImageObject","inLanguage":"en-US","@id":"https:\/\/fundacion-biodiversidad.es\/en\/actualidad_home\/we-receive-the-best-life-projects-award-for-our-work-in-the-planning-of-the-management-of-the-natura-2000-network\/#primaryimage","url":"https:\/\/fundacion-biodiversidad.es\/wp-content\/uploads\/2018\/06\/premio_map_2.jpg","contentUrl":"https:\/\/fundacion-biodiversidad.es\/wp-content\/uploads\/2018\/06\/premio_map_2.jpg","width":747,"height":340},{"@type":"BreadcrumbList","@id":"https:\/\/fundacion-biodiversidad.es\/en\/actualidad_home\/we-receive-the-best-life-projects-award-for-our-work-in-the-planning-of-the-management-of-the-natura-2000-network\/#breadcrumb","itemListElement":[{"@type":"ListItem","position":1,"name":"Portada","item":"https:\/\/fundacion-biodiversidad.es\/en\/inicio\/"},{"@type":"ListItem","position":2,"name":"Noticias de actualidad","item":"https:\/\/fundacion-biodiversidad.es\/en\/actualidad_home\/"},{"@type":"ListItem","position":3,"name":"We receive the &#8220;Best LIFE projects&#8221; award for our work in the planning of the management of the Natura 2000 Network"}]},{"@type":"WebSite","@id":"https:\/\/fundacion-biodiversidad.es\/en\/#website","url":"https:\/\/fundacion-biodiversidad.es\/en\/","name":"Fundaci\u00f3n Biodiversidad","description":"Fundaci\u00f3n p\u00fablica adscrita al Ministerio para la Transici\u00f3n Ecol\u00f3gica","potentialAction":[{"@type":"SearchAction","target":{"@type":"EntryPoint","urlTemplate":"https:\/\/fundacion-biodiversidad.es\/en\/?s={search_term_string}"},"query-input":{"@type":"PropertyValueSpecification","valueRequired":true,"valueName":"search_term_string"}}],"inLanguage":"en-US"}]}},"_links":{"self":[{"href":"https:\/\/fundacion-biodiversidad.es\/en\/wp-json\/wp\/v2\/actualidad_home\/97858191","targetHints":{"allow":["GET"]}}],"collection":[{"href":"https:\/\/fundacion-biodiversidad.es\/en\/wp-json\/wp\/v2\/actualidad_home"}],"about":[{"href":"https:\/\/fundacion-biodiversidad.es\/en\/wp-json\/wp\/v2\/types\/actualidad_home"}],"author":[{"embeddable":true,"href":"https:\/\/fundacion-biodiversidad.es\/en\/wp-json\/wp\/v2\/users\/11"}],"wp:featuredmedia":[{"embeddable":true,"href":"https:\/\/fundacion-biodiversidad.es\/en\/wp-json\/wp\/v2\/media\/35900"}],"wp:attachment":[{"href":"https:\/\/fundacion-biodiversidad.es\/en\/wp-json\/wp\/v2\/media?parent=97858191"}],"wp:term":[{"taxonomy":"palabras_clave","embeddable":true,"href":"https:\/\/fundacion-biodiversidad.es\/en\/wp-json\/wp\/v2\/palabras_clave?post=97858191"}],"curies":[{"name":"wp","href":"https:\/\/api.w.org\/{rel}","templated":true}]}}