{"id":97858196,"date":"2018-04-09T15:43:34","date_gmt":"2018-04-09T13:43:34","guid":{"rendered":"https:\/\/fundacion-biodiversidad.es\/actualidad_home\/we-are-committed-to-economic-development-compatible-with-biodiversity\/"},"modified":"2018-04-09T15:43:34","modified_gmt":"2018-04-09T13:43:34","slug":"we-are-committed-to-economic-development-compatible-with-biodiversity","status":"publish","type":"actualidad_home","link":"https:\/\/fundacion-biodiversidad.es\/en\/actualidad_home\/we-are-committed-to-economic-development-compatible-with-biodiversity\/","title":{"rendered":"We are committed to economic development compatible with biodiversity"},"content":{"rendered":"<p>What better place than our headquarters to hold the <strong>first workshop of the Natural Capital Factor<\/strong>and regional platform of the Natural Capital Coalition promoted by Ecoacsa. This project, which has the support of the European Commission and is developed together with the Cambridge Conservation Initiative, <strong>seeks to incorporate biodiversity into natural capital assessments in Spanish companies and organizations.<\/strong> <\/p>\n<p>The day serves as a meeting point for companies and organizations that seek to maintain an<strong> activity that is compatible with the conservation of biodiversity.<\/strong> With more than 40 participants, the workshop has been structured around key challenges that must be addressed when the biodiversity variable is to be incorporated into natural capital accounting.<\/p>\n<p>Our director, Sonia Casta\u00f1eda, welcomed the attendees and Ignacio Torres, deputy director, presented the workshop and stressed that &#8220;any company that wants to improve its relationship with the environment must be able to properly identify and evaluate its impacts on biodiversity, in order to make the right decisions&#8221;.<\/p>\n<p>David Alvarez, executive director of Ecoacsa, introduced the concept of the natural capital protocol and Rodrigo Fern\u00e1ndez-Mellado, environmental consultant, and Fernando Rodriguez, professor of the Department of Applied Economics of the University of Salamanca, also participated in the conference.<\/p>\n<p>The Biodiversity Foundation has held the workshop at its new headquarters, located in Madrid&#8217;s Calle de las Pe\u00f1uelas, and has invited all the companies that make up the <a href=\"http:\/\/ieeb.fundacion-biodiversidad.es\">Spanish Business and Biodiversity Initiative<\/a> and entrepreneurs of the <a href=\"http:\/\/www.redemprendeverde.es\/\">Emprendeverde Network<\/a> whose activities are linked to natural capital to participate in it.<\/p>\n<p>This conference has served to identify needs and opportunities of the Spanish business sector and aims to contribute to the process of improving the Natural Capital Protocol.<\/p>\n","protected":false},"author":11,"featured_media":35890,"template":"","meta":{"_acf_changed":false},"palabras_clave":[],"class_list":["post-97858196","actualidad_home","type-actualidad_home","status-publish","has-post-thumbnail","hentry"],"acf":[],"yoast_head":"<!-- This site is optimized with the Yoast SEO plugin v26.9 - https:\/\/yoast.com\/product\/yoast-seo-wordpress\/ -->\n<title>We are committed to economic development compatible with biodiversity - Fundaci\u00f3n Biodiversidad<\/title>\n<meta name=\"robots\" content=\"index, follow, max-snippet:-1, max-image-preview:large, max-video-preview:-1\" \/>\n<link rel=\"canonical\" href=\"https:\/\/fundacion-biodiversidad.es\/en\/actualidad_home\/we-are-committed-to-economic-development-compatible-with-biodiversity\/\" \/>\n<meta property=\"og:locale\" content=\"en_US\" \/>\n<meta property=\"og:type\" content=\"article\" \/>\n<meta property=\"og:title\" content=\"We are committed to economic development compatible with biodiversity - Fundaci\u00f3n Biodiversidad\" \/>\n<meta property=\"og:description\" content=\"What better place than our headquarters to hold the first workshop of the Natural Capital Factorand regional platform of the Natural Capital Coalition promoted by [&hellip;]\" \/>\n<meta property=\"og:url\" content=\"https:\/\/fundacion-biodiversidad.es\/en\/actualidad_home\/we-are-committed-to-economic-development-compatible-with-biodiversity\/\" \/>\n<meta property=\"og:site_name\" content=\"Fundaci\u00f3n Biodiversidad\" \/>\n<meta property=\"og:image\" content=\"https:\/\/fundacion-biodiversidad.es\/wp-content\/uploads\/2023\/01\/2487661294_35330241_720x405.png\" \/>\n\t<meta property=\"og:image:width\" content=\"720\" \/>\n\t<meta property=\"og:image:height\" content=\"405\" \/>\n\t<meta property=\"og:image:type\" content=\"image\/png\" \/>\n<meta name=\"twitter:card\" content=\"summary_large_image\" \/>\n<meta name=\"twitter:label1\" content=\"Est. reading time\" \/>\n\t<meta name=\"twitter:data1\" content=\"1 minute\" \/>\n<script type=\"application\/ld+json\" class=\"yoast-schema-graph\">{\"@context\":\"https:\/\/schema.org\",\"@graph\":[{\"@type\":\"WebPage\",\"@id\":\"https:\/\/fundacion-biodiversidad.es\/en\/actualidad_home\/we-are-committed-to-economic-development-compatible-with-biodiversity\/\",\"url\":\"https:\/\/fundacion-biodiversidad.es\/en\/actualidad_home\/we-are-committed-to-economic-development-compatible-with-biodiversity\/\",\"name\":\"We are committed to economic development compatible with biodiversity - Fundaci\u00f3n Biodiversidad\",\"isPartOf\":{\"@id\":\"https:\/\/fundacion-biodiversidad.es\/en\/#website\"},\"primaryImageOfPage\":{\"@id\":\"https:\/\/fundacion-biodiversidad.es\/en\/actualidad_home\/we-are-committed-to-economic-development-compatible-with-biodiversity\/#primaryimage\"},\"image\":{\"@id\":\"https:\/\/fundacion-biodiversidad.es\/en\/actualidad_home\/we-are-committed-to-economic-development-compatible-with-biodiversity\/#primaryimage\"},\"thumbnailUrl\":\"https:\/\/fundacion-biodiversidad.es\/wp-content\/uploads\/2018\/04\/primer-taller-de-la-natural-capital-factory_0.jpg\",\"datePublished\":\"2018-04-09T13:43:34+00:00\",\"breadcrumb\":{\"@id\":\"https:\/\/fundacion-biodiversidad.es\/en\/actualidad_home\/we-are-committed-to-economic-development-compatible-with-biodiversity\/#breadcrumb\"},\"inLanguage\":\"en-US\",\"potentialAction\":[{\"@type\":\"ReadAction\",\"target\":[\"https:\/\/fundacion-biodiversidad.es\/en\/actualidad_home\/we-are-committed-to-economic-development-compatible-with-biodiversity\/\"]}]},{\"@type\":\"ImageObject\",\"inLanguage\":\"en-US\",\"@id\":\"https:\/\/fundacion-biodiversidad.es\/en\/actualidad_home\/we-are-committed-to-economic-development-compatible-with-biodiversity\/#primaryimage\",\"url\":\"https:\/\/fundacion-biodiversidad.es\/wp-content\/uploads\/2018\/04\/primer-taller-de-la-natural-capital-factory_0.jpg\",\"contentUrl\":\"https:\/\/fundacion-biodiversidad.es\/wp-content\/uploads\/2018\/04\/primer-taller-de-la-natural-capital-factory_0.jpg\",\"width\":747,\"height\":340},{\"@type\":\"BreadcrumbList\",\"@id\":\"https:\/\/fundacion-biodiversidad.es\/en\/actualidad_home\/we-are-committed-to-economic-development-compatible-with-biodiversity\/#breadcrumb\",\"itemListElement\":[{\"@type\":\"ListItem\",\"position\":1,\"name\":\"Portada\",\"item\":\"https:\/\/fundacion-biodiversidad.es\/en\/inicio\/\"},{\"@type\":\"ListItem\",\"position\":2,\"name\":\"Noticias de actualidad\",\"item\":\"https:\/\/fundacion-biodiversidad.es\/en\/actualidad_home\/\"},{\"@type\":\"ListItem\",\"position\":3,\"name\":\"We are committed to economic development compatible with biodiversity\"}]},{\"@type\":\"WebSite\",\"@id\":\"https:\/\/fundacion-biodiversidad.es\/en\/#website\",\"url\":\"https:\/\/fundacion-biodiversidad.es\/en\/\",\"name\":\"Fundaci\u00f3n Biodiversidad\",\"description\":\"Fundaci\u00f3n p\u00fablica adscrita al Ministerio para la Transici\u00f3n Ecol\u00f3gica\",\"potentialAction\":[{\"@type\":\"SearchAction\",\"target\":{\"@type\":\"EntryPoint\",\"urlTemplate\":\"https:\/\/fundacion-biodiversidad.es\/en\/?s={search_term_string}\"},\"query-input\":{\"@type\":\"PropertyValueSpecification\",\"valueRequired\":true,\"valueName\":\"search_term_string\"}}],\"inLanguage\":\"en-US\"}]}<\/script>\n<!-- \/ Yoast SEO plugin. -->","yoast_head_json":{"title":"We are committed to economic development compatible with biodiversity - Fundaci\u00f3n Biodiversidad","robots":{"index":"index","follow":"follow","max-snippet":"max-snippet:-1","max-image-preview":"max-image-preview:large","max-video-preview":"max-video-preview:-1"},"canonical":"https:\/\/fundacion-biodiversidad.es\/en\/actualidad_home\/we-are-committed-to-economic-development-compatible-with-biodiversity\/","og_locale":"en_US","og_type":"article","og_title":"We are committed to economic development compatible with biodiversity - Fundaci\u00f3n Biodiversidad","og_description":"What better place than our headquarters to hold the first workshop of the Natural Capital Factorand regional platform of the Natural Capital Coalition promoted by [&hellip;]","og_url":"https:\/\/fundacion-biodiversidad.es\/en\/actualidad_home\/we-are-committed-to-economic-development-compatible-with-biodiversity\/","og_site_name":"Fundaci\u00f3n Biodiversidad","og_image":[{"width":720,"height":405,"url":"https:\/\/fundacion-biodiversidad.es\/wp-content\/uploads\/2023\/01\/2487661294_35330241_720x405.png","type":"image\/png"}],"twitter_card":"summary_large_image","twitter_misc":{"Est. reading time":"1 minute"},"schema":{"@context":"https:\/\/schema.org","@graph":[{"@type":"WebPage","@id":"https:\/\/fundacion-biodiversidad.es\/en\/actualidad_home\/we-are-committed-to-economic-development-compatible-with-biodiversity\/","url":"https:\/\/fundacion-biodiversidad.es\/en\/actualidad_home\/we-are-committed-to-economic-development-compatible-with-biodiversity\/","name":"We are committed to economic development compatible with biodiversity - Fundaci\u00f3n Biodiversidad","isPartOf":{"@id":"https:\/\/fundacion-biodiversidad.es\/en\/#website"},"primaryImageOfPage":{"@id":"https:\/\/fundacion-biodiversidad.es\/en\/actualidad_home\/we-are-committed-to-economic-development-compatible-with-biodiversity\/#primaryimage"},"image":{"@id":"https:\/\/fundacion-biodiversidad.es\/en\/actualidad_home\/we-are-committed-to-economic-development-compatible-with-biodiversity\/#primaryimage"},"thumbnailUrl":"https:\/\/fundacion-biodiversidad.es\/wp-content\/uploads\/2018\/04\/primer-taller-de-la-natural-capital-factory_0.jpg","datePublished":"2018-04-09T13:43:34+00:00","breadcrumb":{"@id":"https:\/\/fundacion-biodiversidad.es\/en\/actualidad_home\/we-are-committed-to-economic-development-compatible-with-biodiversity\/#breadcrumb"},"inLanguage":"en-US","potentialAction":[{"@type":"ReadAction","target":["https:\/\/fundacion-biodiversidad.es\/en\/actualidad_home\/we-are-committed-to-economic-development-compatible-with-biodiversity\/"]}]},{"@type":"ImageObject","inLanguage":"en-US","@id":"https:\/\/fundacion-biodiversidad.es\/en\/actualidad_home\/we-are-committed-to-economic-development-compatible-with-biodiversity\/#primaryimage","url":"https:\/\/fundacion-biodiversidad.es\/wp-content\/uploads\/2018\/04\/primer-taller-de-la-natural-capital-factory_0.jpg","contentUrl":"https:\/\/fundacion-biodiversidad.es\/wp-content\/uploads\/2018\/04\/primer-taller-de-la-natural-capital-factory_0.jpg","width":747,"height":340},{"@type":"BreadcrumbList","@id":"https:\/\/fundacion-biodiversidad.es\/en\/actualidad_home\/we-are-committed-to-economic-development-compatible-with-biodiversity\/#breadcrumb","itemListElement":[{"@type":"ListItem","position":1,"name":"Portada","item":"https:\/\/fundacion-biodiversidad.es\/en\/inicio\/"},{"@type":"ListItem","position":2,"name":"Noticias de actualidad","item":"https:\/\/fundacion-biodiversidad.es\/en\/actualidad_home\/"},{"@type":"ListItem","position":3,"name":"We are committed to economic development compatible with biodiversity"}]},{"@type":"WebSite","@id":"https:\/\/fundacion-biodiversidad.es\/en\/#website","url":"https:\/\/fundacion-biodiversidad.es\/en\/","name":"Fundaci\u00f3n Biodiversidad","description":"Fundaci\u00f3n p\u00fablica adscrita al Ministerio para la Transici\u00f3n Ecol\u00f3gica","potentialAction":[{"@type":"SearchAction","target":{"@type":"EntryPoint","urlTemplate":"https:\/\/fundacion-biodiversidad.es\/en\/?s={search_term_string}"},"query-input":{"@type":"PropertyValueSpecification","valueRequired":true,"valueName":"search_term_string"}}],"inLanguage":"en-US"}]}},"_links":{"self":[{"href":"https:\/\/fundacion-biodiversidad.es\/en\/wp-json\/wp\/v2\/actualidad_home\/97858196","targetHints":{"allow":["GET"]}}],"collection":[{"href":"https:\/\/fundacion-biodiversidad.es\/en\/wp-json\/wp\/v2\/actualidad_home"}],"about":[{"href":"https:\/\/fundacion-biodiversidad.es\/en\/wp-json\/wp\/v2\/types\/actualidad_home"}],"author":[{"embeddable":true,"href":"https:\/\/fundacion-biodiversidad.es\/en\/wp-json\/wp\/v2\/users\/11"}],"wp:featuredmedia":[{"embeddable":true,"href":"https:\/\/fundacion-biodiversidad.es\/en\/wp-json\/wp\/v2\/media\/35890"}],"wp:attachment":[{"href":"https:\/\/fundacion-biodiversidad.es\/en\/wp-json\/wp\/v2\/media?parent=97858196"}],"wp:term":[{"taxonomy":"palabras_clave","embeddable":true,"href":"https:\/\/fundacion-biodiversidad.es\/en\/wp-json\/wp\/v2\/palabras_clave?post=97858196"}],"curies":[{"name":"wp","href":"https:\/\/api.w.org\/{rel}","templated":true}]}}