{"id":97858197,"date":"2018-05-30T14:42:28","date_gmt":"2018-05-30T12:42:28","guid":{"rendered":"https:\/\/fundacion-biodiversidad.es\/actualidad_home\/environmental-education-and-awareness-activities-of-the-mistic-seas-2-begin\/"},"modified":"2018-05-30T14:42:28","modified_gmt":"2018-05-30T12:42:28","slug":"environmental-education-and-awareness-activities-of-the-mistic-seas-2-begin","status":"publish","type":"actualidad_home","link":"https:\/\/fundacion-biodiversidad.es\/en\/actualidad_home\/environmental-education-and-awareness-activities-of-the-mistic-seas-2-begin\/","title":{"rendered":"Environmental education and awareness activities of the MISTIC SEAS 2 begin"},"content":{"rendered":"<p>From the Biodiversity Foundation we have launched an <strong>ambitious environmental awareness and education program<\/strong> within the framework of the <a href=\"http:\/\/fundacion-biodiversidad.es\/es\/biodiversidad-marina-y-litoral\/proyectos-propios\/mistic-seas-2\" target=\"_blank\" rel=\"noopener\">MISTIC SEAS 2<\/a> project. These activities have begun at the International Fair of the Sea (FIMAR 2018) with the <strong>seminar &#8220;Join conservation&#8221;.<\/strong> This meeting aimed to make visible the importance of the project in the study and monitoring of the state of marine biodiversity in Macaronesia (Canary Islands, Azores and Madeira). In addition, some of the species of birds, cetaceans and sea turtles present in this region have been made known, their main threats and their effects. On the other hand, the role that citizens and users of the sea can play in the conservation of the marine environment has been addressed.    <\/p>\n<p>The<strong> MISTIC SEAS 2 project, of which the Biodiversity Foundation and the Directorate-General for Sustainability of the Coast and Sea<\/strong> of the Ministry of Agriculture and Fisheries, Food and the Environment are partners, is a common initiative of the national and regional governments of Spain and Portugal for the implementation of a coherent and coordinated approach to monitoring and evaluation of marine biodiversity in Macaronesia within the framework of the Marine Strategies. Given that regional coordination is essential to achieve the objectives established in the Marine Strategies, this seminar has had the participation <strong>of the marine research projects INDICIT and MARCET of the University of Las Palmas de Gran Canaria (ULPGC),<\/strong> which enriched the content with information on the close relationship between plastics and sea turtles in the archipelago and the network of cetacean strandings in the Canary Islands.  respectively. <\/p>\n<p>In addition to these activities, other actions are being launched <strong>to raise awareness of the project<\/strong>. Thus, the <strong>exhibition of the project<\/strong> has been inaugurated, present in one of the tents of the fair during the 3 days and an awareness workshop &#8220;Plastics everywhere&#8221; has been carried out in which a mural of awareness with floating garbage was elaborated together with the visiting volunteers. <\/p>\n<p>These actions are the starting point of a series of activities that the Biodiversity Foundation is going to launch in the coming months in this area, aimed at primary and secondary school students as well as the general public.<\/p>\n<p><strong><u>Interested in learning more about the Mistic Seas 2 project?<\/u><\/strong><br \/>The project, which <strong>runs from March 2017 to March 2019<\/strong>, has a <strong>total budget of \u20ac1.3 million<\/strong> and 80% co-financing from the European Commission. It is coordinated by the Regional Fund for Science and Technology (Regional Government of the Azores, Portugal), and has as partners the Regional Directorate for Marine Affairs, Regional Government of the Azores (Portugal); the Regional Secretariat for Environment and Natural Resources, Regional Government of Madeira, Portugal; the General Directorate of Natural Resources, Security and Maritime Services of the Ministry of the Sea of Portugal; the General Directorate of Sustainability of the Coast and the Biodiversity Foundation, both of the Ministry of Agriculture and Fisheries, Food and Environment of the Government of Spain; the General Directorate for the Protection of the Natural Environment of the Government of the Canary Islands; the Regional Agency for the Development of Research and Technology and Innovation of the Azores (ARDITI); and the Spanish Institute of Oceanography. <\/p>\n<p><strong>The first edition of MISTIC SEAS received the Atlantic Project Awards from the European Commission<\/strong>, which recognizes it as a project developed in the geographical area covered by the Atlantic Strategy and that is relevant to implement the Atlantic Action Plan within the framework of the Marine Strategies.<\/p>\n","protected":false},"author":11,"featured_media":35897,"template":"","meta":{"_acf_changed":false},"palabras_clave":[],"class_list":["post-97858197","actualidad_home","type-actualidad_home","status-publish","has-post-thumbnail","hentry"],"acf":[],"yoast_head":"<!-- This site is optimized with the Yoast SEO plugin v26.9 - https:\/\/yoast.com\/product\/yoast-seo-wordpress\/ -->\n<title>Environmental education and awareness activities of the MISTIC SEAS 2 begin - Fundaci\u00f3n Biodiversidad<\/title>\n<meta name=\"robots\" content=\"index, follow, max-snippet:-1, max-image-preview:large, max-video-preview:-1\" \/>\n<link rel=\"canonical\" href=\"https:\/\/fundacion-biodiversidad.es\/en\/actualidad_home\/environmental-education-and-awareness-activities-of-the-mistic-seas-2-begin\/\" \/>\n<meta property=\"og:locale\" content=\"en_US\" \/>\n<meta property=\"og:type\" content=\"article\" \/>\n<meta property=\"og:title\" content=\"Environmental education and awareness activities of the MISTIC SEAS 2 begin - Fundaci\u00f3n Biodiversidad\" \/>\n<meta property=\"og:description\" content=\"From the Biodiversity Foundation we have launched an ambitious environmental awareness and education program within the framework of the MISTIC SEAS 2 project. These activities [&hellip;]\" \/>\n<meta property=\"og:url\" content=\"https:\/\/fundacion-biodiversidad.es\/en\/actualidad_home\/environmental-education-and-awareness-activities-of-the-mistic-seas-2-begin\/\" \/>\n<meta property=\"og:site_name\" content=\"Fundaci\u00f3n Biodiversidad\" \/>\n<meta property=\"og:image\" content=\"https:\/\/fundacion-biodiversidad.es\/wp-content\/uploads\/2023\/01\/2487661294_35330241_720x405.png\" \/>\n\t<meta property=\"og:image:width\" content=\"720\" \/>\n\t<meta property=\"og:image:height\" content=\"405\" \/>\n\t<meta property=\"og:image:type\" content=\"image\/png\" \/>\n<meta name=\"twitter:card\" content=\"summary_large_image\" \/>\n<meta name=\"twitter:label1\" content=\"Est. reading time\" \/>\n\t<meta name=\"twitter:data1\" content=\"3 minutes\" \/>\n<script type=\"application\/ld+json\" class=\"yoast-schema-graph\">{\"@context\":\"https:\/\/schema.org\",\"@graph\":[{\"@type\":\"WebPage\",\"@id\":\"https:\/\/fundacion-biodiversidad.es\/en\/actualidad_home\/environmental-education-and-awareness-activities-of-the-mistic-seas-2-begin\/\",\"url\":\"https:\/\/fundacion-biodiversidad.es\/en\/actualidad_home\/environmental-education-and-awareness-activities-of-the-mistic-seas-2-begin\/\",\"name\":\"Environmental education and awareness activities of the MISTIC SEAS 2 begin - Fundaci\u00f3n Biodiversidad\",\"isPartOf\":{\"@id\":\"https:\/\/fundacion-biodiversidad.es\/en\/#website\"},\"primaryImageOfPage\":{\"@id\":\"https:\/\/fundacion-biodiversidad.es\/en\/actualidad_home\/environmental-education-and-awareness-activities-of-the-mistic-seas-2-begin\/#primaryimage\"},\"image\":{\"@id\":\"https:\/\/fundacion-biodiversidad.es\/en\/actualidad_home\/environmental-education-and-awareness-activities-of-the-mistic-seas-2-begin\/#primaryimage\"},\"thumbnailUrl\":\"https:\/\/fundacion-biodiversidad.es\/wp-content\/uploads\/2018\/05\/misticseas_sensibilizacion.jpg\",\"datePublished\":\"2018-05-30T12:42:28+00:00\",\"breadcrumb\":{\"@id\":\"https:\/\/fundacion-biodiversidad.es\/en\/actualidad_home\/environmental-education-and-awareness-activities-of-the-mistic-seas-2-begin\/#breadcrumb\"},\"inLanguage\":\"en-US\",\"potentialAction\":[{\"@type\":\"ReadAction\",\"target\":[\"https:\/\/fundacion-biodiversidad.es\/en\/actualidad_home\/environmental-education-and-awareness-activities-of-the-mistic-seas-2-begin\/\"]}]},{\"@type\":\"ImageObject\",\"inLanguage\":\"en-US\",\"@id\":\"https:\/\/fundacion-biodiversidad.es\/en\/actualidad_home\/environmental-education-and-awareness-activities-of-the-mistic-seas-2-begin\/#primaryimage\",\"url\":\"https:\/\/fundacion-biodiversidad.es\/wp-content\/uploads\/2018\/05\/misticseas_sensibilizacion.jpg\",\"contentUrl\":\"https:\/\/fundacion-biodiversidad.es\/wp-content\/uploads\/2018\/05\/misticseas_sensibilizacion.jpg\",\"width\":747,\"height\":340},{\"@type\":\"BreadcrumbList\",\"@id\":\"https:\/\/fundacion-biodiversidad.es\/en\/actualidad_home\/environmental-education-and-awareness-activities-of-the-mistic-seas-2-begin\/#breadcrumb\",\"itemListElement\":[{\"@type\":\"ListItem\",\"position\":1,\"name\":\"Portada\",\"item\":\"https:\/\/fundacion-biodiversidad.es\/en\/inicio\/\"},{\"@type\":\"ListItem\",\"position\":2,\"name\":\"Noticias de actualidad\",\"item\":\"https:\/\/fundacion-biodiversidad.es\/en\/actualidad_home\/\"},{\"@type\":\"ListItem\",\"position\":3,\"name\":\"Environmental education and awareness activities of the MISTIC SEAS 2 begin\"}]},{\"@type\":\"WebSite\",\"@id\":\"https:\/\/fundacion-biodiversidad.es\/en\/#website\",\"url\":\"https:\/\/fundacion-biodiversidad.es\/en\/\",\"name\":\"Fundaci\u00f3n Biodiversidad\",\"description\":\"Fundaci\u00f3n p\u00fablica adscrita al Ministerio para la Transici\u00f3n Ecol\u00f3gica\",\"potentialAction\":[{\"@type\":\"SearchAction\",\"target\":{\"@type\":\"EntryPoint\",\"urlTemplate\":\"https:\/\/fundacion-biodiversidad.es\/en\/?s={search_term_string}\"},\"query-input\":{\"@type\":\"PropertyValueSpecification\",\"valueRequired\":true,\"valueName\":\"search_term_string\"}}],\"inLanguage\":\"en-US\"}]}<\/script>\n<!-- \/ Yoast SEO plugin. -->","yoast_head_json":{"title":"Environmental education and awareness activities of the MISTIC SEAS 2 begin - Fundaci\u00f3n Biodiversidad","robots":{"index":"index","follow":"follow","max-snippet":"max-snippet:-1","max-image-preview":"max-image-preview:large","max-video-preview":"max-video-preview:-1"},"canonical":"https:\/\/fundacion-biodiversidad.es\/en\/actualidad_home\/environmental-education-and-awareness-activities-of-the-mistic-seas-2-begin\/","og_locale":"en_US","og_type":"article","og_title":"Environmental education and awareness activities of the MISTIC SEAS 2 begin - Fundaci\u00f3n Biodiversidad","og_description":"From the Biodiversity Foundation we have launched an ambitious environmental awareness and education program within the framework of the MISTIC SEAS 2 project. These activities [&hellip;]","og_url":"https:\/\/fundacion-biodiversidad.es\/en\/actualidad_home\/environmental-education-and-awareness-activities-of-the-mistic-seas-2-begin\/","og_site_name":"Fundaci\u00f3n Biodiversidad","og_image":[{"width":720,"height":405,"url":"https:\/\/fundacion-biodiversidad.es\/wp-content\/uploads\/2023\/01\/2487661294_35330241_720x405.png","type":"image\/png"}],"twitter_card":"summary_large_image","twitter_misc":{"Est. reading time":"3 minutes"},"schema":{"@context":"https:\/\/schema.org","@graph":[{"@type":"WebPage","@id":"https:\/\/fundacion-biodiversidad.es\/en\/actualidad_home\/environmental-education-and-awareness-activities-of-the-mistic-seas-2-begin\/","url":"https:\/\/fundacion-biodiversidad.es\/en\/actualidad_home\/environmental-education-and-awareness-activities-of-the-mistic-seas-2-begin\/","name":"Environmental education and awareness activities of the MISTIC SEAS 2 begin - Fundaci\u00f3n Biodiversidad","isPartOf":{"@id":"https:\/\/fundacion-biodiversidad.es\/en\/#website"},"primaryImageOfPage":{"@id":"https:\/\/fundacion-biodiversidad.es\/en\/actualidad_home\/environmental-education-and-awareness-activities-of-the-mistic-seas-2-begin\/#primaryimage"},"image":{"@id":"https:\/\/fundacion-biodiversidad.es\/en\/actualidad_home\/environmental-education-and-awareness-activities-of-the-mistic-seas-2-begin\/#primaryimage"},"thumbnailUrl":"https:\/\/fundacion-biodiversidad.es\/wp-content\/uploads\/2018\/05\/misticseas_sensibilizacion.jpg","datePublished":"2018-05-30T12:42:28+00:00","breadcrumb":{"@id":"https:\/\/fundacion-biodiversidad.es\/en\/actualidad_home\/environmental-education-and-awareness-activities-of-the-mistic-seas-2-begin\/#breadcrumb"},"inLanguage":"en-US","potentialAction":[{"@type":"ReadAction","target":["https:\/\/fundacion-biodiversidad.es\/en\/actualidad_home\/environmental-education-and-awareness-activities-of-the-mistic-seas-2-begin\/"]}]},{"@type":"ImageObject","inLanguage":"en-US","@id":"https:\/\/fundacion-biodiversidad.es\/en\/actualidad_home\/environmental-education-and-awareness-activities-of-the-mistic-seas-2-begin\/#primaryimage","url":"https:\/\/fundacion-biodiversidad.es\/wp-content\/uploads\/2018\/05\/misticseas_sensibilizacion.jpg","contentUrl":"https:\/\/fundacion-biodiversidad.es\/wp-content\/uploads\/2018\/05\/misticseas_sensibilizacion.jpg","width":747,"height":340},{"@type":"BreadcrumbList","@id":"https:\/\/fundacion-biodiversidad.es\/en\/actualidad_home\/environmental-education-and-awareness-activities-of-the-mistic-seas-2-begin\/#breadcrumb","itemListElement":[{"@type":"ListItem","position":1,"name":"Portada","item":"https:\/\/fundacion-biodiversidad.es\/en\/inicio\/"},{"@type":"ListItem","position":2,"name":"Noticias de actualidad","item":"https:\/\/fundacion-biodiversidad.es\/en\/actualidad_home\/"},{"@type":"ListItem","position":3,"name":"Environmental education and awareness activities of the MISTIC SEAS 2 begin"}]},{"@type":"WebSite","@id":"https:\/\/fundacion-biodiversidad.es\/en\/#website","url":"https:\/\/fundacion-biodiversidad.es\/en\/","name":"Fundaci\u00f3n Biodiversidad","description":"Fundaci\u00f3n p\u00fablica adscrita al Ministerio para la Transici\u00f3n Ecol\u00f3gica","potentialAction":[{"@type":"SearchAction","target":{"@type":"EntryPoint","urlTemplate":"https:\/\/fundacion-biodiversidad.es\/en\/?s={search_term_string}"},"query-input":{"@type":"PropertyValueSpecification","valueRequired":true,"valueName":"search_term_string"}}],"inLanguage":"en-US"}]}},"_links":{"self":[{"href":"https:\/\/fundacion-biodiversidad.es\/en\/wp-json\/wp\/v2\/actualidad_home\/97858197","targetHints":{"allow":["GET"]}}],"collection":[{"href":"https:\/\/fundacion-biodiversidad.es\/en\/wp-json\/wp\/v2\/actualidad_home"}],"about":[{"href":"https:\/\/fundacion-biodiversidad.es\/en\/wp-json\/wp\/v2\/types\/actualidad_home"}],"author":[{"embeddable":true,"href":"https:\/\/fundacion-biodiversidad.es\/en\/wp-json\/wp\/v2\/users\/11"}],"wp:featuredmedia":[{"embeddable":true,"href":"https:\/\/fundacion-biodiversidad.es\/en\/wp-json\/wp\/v2\/media\/35897"}],"wp:attachment":[{"href":"https:\/\/fundacion-biodiversidad.es\/en\/wp-json\/wp\/v2\/media?parent=97858197"}],"wp:term":[{"taxonomy":"palabras_clave","embeddable":true,"href":"https:\/\/fundacion-biodiversidad.es\/en\/wp-json\/wp\/v2\/palabras_clave?post=97858197"}],"curies":[{"name":"wp","href":"https:\/\/api.w.org\/{rel}","templated":true}]}}