{"id":97858198,"date":"2018-05-30T11:19:49","date_gmt":"2018-05-30T09:19:49","guid":{"rendered":"https:\/\/fundacion-biodiversidad.es\/actualidad_home\/the-second-publication-of-the-spanish-inventory-of-traditional-knowledge-related-to-biodiversity-has-been-presented\/"},"modified":"2018-05-30T11:19:49","modified_gmt":"2018-05-30T09:19:49","slug":"the-second-publication-of-the-spanish-inventory-of-traditional-knowledge-related-to-biodiversity-has-been-presented","status":"publish","type":"actualidad_home","link":"https:\/\/fundacion-biodiversidad.es\/en\/actualidad_home\/the-second-publication-of-the-spanish-inventory-of-traditional-knowledge-related-to-biodiversity-has-been-presented\/","title":{"rendered":"The second publication of the Spanish Inventory of Traditional Knowledge related to Biodiversity has been presented"},"content":{"rendered":"<p>The Ministry of Agriculture and Fisheries, Food and the Environment has today presented the <strong>second phase of the Spanish Inventory of Traditional Knowledge related to Biodiversity<\/strong>, a database that compiles and organizes secular knowledge linked to biodiversity, transmitted through oral tradition and which is the result of man&#8217;s adaptation to the environment in which he lives.<\/p>\n<p>The Ministry&#8217;s Director General of Environmental Quality and Assessment and the Natural Environment,<strong> Javier Cach\u00f3n, presided over the presentation ceremony<\/strong>, where he stressed that &#8220;this knowledge is a legacy of knowledge of incalculable and irrecoverable value and constitutes a very useful element for the sustainable management of natural resources and scientific and industrial development&#8221;.  which is why the Ministry launched the preparation of this Inventory, the first edition of which was published in 2015.<\/p>\n<p>Cach\u00f3n thanked the participants in the preparation of the Inventory, <strong>more than 70 experts and 40 institutions<\/strong>, for their enormous effort. &#8220;Especially to the real protagonists, all those people, now very old, who have been generating, maintaining and transmitting their invaluable knowledge, for us to enjoy and pass it on to the next generations&#8221;, he stressed.<\/p>\n<p>The Inventory presented today is made up of three volumes and <strong>is part of the Spanish Inventory of Natural Heritage and Biodiversity<\/strong>. Collect <strong>707 plant files<\/strong> covering a total of 760 species. <\/p>\n<p>This information is in addition to that provided by the first phase of the Inventory. &#8220;We now have information on almost 3,000 plant species with associated traditional knowledge, nearly half of Spain&#8217;s floristic diversity. More than 100 reference works have been shelled, analyzed and their data entered in this repository in order to provide information to all interested parties,&#8221; explained the director general.<\/p>\n<p>The work, <strong>carried out by a team of 70 experts <\/strong>including biologists, anthropologists, agronomists, pharmacists and linguists, has been based on the compilation of previously published traditional ecological knowledge that is relevant for the sustainable use and conservation of biodiversity, the work methodology, with a hierarchical classification of uses (animal feed, human food,  medicine, toxic and harmful uses, etc.), has resulted in the database and the informative sheets included in the publications that make up the Inventory.<\/p>\n<p>This second publication of the Inventory is available <a href=\"http:\/\/www.mapama.gob.es\/es\/biodiversidad\/temas\/inventarios-nacionales\/inventario-espanol-de-los-conocimientos-tradicionales\/inventario_esp_conocimientos_tradicionales.aspx\" target=\"_blank\" rel=\"noopener\">online<\/a>. It will soon be available in paper edition from the Ministry&#8217;s Publications Service. <\/p>\n<p>You can find more information about the Spanish Inventory of Natural Heritage and Biodiversity <a href=\"http:\/\/www.mapama.gob.es\/es\/biodiversidad\/temas\/inventarios-nacionales\/inventario-espanol-patrimonio-natural-biodiv\/default.aspx\" target=\"_blank\" rel=\"noopener\">here<\/a>.<\/p>\n","protected":false},"author":11,"featured_media":35896,"template":"","meta":{"_acf_changed":false},"palabras_clave":[],"class_list":["post-97858198","actualidad_home","type-actualidad_home","status-publish","has-post-thumbnail","hentry"],"acf":[],"yoast_head":"<!-- This site is optimized with the Yoast SEO plugin v26.9 - https:\/\/yoast.com\/product\/yoast-seo-wordpress\/ -->\n<title>The second publication of the Spanish Inventory of Traditional Knowledge related to Biodiversity has been presented - Fundaci\u00f3n Biodiversidad<\/title>\n<meta name=\"robots\" content=\"index, follow, max-snippet:-1, max-image-preview:large, max-video-preview:-1\" \/>\n<link rel=\"canonical\" href=\"https:\/\/fundacion-biodiversidad.es\/en\/actualidad_home\/the-second-publication-of-the-spanish-inventory-of-traditional-knowledge-related-to-biodiversity-has-been-presented\/\" \/>\n<meta property=\"og:locale\" content=\"en_US\" \/>\n<meta property=\"og:type\" content=\"article\" \/>\n<meta property=\"og:title\" content=\"The second publication of the Spanish Inventory of Traditional Knowledge related to Biodiversity has been presented - Fundaci\u00f3n Biodiversidad\" \/>\n<meta property=\"og:description\" content=\"The Ministry of Agriculture and Fisheries, Food and the Environment has today presented the second phase of the Spanish Inventory of Traditional Knowledge related to [&hellip;]\" \/>\n<meta property=\"og:url\" content=\"https:\/\/fundacion-biodiversidad.es\/en\/actualidad_home\/the-second-publication-of-the-spanish-inventory-of-traditional-knowledge-related-to-biodiversity-has-been-presented\/\" \/>\n<meta property=\"og:site_name\" content=\"Fundaci\u00f3n Biodiversidad\" \/>\n<meta property=\"og:image\" content=\"https:\/\/fundacion-biodiversidad.es\/wp-content\/uploads\/2023\/01\/2487661294_35330241_720x405.png\" \/>\n\t<meta property=\"og:image:width\" content=\"720\" \/>\n\t<meta property=\"og:image:height\" content=\"405\" \/>\n\t<meta property=\"og:image:type\" content=\"image\/png\" \/>\n<meta name=\"twitter:card\" content=\"summary_large_image\" \/>\n<meta name=\"twitter:label1\" content=\"Est. reading time\" \/>\n\t<meta name=\"twitter:data1\" content=\"2 minutes\" \/>\n<script type=\"application\/ld+json\" class=\"yoast-schema-graph\">{\"@context\":\"https:\/\/schema.org\",\"@graph\":[{\"@type\":\"WebPage\",\"@id\":\"https:\/\/fundacion-biodiversidad.es\/en\/actualidad_home\/the-second-publication-of-the-spanish-inventory-of-traditional-knowledge-related-to-biodiversity-has-been-presented\/\",\"url\":\"https:\/\/fundacion-biodiversidad.es\/en\/actualidad_home\/the-second-publication-of-the-spanish-inventory-of-traditional-knowledge-related-to-biodiversity-has-been-presented\/\",\"name\":\"The second publication of the Spanish Inventory of Traditional Knowledge related to Biodiversity has been presented - Fundaci\u00f3n Biodiversidad\",\"isPartOf\":{\"@id\":\"https:\/\/fundacion-biodiversidad.es\/en\/#website\"},\"primaryImageOfPage\":{\"@id\":\"https:\/\/fundacion-biodiversidad.es\/en\/actualidad_home\/the-second-publication-of-the-spanish-inventory-of-traditional-knowledge-related-to-biodiversity-has-been-presented\/#primaryimage\"},\"image\":{\"@id\":\"https:\/\/fundacion-biodiversidad.es\/en\/actualidad_home\/the-second-publication-of-the-spanish-inventory-of-traditional-knowledge-related-to-biodiversity-has-been-presented\/#primaryimage\"},\"thumbnailUrl\":\"https:\/\/fundacion-biodiversidad.es\/wp-content\/uploads\/2018\/05\/inventario_biodiversidad.jpg\",\"datePublished\":\"2018-05-30T09:19:49+00:00\",\"breadcrumb\":{\"@id\":\"https:\/\/fundacion-biodiversidad.es\/en\/actualidad_home\/the-second-publication-of-the-spanish-inventory-of-traditional-knowledge-related-to-biodiversity-has-been-presented\/#breadcrumb\"},\"inLanguage\":\"en-US\",\"potentialAction\":[{\"@type\":\"ReadAction\",\"target\":[\"https:\/\/fundacion-biodiversidad.es\/en\/actualidad_home\/the-second-publication-of-the-spanish-inventory-of-traditional-knowledge-related-to-biodiversity-has-been-presented\/\"]}]},{\"@type\":\"ImageObject\",\"inLanguage\":\"en-US\",\"@id\":\"https:\/\/fundacion-biodiversidad.es\/en\/actualidad_home\/the-second-publication-of-the-spanish-inventory-of-traditional-knowledge-related-to-biodiversity-has-been-presented\/#primaryimage\",\"url\":\"https:\/\/fundacion-biodiversidad.es\/wp-content\/uploads\/2018\/05\/inventario_biodiversidad.jpg\",\"contentUrl\":\"https:\/\/fundacion-biodiversidad.es\/wp-content\/uploads\/2018\/05\/inventario_biodiversidad.jpg\",\"width\":747,\"height\":340},{\"@type\":\"BreadcrumbList\",\"@id\":\"https:\/\/fundacion-biodiversidad.es\/en\/actualidad_home\/the-second-publication-of-the-spanish-inventory-of-traditional-knowledge-related-to-biodiversity-has-been-presented\/#breadcrumb\",\"itemListElement\":[{\"@type\":\"ListItem\",\"position\":1,\"name\":\"Portada\",\"item\":\"https:\/\/fundacion-biodiversidad.es\/en\/inicio\/\"},{\"@type\":\"ListItem\",\"position\":2,\"name\":\"Noticias de actualidad\",\"item\":\"https:\/\/fundacion-biodiversidad.es\/en\/actualidad_home\/\"},{\"@type\":\"ListItem\",\"position\":3,\"name\":\"The second publication of the Spanish Inventory of Traditional Knowledge related to Biodiversity has been presented\"}]},{\"@type\":\"WebSite\",\"@id\":\"https:\/\/fundacion-biodiversidad.es\/en\/#website\",\"url\":\"https:\/\/fundacion-biodiversidad.es\/en\/\",\"name\":\"Fundaci\u00f3n Biodiversidad\",\"description\":\"Fundaci\u00f3n p\u00fablica adscrita al Ministerio para la Transici\u00f3n Ecol\u00f3gica\",\"potentialAction\":[{\"@type\":\"SearchAction\",\"target\":{\"@type\":\"EntryPoint\",\"urlTemplate\":\"https:\/\/fundacion-biodiversidad.es\/en\/?s={search_term_string}\"},\"query-input\":{\"@type\":\"PropertyValueSpecification\",\"valueRequired\":true,\"valueName\":\"search_term_string\"}}],\"inLanguage\":\"en-US\"}]}<\/script>\n<!-- \/ Yoast SEO plugin. -->","yoast_head_json":{"title":"The second publication of the Spanish Inventory of Traditional Knowledge related to Biodiversity has been presented - Fundaci\u00f3n Biodiversidad","robots":{"index":"index","follow":"follow","max-snippet":"max-snippet:-1","max-image-preview":"max-image-preview:large","max-video-preview":"max-video-preview:-1"},"canonical":"https:\/\/fundacion-biodiversidad.es\/en\/actualidad_home\/the-second-publication-of-the-spanish-inventory-of-traditional-knowledge-related-to-biodiversity-has-been-presented\/","og_locale":"en_US","og_type":"article","og_title":"The second publication of the Spanish Inventory of Traditional Knowledge related to Biodiversity has been presented - Fundaci\u00f3n Biodiversidad","og_description":"The Ministry of Agriculture and Fisheries, Food and the Environment has today presented the second phase of the Spanish Inventory of Traditional Knowledge related to [&hellip;]","og_url":"https:\/\/fundacion-biodiversidad.es\/en\/actualidad_home\/the-second-publication-of-the-spanish-inventory-of-traditional-knowledge-related-to-biodiversity-has-been-presented\/","og_site_name":"Fundaci\u00f3n Biodiversidad","og_image":[{"width":720,"height":405,"url":"https:\/\/fundacion-biodiversidad.es\/wp-content\/uploads\/2023\/01\/2487661294_35330241_720x405.png","type":"image\/png"}],"twitter_card":"summary_large_image","twitter_misc":{"Est. reading time":"2 minutes"},"schema":{"@context":"https:\/\/schema.org","@graph":[{"@type":"WebPage","@id":"https:\/\/fundacion-biodiversidad.es\/en\/actualidad_home\/the-second-publication-of-the-spanish-inventory-of-traditional-knowledge-related-to-biodiversity-has-been-presented\/","url":"https:\/\/fundacion-biodiversidad.es\/en\/actualidad_home\/the-second-publication-of-the-spanish-inventory-of-traditional-knowledge-related-to-biodiversity-has-been-presented\/","name":"The second publication of the Spanish Inventory of Traditional Knowledge related to Biodiversity has been presented - Fundaci\u00f3n Biodiversidad","isPartOf":{"@id":"https:\/\/fundacion-biodiversidad.es\/en\/#website"},"primaryImageOfPage":{"@id":"https:\/\/fundacion-biodiversidad.es\/en\/actualidad_home\/the-second-publication-of-the-spanish-inventory-of-traditional-knowledge-related-to-biodiversity-has-been-presented\/#primaryimage"},"image":{"@id":"https:\/\/fundacion-biodiversidad.es\/en\/actualidad_home\/the-second-publication-of-the-spanish-inventory-of-traditional-knowledge-related-to-biodiversity-has-been-presented\/#primaryimage"},"thumbnailUrl":"https:\/\/fundacion-biodiversidad.es\/wp-content\/uploads\/2018\/05\/inventario_biodiversidad.jpg","datePublished":"2018-05-30T09:19:49+00:00","breadcrumb":{"@id":"https:\/\/fundacion-biodiversidad.es\/en\/actualidad_home\/the-second-publication-of-the-spanish-inventory-of-traditional-knowledge-related-to-biodiversity-has-been-presented\/#breadcrumb"},"inLanguage":"en-US","potentialAction":[{"@type":"ReadAction","target":["https:\/\/fundacion-biodiversidad.es\/en\/actualidad_home\/the-second-publication-of-the-spanish-inventory-of-traditional-knowledge-related-to-biodiversity-has-been-presented\/"]}]},{"@type":"ImageObject","inLanguage":"en-US","@id":"https:\/\/fundacion-biodiversidad.es\/en\/actualidad_home\/the-second-publication-of-the-spanish-inventory-of-traditional-knowledge-related-to-biodiversity-has-been-presented\/#primaryimage","url":"https:\/\/fundacion-biodiversidad.es\/wp-content\/uploads\/2018\/05\/inventario_biodiversidad.jpg","contentUrl":"https:\/\/fundacion-biodiversidad.es\/wp-content\/uploads\/2018\/05\/inventario_biodiversidad.jpg","width":747,"height":340},{"@type":"BreadcrumbList","@id":"https:\/\/fundacion-biodiversidad.es\/en\/actualidad_home\/the-second-publication-of-the-spanish-inventory-of-traditional-knowledge-related-to-biodiversity-has-been-presented\/#breadcrumb","itemListElement":[{"@type":"ListItem","position":1,"name":"Portada","item":"https:\/\/fundacion-biodiversidad.es\/en\/inicio\/"},{"@type":"ListItem","position":2,"name":"Noticias de actualidad","item":"https:\/\/fundacion-biodiversidad.es\/en\/actualidad_home\/"},{"@type":"ListItem","position":3,"name":"The second publication of the Spanish Inventory of Traditional Knowledge related to Biodiversity has been presented"}]},{"@type":"WebSite","@id":"https:\/\/fundacion-biodiversidad.es\/en\/#website","url":"https:\/\/fundacion-biodiversidad.es\/en\/","name":"Fundaci\u00f3n Biodiversidad","description":"Fundaci\u00f3n p\u00fablica adscrita al Ministerio para la Transici\u00f3n Ecol\u00f3gica","potentialAction":[{"@type":"SearchAction","target":{"@type":"EntryPoint","urlTemplate":"https:\/\/fundacion-biodiversidad.es\/en\/?s={search_term_string}"},"query-input":{"@type":"PropertyValueSpecification","valueRequired":true,"valueName":"search_term_string"}}],"inLanguage":"en-US"}]}},"_links":{"self":[{"href":"https:\/\/fundacion-biodiversidad.es\/en\/wp-json\/wp\/v2\/actualidad_home\/97858198","targetHints":{"allow":["GET"]}}],"collection":[{"href":"https:\/\/fundacion-biodiversidad.es\/en\/wp-json\/wp\/v2\/actualidad_home"}],"about":[{"href":"https:\/\/fundacion-biodiversidad.es\/en\/wp-json\/wp\/v2\/types\/actualidad_home"}],"author":[{"embeddable":true,"href":"https:\/\/fundacion-biodiversidad.es\/en\/wp-json\/wp\/v2\/users\/11"}],"wp:featuredmedia":[{"embeddable":true,"href":"https:\/\/fundacion-biodiversidad.es\/en\/wp-json\/wp\/v2\/media\/35896"}],"wp:attachment":[{"href":"https:\/\/fundacion-biodiversidad.es\/en\/wp-json\/wp\/v2\/media?parent=97858198"}],"wp:term":[{"taxonomy":"palabras_clave","embeddable":true,"href":"https:\/\/fundacion-biodiversidad.es\/en\/wp-json\/wp\/v2\/palabras_clave?post=97858198"}],"curies":[{"name":"wp","href":"https:\/\/api.w.org\/{rel}","templated":true}]}}