{"id":97858206,"date":"2018-03-14T23:57:15","date_gmt":"2018-03-14T22:57:15","guid":{"rendered":"https:\/\/fundacion-biodiversidad.es\/actualidad_home\/we-work-to-address-global-change-in-protected-areas\/"},"modified":"2018-03-14T23:57:15","modified_gmt":"2018-03-14T22:57:15","slug":"we-work-to-address-global-change-in-protected-areas","status":"publish","type":"actualidad_home","link":"https:\/\/fundacion-biodiversidad.es\/en\/actualidad_home\/we-work-to-address-global-change-in-protected-areas\/","title":{"rendered":"We work to address global change in protected areas"},"content":{"rendered":"<p>Today we have participated in the conference &#8220;Facing global change in protected areas&#8221;, within the framework <a href=\"https:\/\/cimas21.org\/\">of the I International Mountain Congress<\/a>, which is being held from March 5 to 10 in Granada. Our director, Sonia Casta\u00f1eda, has announced the main results of the ten years of operation of the <a href=\"http:\/\/www.mapama.gob.es\/es\/red-parques-nacionales\/red-seguimiento\/cambio-global.aspx\">Global Change Monitoring Network in National Parks<\/a> and some of the most representative experiences and research projects linked to mountain ecosystems that the Biodiversity Foundation has been supporting from the Network. <\/p>\n<p>The project is an example of <strong>cooperation between the public and private sectors<\/strong>, as it is the result of a collaboration agreement between the National Parks Autonomous Body, the Spanish Office for Climate Change, the State Meteorological Agency and the Biodiversity Foundation, all of them from the Ministry of Agriculture and Fisheries, Food and the Environment, and has had the support of Ferrovial Agrom\u00e1n.<\/p>\n<p>The <strong>Global Change Monitoring initiative in the National Parks Network<\/strong> was launched in 2008 to find out how the phenomenon of global change affects us, which includes, among other alterations, climate change. It is a <strong>pioneering program for the evaluation and monitoring of ecosystems in National Parks<\/strong> that allows us to know the impacts that may be generated as a result of climate change. To achieve this objective, it has a network of multi-parameter weather stations, unique in the world, for the collection and open dissemination of climatological data.  <\/p>\n<p>In these ten years of the Network&#8217;s history, <strong>we have supported 58 research projects, of which 31 have received financial aid from the Biodiversity Foundation for a total of \u20ac1,250,000.<\/strong> This year, in addition, the report &#8220;Closely observing global change in Spanish National Parks&#8221; will be available, which analyzes all the research activity linked to the Network until 2015.<\/p>\n<p>The Network currently has 21 stations and an oceanographic buoy, present in seven National Parks (Sierra Nevada, Picos de Europa, Atlantic Islands, Ordesa and Monte Perdido, Caba\u00f1eros, Cabrera, Teide). The roadmap set for the period 2016-2020 contemplates the incorporation of the entire Network of National Parks, in addition to linking biological monitoring to the climate data of the network and incorporating relevant actors, among other actions. <\/p>\n<p>Do you want to know <a href=\"http:\/\/fundacion-biodiversidad.es\/es\/cambio-climatico-calidad-ambiental\"><strong>what other climate change adaptation and mitigation projects<\/strong><\/a> we are supporting?<\/p>\n<p>You can follow our Twitter @FBiodiversidad where through the hashtags #AdaptacionCC and #CambioClimatico, we keep you informad@ of all the news and actions in the field of climate change.<\/p>\n<p>You can also visit the lifeshara.com website to find out about all the actions we are implementing within the framework of this project, which aims <strong><strong>to strengthen the governance of adaptation to climate change<\/strong><\/strong> and <strong>increase resilience<\/strong> in Spain and Portugal.<\/p>\n","protected":false},"author":11,"featured_media":35885,"template":"","meta":{"_acf_changed":false},"palabras_clave":[],"class_list":["post-97858206","actualidad_home","type-actualidad_home","status-publish","has-post-thumbnail","hentry"],"acf":[],"yoast_head":"<!-- This site is optimized with the Yoast SEO plugin v26.9 - https:\/\/yoast.com\/product\/yoast-seo-wordpress\/ -->\n<title>We work to address global change in protected areas - Fundaci\u00f3n Biodiversidad<\/title>\n<meta name=\"robots\" content=\"index, follow, max-snippet:-1, max-image-preview:large, max-video-preview:-1\" \/>\n<link rel=\"canonical\" href=\"https:\/\/fundacion-biodiversidad.es\/en\/actualidad_home\/we-work-to-address-global-change-in-protected-areas\/\" \/>\n<meta property=\"og:locale\" content=\"en_US\" \/>\n<meta property=\"og:type\" content=\"article\" \/>\n<meta property=\"og:title\" content=\"We work to address global change in protected areas - Fundaci\u00f3n Biodiversidad\" \/>\n<meta property=\"og:description\" content=\"Today we have participated in the conference &#8220;Facing global change in protected areas&#8221;, within the framework of the I International Mountain Congress, which is being [&hellip;]\" \/>\n<meta property=\"og:url\" content=\"https:\/\/fundacion-biodiversidad.es\/en\/actualidad_home\/we-work-to-address-global-change-in-protected-areas\/\" \/>\n<meta property=\"og:site_name\" content=\"Fundaci\u00f3n Biodiversidad\" \/>\n<meta property=\"og:image\" content=\"https:\/\/fundacion-biodiversidad.es\/wp-content\/uploads\/2023\/01\/2487661294_35330241_720x405.png\" \/>\n\t<meta property=\"og:image:width\" content=\"720\" \/>\n\t<meta property=\"og:image:height\" content=\"405\" \/>\n\t<meta property=\"og:image:type\" content=\"image\/png\" \/>\n<meta name=\"twitter:card\" content=\"summary_large_image\" \/>\n<meta name=\"twitter:label1\" content=\"Est. reading time\" \/>\n\t<meta name=\"twitter:data1\" content=\"2 minutes\" \/>\n<script type=\"application\/ld+json\" class=\"yoast-schema-graph\">{\"@context\":\"https:\/\/schema.org\",\"@graph\":[{\"@type\":\"WebPage\",\"@id\":\"https:\/\/fundacion-biodiversidad.es\/en\/actualidad_home\/we-work-to-address-global-change-in-protected-areas\/\",\"url\":\"https:\/\/fundacion-biodiversidad.es\/en\/actualidad_home\/we-work-to-address-global-change-in-protected-areas\/\",\"name\":\"We work to address global change in protected areas - Fundaci\u00f3n Biodiversidad\",\"isPartOf\":{\"@id\":\"https:\/\/fundacion-biodiversidad.es\/en\/#website\"},\"primaryImageOfPage\":{\"@id\":\"https:\/\/fundacion-biodiversidad.es\/en\/actualidad_home\/we-work-to-address-global-change-in-protected-areas\/#primaryimage\"},\"image\":{\"@id\":\"https:\/\/fundacion-biodiversidad.es\/en\/actualidad_home\/we-work-to-address-global-change-in-protected-areas\/#primaryimage\"},\"thumbnailUrl\":\"https:\/\/fundacion-biodiversidad.es\/wp-content\/uploads\/2018\/03\/cimas.jpg\",\"datePublished\":\"2018-03-14T22:57:15+00:00\",\"breadcrumb\":{\"@id\":\"https:\/\/fundacion-biodiversidad.es\/en\/actualidad_home\/we-work-to-address-global-change-in-protected-areas\/#breadcrumb\"},\"inLanguage\":\"en-US\",\"potentialAction\":[{\"@type\":\"ReadAction\",\"target\":[\"https:\/\/fundacion-biodiversidad.es\/en\/actualidad_home\/we-work-to-address-global-change-in-protected-areas\/\"]}]},{\"@type\":\"ImageObject\",\"inLanguage\":\"en-US\",\"@id\":\"https:\/\/fundacion-biodiversidad.es\/en\/actualidad_home\/we-work-to-address-global-change-in-protected-areas\/#primaryimage\",\"url\":\"https:\/\/fundacion-biodiversidad.es\/wp-content\/uploads\/2018\/03\/cimas.jpg\",\"contentUrl\":\"https:\/\/fundacion-biodiversidad.es\/wp-content\/uploads\/2018\/03\/cimas.jpg\",\"width\":346,\"height\":231},{\"@type\":\"BreadcrumbList\",\"@id\":\"https:\/\/fundacion-biodiversidad.es\/en\/actualidad_home\/we-work-to-address-global-change-in-protected-areas\/#breadcrumb\",\"itemListElement\":[{\"@type\":\"ListItem\",\"position\":1,\"name\":\"Portada\",\"item\":\"https:\/\/fundacion-biodiversidad.es\/en\/inicio\/\"},{\"@type\":\"ListItem\",\"position\":2,\"name\":\"Noticias de actualidad\",\"item\":\"https:\/\/fundacion-biodiversidad.es\/en\/actualidad_home\/\"},{\"@type\":\"ListItem\",\"position\":3,\"name\":\"We work to address global change in protected areas\"}]},{\"@type\":\"WebSite\",\"@id\":\"https:\/\/fundacion-biodiversidad.es\/en\/#website\",\"url\":\"https:\/\/fundacion-biodiversidad.es\/en\/\",\"name\":\"Fundaci\u00f3n Biodiversidad\",\"description\":\"Fundaci\u00f3n p\u00fablica adscrita al Ministerio para la Transici\u00f3n Ecol\u00f3gica\",\"potentialAction\":[{\"@type\":\"SearchAction\",\"target\":{\"@type\":\"EntryPoint\",\"urlTemplate\":\"https:\/\/fundacion-biodiversidad.es\/en\/?s={search_term_string}\"},\"query-input\":{\"@type\":\"PropertyValueSpecification\",\"valueRequired\":true,\"valueName\":\"search_term_string\"}}],\"inLanguage\":\"en-US\"}]}<\/script>\n<!-- \/ Yoast SEO plugin. -->","yoast_head_json":{"title":"We work to address global change in protected areas - Fundaci\u00f3n Biodiversidad","robots":{"index":"index","follow":"follow","max-snippet":"max-snippet:-1","max-image-preview":"max-image-preview:large","max-video-preview":"max-video-preview:-1"},"canonical":"https:\/\/fundacion-biodiversidad.es\/en\/actualidad_home\/we-work-to-address-global-change-in-protected-areas\/","og_locale":"en_US","og_type":"article","og_title":"We work to address global change in protected areas - Fundaci\u00f3n Biodiversidad","og_description":"Today we have participated in the conference &#8220;Facing global change in protected areas&#8221;, within the framework of the I International Mountain Congress, which is being [&hellip;]","og_url":"https:\/\/fundacion-biodiversidad.es\/en\/actualidad_home\/we-work-to-address-global-change-in-protected-areas\/","og_site_name":"Fundaci\u00f3n Biodiversidad","og_image":[{"width":720,"height":405,"url":"https:\/\/fundacion-biodiversidad.es\/wp-content\/uploads\/2023\/01\/2487661294_35330241_720x405.png","type":"image\/png"}],"twitter_card":"summary_large_image","twitter_misc":{"Est. reading time":"2 minutes"},"schema":{"@context":"https:\/\/schema.org","@graph":[{"@type":"WebPage","@id":"https:\/\/fundacion-biodiversidad.es\/en\/actualidad_home\/we-work-to-address-global-change-in-protected-areas\/","url":"https:\/\/fundacion-biodiversidad.es\/en\/actualidad_home\/we-work-to-address-global-change-in-protected-areas\/","name":"We work to address global change in protected areas - Fundaci\u00f3n Biodiversidad","isPartOf":{"@id":"https:\/\/fundacion-biodiversidad.es\/en\/#website"},"primaryImageOfPage":{"@id":"https:\/\/fundacion-biodiversidad.es\/en\/actualidad_home\/we-work-to-address-global-change-in-protected-areas\/#primaryimage"},"image":{"@id":"https:\/\/fundacion-biodiversidad.es\/en\/actualidad_home\/we-work-to-address-global-change-in-protected-areas\/#primaryimage"},"thumbnailUrl":"https:\/\/fundacion-biodiversidad.es\/wp-content\/uploads\/2018\/03\/cimas.jpg","datePublished":"2018-03-14T22:57:15+00:00","breadcrumb":{"@id":"https:\/\/fundacion-biodiversidad.es\/en\/actualidad_home\/we-work-to-address-global-change-in-protected-areas\/#breadcrumb"},"inLanguage":"en-US","potentialAction":[{"@type":"ReadAction","target":["https:\/\/fundacion-biodiversidad.es\/en\/actualidad_home\/we-work-to-address-global-change-in-protected-areas\/"]}]},{"@type":"ImageObject","inLanguage":"en-US","@id":"https:\/\/fundacion-biodiversidad.es\/en\/actualidad_home\/we-work-to-address-global-change-in-protected-areas\/#primaryimage","url":"https:\/\/fundacion-biodiversidad.es\/wp-content\/uploads\/2018\/03\/cimas.jpg","contentUrl":"https:\/\/fundacion-biodiversidad.es\/wp-content\/uploads\/2018\/03\/cimas.jpg","width":346,"height":231},{"@type":"BreadcrumbList","@id":"https:\/\/fundacion-biodiversidad.es\/en\/actualidad_home\/we-work-to-address-global-change-in-protected-areas\/#breadcrumb","itemListElement":[{"@type":"ListItem","position":1,"name":"Portada","item":"https:\/\/fundacion-biodiversidad.es\/en\/inicio\/"},{"@type":"ListItem","position":2,"name":"Noticias de actualidad","item":"https:\/\/fundacion-biodiversidad.es\/en\/actualidad_home\/"},{"@type":"ListItem","position":3,"name":"We work to address global change in protected areas"}]},{"@type":"WebSite","@id":"https:\/\/fundacion-biodiversidad.es\/en\/#website","url":"https:\/\/fundacion-biodiversidad.es\/en\/","name":"Fundaci\u00f3n Biodiversidad","description":"Fundaci\u00f3n p\u00fablica adscrita al Ministerio para la Transici\u00f3n Ecol\u00f3gica","potentialAction":[{"@type":"SearchAction","target":{"@type":"EntryPoint","urlTemplate":"https:\/\/fundacion-biodiversidad.es\/en\/?s={search_term_string}"},"query-input":{"@type":"PropertyValueSpecification","valueRequired":true,"valueName":"search_term_string"}}],"inLanguage":"en-US"}]}},"_links":{"self":[{"href":"https:\/\/fundacion-biodiversidad.es\/en\/wp-json\/wp\/v2\/actualidad_home\/97858206","targetHints":{"allow":["GET"]}}],"collection":[{"href":"https:\/\/fundacion-biodiversidad.es\/en\/wp-json\/wp\/v2\/actualidad_home"}],"about":[{"href":"https:\/\/fundacion-biodiversidad.es\/en\/wp-json\/wp\/v2\/types\/actualidad_home"}],"author":[{"embeddable":true,"href":"https:\/\/fundacion-biodiversidad.es\/en\/wp-json\/wp\/v2\/users\/11"}],"wp:featuredmedia":[{"embeddable":true,"href":"https:\/\/fundacion-biodiversidad.es\/en\/wp-json\/wp\/v2\/media\/35885"}],"wp:attachment":[{"href":"https:\/\/fundacion-biodiversidad.es\/en\/wp-json\/wp\/v2\/media?parent=97858206"}],"wp:term":[{"taxonomy":"palabras_clave","embeddable":true,"href":"https:\/\/fundacion-biodiversidad.es\/en\/wp-json\/wp\/v2\/palabras_clave?post=97858206"}],"curies":[{"name":"wp","href":"https:\/\/api.w.org\/{rel}","templated":true}]}}