{"id":97858209,"date":"2018-02-21T14:10:30","date_gmt":"2018-02-21T13:10:30","guid":{"rendered":"https:\/\/fundacion-biodiversidad.es\/actualidad_home\/we-are-launching-a-participatory-process-to-manage-12-marine-spaces-in-the-levant\/"},"modified":"2018-02-21T14:10:30","modified_gmt":"2018-02-21T13:10:30","slug":"we-are-launching-a-participatory-process-to-manage-12-marine-spaces-in-the-levant","status":"publish","type":"actualidad_home","link":"https:\/\/fundacion-biodiversidad.es\/en\/actualidad_home\/we-are-launching-a-participatory-process-to-manage-12-marine-spaces-in-the-levant\/","title":{"rendered":"We are launching a participatory process to manage 12 marine spaces in the Levant"},"content":{"rendered":"<p>With LIFE IP INTEMARES we want to involve the local population in the development of management plans for marine protected areas<br \/>\n<!--more--><\/p>\n<p>With LIFE IP INTEMARES we want to involve the local population in the development of management plans for marine protected areas so that the conservation of natural values is compatible with the development of sustainable economic and tourist activities.<\/p>\n<p>With this objective, we are holding three workshops during these days that have the participation of socioeconomic sectors, public administrations and other agents involved in the management and use of 12 marine protected areas in the Levant.&nbsp;<\/p>\n<p>After a first prior public consultation, the first workshop took place in Castell\u00f3n with more than 50 participants, where the regulation of the activities of four of these spaces located in front of the provinces of Castell\u00f3n and Tarragona was addressed: a Site of Community Importance (SCI), a Special Protection Area for Birds (SPA),  and two more spaces, declared by both figures of protection.<\/p>\n<p>This afternoon a second workshop will take place in X\u00e0bia (Alicante) for the preparation of the management plan of the SCI Marine Space of the Marina Alta.<\/p>\n<p>The workshops are part of a process that aims to promote the exchange of information and participation about the uses and activities developed in marine protected areas as well as about the regulatory measures to be included in the management instruments.<\/p>\n<p>The last face-to-face workshop will take place tomorrow in Alicante, where agents and users involved in the management of seven SCIs and SPAs located in the provinces of Alicante and Murcia will participate.<\/p>\n<p><strong>ACTIVE PARTICIPATION  <\/strong><\/p>\n<p>Participation is one of the hallmarks of the LIFE IP INTEMARES project. With this initiative, in Spain we will be able to comply with the international commitment to effectively and sustainably protect more than 10% of its marine surface. <\/p>\n<p>The LIFE IP INTEMARES project is coordinated by the Ministry of Agriculture and Fisheries, Food and the Environment, through the Biodiversity Foundation, and acts as a partner through the General Directorate of Sustainability of the Coast and the Sea. The Spanish Institute of Oceanography, the Spanish Fisheries Confederation, SEO\/BirdLife and WWF-Spain participate as partners. <\/p>\n<p>It has the financial contribution of the European Union&#8217;s LIFE Programme, as well as the European Social Fund and the European Maritime and Fisheries Fund, among other sources of funding.<\/p>\n<p><strong>Do you want to know more about our actions at LIFE IP INTEMARES?<\/strong><\/p>\n<p>Soon you will have all the information about the project on the new website we are working on. In the meantime,<strong> you can follow our twitter @FBiodiversidad where through the hashtag #Intemares<\/strong>, we keep you informad@ of all the news and performances. <\/p>\n<p>You can also subscribe to our newsletter through the following <a href=\"http:\/\/fundacion-biodiversidad.es\/es\/prensa\/boletines\/704\" target=\"_blank\" rel=\"noopener\">link<\/a>, and thus follow in detail the progress of the largest marine conservation project in Europe.<\/p>\n","protected":false},"author":11,"featured_media":35884,"template":"","meta":{"_acf_changed":false},"palabras_clave":[],"class_list":["post-97858209","actualidad_home","type-actualidad_home","status-publish","has-post-thumbnail","hentry"],"acf":[],"yoast_head":"<!-- This site is optimized with the Yoast SEO plugin v26.9 - https:\/\/yoast.com\/product\/yoast-seo-wordpress\/ -->\n<title>We are launching a participatory process to manage 12 marine spaces in the Levant - Fundaci\u00f3n Biodiversidad<\/title>\n<meta name=\"robots\" content=\"index, follow, max-snippet:-1, max-image-preview:large, max-video-preview:-1\" \/>\n<link rel=\"canonical\" href=\"https:\/\/fundacion-biodiversidad.es\/en\/actualidad_home\/we-are-launching-a-participatory-process-to-manage-12-marine-spaces-in-the-levant\/\" \/>\n<meta property=\"og:locale\" content=\"en_US\" \/>\n<meta property=\"og:type\" content=\"article\" \/>\n<meta property=\"og:title\" content=\"We are launching a participatory process to manage 12 marine spaces in the Levant - Fundaci\u00f3n Biodiversidad\" \/>\n<meta property=\"og:description\" content=\"With LIFE IP INTEMARES we want to involve the local population in the development of management plans for marine protected areas\" \/>\n<meta property=\"og:url\" content=\"https:\/\/fundacion-biodiversidad.es\/en\/actualidad_home\/we-are-launching-a-participatory-process-to-manage-12-marine-spaces-in-the-levant\/\" \/>\n<meta property=\"og:site_name\" content=\"Fundaci\u00f3n Biodiversidad\" \/>\n<meta property=\"og:image\" content=\"https:\/\/fundacion-biodiversidad.es\/wp-content\/uploads\/2023\/01\/2487661294_35330241_720x405.png\" \/>\n\t<meta property=\"og:image:width\" content=\"720\" \/>\n\t<meta property=\"og:image:height\" content=\"405\" \/>\n\t<meta property=\"og:image:type\" content=\"image\/png\" \/>\n<meta name=\"twitter:card\" content=\"summary_large_image\" \/>\n<meta name=\"twitter:label1\" content=\"Est. reading time\" \/>\n\t<meta name=\"twitter:data1\" content=\"2 minutes\" \/>\n<script type=\"application\/ld+json\" class=\"yoast-schema-graph\">{\"@context\":\"https:\/\/schema.org\",\"@graph\":[{\"@type\":\"WebPage\",\"@id\":\"https:\/\/fundacion-biodiversidad.es\/en\/actualidad_home\/we-are-launching-a-participatory-process-to-manage-12-marine-spaces-in-the-levant\/\",\"url\":\"https:\/\/fundacion-biodiversidad.es\/en\/actualidad_home\/we-are-launching-a-participatory-process-to-manage-12-marine-spaces-in-the-levant\/\",\"name\":\"We are launching a participatory process to manage 12 marine spaces in the Levant - Fundaci\u00f3n Biodiversidad\",\"isPartOf\":{\"@id\":\"https:\/\/fundacion-biodiversidad.es\/en\/#website\"},\"primaryImageOfPage\":{\"@id\":\"https:\/\/fundacion-biodiversidad.es\/en\/actualidad_home\/we-are-launching-a-participatory-process-to-manage-12-marine-spaces-in-the-levant\/#primaryimage\"},\"image\":{\"@id\":\"https:\/\/fundacion-biodiversidad.es\/en\/actualidad_home\/we-are-launching-a-participatory-process-to-manage-12-marine-spaces-in-the-levant\/#primaryimage\"},\"thumbnailUrl\":\"https:\/\/fundacion-biodiversidad.es\/wp-content\/uploads\/2018\/03\/taller-castellon-life-intemares.jpg\",\"datePublished\":\"2018-02-21T13:10:30+00:00\",\"breadcrumb\":{\"@id\":\"https:\/\/fundacion-biodiversidad.es\/en\/actualidad_home\/we-are-launching-a-participatory-process-to-manage-12-marine-spaces-in-the-levant\/#breadcrumb\"},\"inLanguage\":\"en-US\",\"potentialAction\":[{\"@type\":\"ReadAction\",\"target\":[\"https:\/\/fundacion-biodiversidad.es\/en\/actualidad_home\/we-are-launching-a-participatory-process-to-manage-12-marine-spaces-in-the-levant\/\"]}]},{\"@type\":\"ImageObject\",\"inLanguage\":\"en-US\",\"@id\":\"https:\/\/fundacion-biodiversidad.es\/en\/actualidad_home\/we-are-launching-a-participatory-process-to-manage-12-marine-spaces-in-the-levant\/#primaryimage\",\"url\":\"https:\/\/fundacion-biodiversidad.es\/wp-content\/uploads\/2018\/03\/taller-castellon-life-intemares.jpg\",\"contentUrl\":\"https:\/\/fundacion-biodiversidad.es\/wp-content\/uploads\/2018\/03\/taller-castellon-life-intemares.jpg\",\"width\":346,\"height\":231},{\"@type\":\"BreadcrumbList\",\"@id\":\"https:\/\/fundacion-biodiversidad.es\/en\/actualidad_home\/we-are-launching-a-participatory-process-to-manage-12-marine-spaces-in-the-levant\/#breadcrumb\",\"itemListElement\":[{\"@type\":\"ListItem\",\"position\":1,\"name\":\"Portada\",\"item\":\"https:\/\/fundacion-biodiversidad.es\/en\/inicio\/\"},{\"@type\":\"ListItem\",\"position\":2,\"name\":\"Noticias de actualidad\",\"item\":\"https:\/\/fundacion-biodiversidad.es\/en\/actualidad_home\/\"},{\"@type\":\"ListItem\",\"position\":3,\"name\":\"We are launching a participatory process to manage 12 marine spaces in the Levant\"}]},{\"@type\":\"WebSite\",\"@id\":\"https:\/\/fundacion-biodiversidad.es\/en\/#website\",\"url\":\"https:\/\/fundacion-biodiversidad.es\/en\/\",\"name\":\"Fundaci\u00f3n Biodiversidad\",\"description\":\"Fundaci\u00f3n p\u00fablica adscrita al Ministerio para la Transici\u00f3n Ecol\u00f3gica\",\"potentialAction\":[{\"@type\":\"SearchAction\",\"target\":{\"@type\":\"EntryPoint\",\"urlTemplate\":\"https:\/\/fundacion-biodiversidad.es\/en\/?s={search_term_string}\"},\"query-input\":{\"@type\":\"PropertyValueSpecification\",\"valueRequired\":true,\"valueName\":\"search_term_string\"}}],\"inLanguage\":\"en-US\"}]}<\/script>\n<!-- \/ Yoast SEO plugin. -->","yoast_head_json":{"title":"We are launching a participatory process to manage 12 marine spaces in the Levant - Fundaci\u00f3n Biodiversidad","robots":{"index":"index","follow":"follow","max-snippet":"max-snippet:-1","max-image-preview":"max-image-preview:large","max-video-preview":"max-video-preview:-1"},"canonical":"https:\/\/fundacion-biodiversidad.es\/en\/actualidad_home\/we-are-launching-a-participatory-process-to-manage-12-marine-spaces-in-the-levant\/","og_locale":"en_US","og_type":"article","og_title":"We are launching a participatory process to manage 12 marine spaces in the Levant - Fundaci\u00f3n Biodiversidad","og_description":"With LIFE IP INTEMARES we want to involve the local population in the development of management plans for marine protected areas","og_url":"https:\/\/fundacion-biodiversidad.es\/en\/actualidad_home\/we-are-launching-a-participatory-process-to-manage-12-marine-spaces-in-the-levant\/","og_site_name":"Fundaci\u00f3n Biodiversidad","og_image":[{"width":720,"height":405,"url":"https:\/\/fundacion-biodiversidad.es\/wp-content\/uploads\/2023\/01\/2487661294_35330241_720x405.png","type":"image\/png"}],"twitter_card":"summary_large_image","twitter_misc":{"Est. reading time":"2 minutes"},"schema":{"@context":"https:\/\/schema.org","@graph":[{"@type":"WebPage","@id":"https:\/\/fundacion-biodiversidad.es\/en\/actualidad_home\/we-are-launching-a-participatory-process-to-manage-12-marine-spaces-in-the-levant\/","url":"https:\/\/fundacion-biodiversidad.es\/en\/actualidad_home\/we-are-launching-a-participatory-process-to-manage-12-marine-spaces-in-the-levant\/","name":"We are launching a participatory process to manage 12 marine spaces in the Levant - Fundaci\u00f3n Biodiversidad","isPartOf":{"@id":"https:\/\/fundacion-biodiversidad.es\/en\/#website"},"primaryImageOfPage":{"@id":"https:\/\/fundacion-biodiversidad.es\/en\/actualidad_home\/we-are-launching-a-participatory-process-to-manage-12-marine-spaces-in-the-levant\/#primaryimage"},"image":{"@id":"https:\/\/fundacion-biodiversidad.es\/en\/actualidad_home\/we-are-launching-a-participatory-process-to-manage-12-marine-spaces-in-the-levant\/#primaryimage"},"thumbnailUrl":"https:\/\/fundacion-biodiversidad.es\/wp-content\/uploads\/2018\/03\/taller-castellon-life-intemares.jpg","datePublished":"2018-02-21T13:10:30+00:00","breadcrumb":{"@id":"https:\/\/fundacion-biodiversidad.es\/en\/actualidad_home\/we-are-launching-a-participatory-process-to-manage-12-marine-spaces-in-the-levant\/#breadcrumb"},"inLanguage":"en-US","potentialAction":[{"@type":"ReadAction","target":["https:\/\/fundacion-biodiversidad.es\/en\/actualidad_home\/we-are-launching-a-participatory-process-to-manage-12-marine-spaces-in-the-levant\/"]}]},{"@type":"ImageObject","inLanguage":"en-US","@id":"https:\/\/fundacion-biodiversidad.es\/en\/actualidad_home\/we-are-launching-a-participatory-process-to-manage-12-marine-spaces-in-the-levant\/#primaryimage","url":"https:\/\/fundacion-biodiversidad.es\/wp-content\/uploads\/2018\/03\/taller-castellon-life-intemares.jpg","contentUrl":"https:\/\/fundacion-biodiversidad.es\/wp-content\/uploads\/2018\/03\/taller-castellon-life-intemares.jpg","width":346,"height":231},{"@type":"BreadcrumbList","@id":"https:\/\/fundacion-biodiversidad.es\/en\/actualidad_home\/we-are-launching-a-participatory-process-to-manage-12-marine-spaces-in-the-levant\/#breadcrumb","itemListElement":[{"@type":"ListItem","position":1,"name":"Portada","item":"https:\/\/fundacion-biodiversidad.es\/en\/inicio\/"},{"@type":"ListItem","position":2,"name":"Noticias de actualidad","item":"https:\/\/fundacion-biodiversidad.es\/en\/actualidad_home\/"},{"@type":"ListItem","position":3,"name":"We are launching a participatory process to manage 12 marine spaces in the Levant"}]},{"@type":"WebSite","@id":"https:\/\/fundacion-biodiversidad.es\/en\/#website","url":"https:\/\/fundacion-biodiversidad.es\/en\/","name":"Fundaci\u00f3n Biodiversidad","description":"Fundaci\u00f3n p\u00fablica adscrita al Ministerio para la Transici\u00f3n Ecol\u00f3gica","potentialAction":[{"@type":"SearchAction","target":{"@type":"EntryPoint","urlTemplate":"https:\/\/fundacion-biodiversidad.es\/en\/?s={search_term_string}"},"query-input":{"@type":"PropertyValueSpecification","valueRequired":true,"valueName":"search_term_string"}}],"inLanguage":"en-US"}]}},"_links":{"self":[{"href":"https:\/\/fundacion-biodiversidad.es\/en\/wp-json\/wp\/v2\/actualidad_home\/97858209","targetHints":{"allow":["GET"]}}],"collection":[{"href":"https:\/\/fundacion-biodiversidad.es\/en\/wp-json\/wp\/v2\/actualidad_home"}],"about":[{"href":"https:\/\/fundacion-biodiversidad.es\/en\/wp-json\/wp\/v2\/types\/actualidad_home"}],"author":[{"embeddable":true,"href":"https:\/\/fundacion-biodiversidad.es\/en\/wp-json\/wp\/v2\/users\/11"}],"wp:featuredmedia":[{"embeddable":true,"href":"https:\/\/fundacion-biodiversidad.es\/en\/wp-json\/wp\/v2\/media\/35884"}],"wp:attachment":[{"href":"https:\/\/fundacion-biodiversidad.es\/en\/wp-json\/wp\/v2\/media?parent=97858209"}],"wp:term":[{"taxonomy":"palabras_clave","embeddable":true,"href":"https:\/\/fundacion-biodiversidad.es\/en\/wp-json\/wp\/v2\/palabras_clave?post=97858209"}],"curies":[{"name":"wp","href":"https:\/\/api.w.org\/{rel}","templated":true}]}}