{"id":97858211,"date":"2018-02-15T14:30:59","date_gmt":"2018-02-15T13:30:59","guid":{"rendered":"https:\/\/fundacion-biodiversidad.es\/actualidad_home\/we-start-the-evaluation-of-the-pnacc-within-the-framework-of-the-life-shara-project\/"},"modified":"2018-02-15T14:30:59","modified_gmt":"2018-02-15T13:30:59","slug":"we-start-the-evaluation-of-the-pnacc-within-the-framework-of-the-life-shara-project","status":"publish","type":"actualidad_home","link":"https:\/\/fundacion-biodiversidad.es\/en\/actualidad_home\/we-start-the-evaluation-of-the-pnacc-within-the-framework-of-the-life-shara-project\/","title":{"rendered":"We start the evaluation of the PNACC within the framework of the LIFE SHARA project"},"content":{"rendered":"<p>During this meeting, the advisory group, made up of experts from different fields, has set out the objectives and means of the evaluation and the aspects to be evaluated throughout the process.<br \/>\n<!--more--><\/p>\n<p>Today we have participated in the <strong>first meeting for the evaluation of the National Plan for Adaptation to Climate Change (PNACC),<\/strong> within the framework of the <a href=\"http:\/\/www.lifeshara.com\/es\" target=\"_blank\" rel=\"noopener\">LIFE SHARA project<\/a>. During this meeting, the advisory group, made up <strong>of experts from different fields (European institutions, the academic sector, the private sector, research, civil society, autonomous communities and the General State Administration),<\/strong> has set out the objectives and means of the evaluation and the aspects to be evaluated throughout the process. <\/p>\n<p>In the next fifteen months, the in-depth evaluation of the Plan will be carried out, which will include an analysis of the impact of the activities that have been carried out in the field of adaptation in Spain and their contribution to strengthening the country&#8217;s resilience to climate change.<\/p>\n<p>This is the first meeting of the advisory group of the four scheduled between 2018 and 2019, when the final evaluation report and the draft of the new National Plan for Adaptation to Climate Change will be presented.<\/p>\n<p>With the LIFE SHARA c<strong>We work to build a society that is better adapted to climate change, cooperating with all the actors involved, generating knowledge and increasing social awareness.<\/strong>  LIFE SHARA is coordinated by the Ministry of Agriculture and Fisheries, Food and the Environment, has a budget of more than 1.5 million euros, 57% co-financed through LIFE funds, and has as partners the Spanish Office for Climate Change, the State Meteorological Agency (AEMET), the Autonomous Agency of National Parks -through the National Center for Environmental Education (CENEAM)- and the Portuguese Agency for the Environment.<\/p>\n<p><strong>Do you want to know more about our climate change adaptation projects?<\/strong><\/p>\n<p>Check our <a href=\"http:\/\/www.lifeshara.com\/\">website http:\/\/www.lifeshara.com\/<\/a> to access all the information about the project. You can also follow us on Twitter @FBiodiversidad where through the hashtag #LIFESHARA and #Adaptaci\u00f3nCC, we keep you informad@ of all the news and performances. <\/p>\n<p>To keep up to date with the latest developments in the project, <strong>we recommend that you subscribe to the <\/strong><strong><u><a href=\"http:\/\/www.adaptecca.es\/\">AdapteCCa<\/a><\/u><\/strong> newsletter (Platform for the exchange and consultation of information on adaptation to climate change in Spain), or subscribe to <a href=\"http:\/\/www.lifeshara.com\/es\/prensa\/boletin\">our newsletter<\/a> with the <strong>most outstanding news and developments on adaptation to climate change<\/strong>.<\/p>\n","protected":false},"author":11,"featured_media":35883,"template":"","meta":{"_acf_changed":false},"palabras_clave":[],"class_list":["post-97858211","actualidad_home","type-actualidad_home","status-publish","has-post-thumbnail","hentry"],"acf":[],"yoast_head":"<!-- This site is optimized with the Yoast SEO plugin v26.9 - https:\/\/yoast.com\/product\/yoast-seo-wordpress\/ -->\n<title>We start the evaluation of the PNACC within the framework of the LIFE SHARA project - Fundaci\u00f3n Biodiversidad<\/title>\n<meta name=\"robots\" content=\"index, follow, max-snippet:-1, max-image-preview:large, max-video-preview:-1\" \/>\n<link rel=\"canonical\" href=\"https:\/\/fundacion-biodiversidad.es\/en\/actualidad_home\/we-start-the-evaluation-of-the-pnacc-within-the-framework-of-the-life-shara-project\/\" \/>\n<meta property=\"og:locale\" content=\"en_US\" \/>\n<meta property=\"og:type\" content=\"article\" \/>\n<meta property=\"og:title\" content=\"We start the evaluation of the PNACC within the framework of the LIFE SHARA project - Fundaci\u00f3n Biodiversidad\" \/>\n<meta property=\"og:description\" content=\"During this meeting, the advisory group, made up of experts from different fields, has set out the objectives and means of the evaluation and the [&hellip;]\" \/>\n<meta property=\"og:url\" content=\"https:\/\/fundacion-biodiversidad.es\/en\/actualidad_home\/we-start-the-evaluation-of-the-pnacc-within-the-framework-of-the-life-shara-project\/\" \/>\n<meta property=\"og:site_name\" content=\"Fundaci\u00f3n Biodiversidad\" \/>\n<meta property=\"og:image\" content=\"https:\/\/fundacion-biodiversidad.es\/wp-content\/uploads\/2023\/01\/2487661294_35330241_720x405.png\" \/>\n\t<meta property=\"og:image:width\" content=\"720\" \/>\n\t<meta property=\"og:image:height\" content=\"405\" \/>\n\t<meta property=\"og:image:type\" content=\"image\/png\" \/>\n<meta name=\"twitter:card\" content=\"summary_large_image\" \/>\n<meta name=\"twitter:label1\" content=\"Est. reading time\" \/>\n\t<meta name=\"twitter:data1\" content=\"2 minutes\" \/>\n<script type=\"application\/ld+json\" class=\"yoast-schema-graph\">{\"@context\":\"https:\/\/schema.org\",\"@graph\":[{\"@type\":\"WebPage\",\"@id\":\"https:\/\/fundacion-biodiversidad.es\/en\/actualidad_home\/we-start-the-evaluation-of-the-pnacc-within-the-framework-of-the-life-shara-project\/\",\"url\":\"https:\/\/fundacion-biodiversidad.es\/en\/actualidad_home\/we-start-the-evaluation-of-the-pnacc-within-the-framework-of-the-life-shara-project\/\",\"name\":\"We start the evaluation of the PNACC within the framework of the LIFE SHARA project - Fundaci\u00f3n Biodiversidad\",\"isPartOf\":{\"@id\":\"https:\/\/fundacion-biodiversidad.es\/en\/#website\"},\"primaryImageOfPage\":{\"@id\":\"https:\/\/fundacion-biodiversidad.es\/en\/actualidad_home\/we-start-the-evaluation-of-the-pnacc-within-the-framework-of-the-life-shara-project\/#primaryimage\"},\"image\":{\"@id\":\"https:\/\/fundacion-biodiversidad.es\/en\/actualidad_home\/we-start-the-evaluation-of-the-pnacc-within-the-framework-of-the-life-shara-project\/#primaryimage\"},\"thumbnailUrl\":\"https:\/\/fundacion-biodiversidad.es\/wp-content\/uploads\/2018\/02\/primera-reunion-de-evaluacion-del-pnacc-en-el-marco-del-proyecto-life-shara-scaled.jpg\",\"datePublished\":\"2018-02-15T13:30:59+00:00\",\"breadcrumb\":{\"@id\":\"https:\/\/fundacion-biodiversidad.es\/en\/actualidad_home\/we-start-the-evaluation-of-the-pnacc-within-the-framework-of-the-life-shara-project\/#breadcrumb\"},\"inLanguage\":\"en-US\",\"potentialAction\":[{\"@type\":\"ReadAction\",\"target\":[\"https:\/\/fundacion-biodiversidad.es\/en\/actualidad_home\/we-start-the-evaluation-of-the-pnacc-within-the-framework-of-the-life-shara-project\/\"]}]},{\"@type\":\"ImageObject\",\"inLanguage\":\"en-US\",\"@id\":\"https:\/\/fundacion-biodiversidad.es\/en\/actualidad_home\/we-start-the-evaluation-of-the-pnacc-within-the-framework-of-the-life-shara-project\/#primaryimage\",\"url\":\"https:\/\/fundacion-biodiversidad.es\/wp-content\/uploads\/2018\/02\/primera-reunion-de-evaluacion-del-pnacc-en-el-marco-del-proyecto-life-shara-scaled.jpg\",\"contentUrl\":\"https:\/\/fundacion-biodiversidad.es\/wp-content\/uploads\/2018\/02\/primera-reunion-de-evaluacion-del-pnacc-en-el-marco-del-proyecto-life-shara-scaled.jpg\",\"width\":2560,\"height\":1432},{\"@type\":\"BreadcrumbList\",\"@id\":\"https:\/\/fundacion-biodiversidad.es\/en\/actualidad_home\/we-start-the-evaluation-of-the-pnacc-within-the-framework-of-the-life-shara-project\/#breadcrumb\",\"itemListElement\":[{\"@type\":\"ListItem\",\"position\":1,\"name\":\"Portada\",\"item\":\"https:\/\/fundacion-biodiversidad.es\/en\/inicio\/\"},{\"@type\":\"ListItem\",\"position\":2,\"name\":\"Noticias de actualidad\",\"item\":\"https:\/\/fundacion-biodiversidad.es\/en\/actualidad_home\/\"},{\"@type\":\"ListItem\",\"position\":3,\"name\":\"We start the evaluation of the PNACC within the framework of the LIFE SHARA project\"}]},{\"@type\":\"WebSite\",\"@id\":\"https:\/\/fundacion-biodiversidad.es\/en\/#website\",\"url\":\"https:\/\/fundacion-biodiversidad.es\/en\/\",\"name\":\"Fundaci\u00f3n Biodiversidad\",\"description\":\"Fundaci\u00f3n p\u00fablica adscrita al Ministerio para la Transici\u00f3n Ecol\u00f3gica\",\"potentialAction\":[{\"@type\":\"SearchAction\",\"target\":{\"@type\":\"EntryPoint\",\"urlTemplate\":\"https:\/\/fundacion-biodiversidad.es\/en\/?s={search_term_string}\"},\"query-input\":{\"@type\":\"PropertyValueSpecification\",\"valueRequired\":true,\"valueName\":\"search_term_string\"}}],\"inLanguage\":\"en-US\"}]}<\/script>\n<!-- \/ Yoast SEO plugin. -->","yoast_head_json":{"title":"We start the evaluation of the PNACC within the framework of the LIFE SHARA project - Fundaci\u00f3n Biodiversidad","robots":{"index":"index","follow":"follow","max-snippet":"max-snippet:-1","max-image-preview":"max-image-preview:large","max-video-preview":"max-video-preview:-1"},"canonical":"https:\/\/fundacion-biodiversidad.es\/en\/actualidad_home\/we-start-the-evaluation-of-the-pnacc-within-the-framework-of-the-life-shara-project\/","og_locale":"en_US","og_type":"article","og_title":"We start the evaluation of the PNACC within the framework of the LIFE SHARA project - Fundaci\u00f3n Biodiversidad","og_description":"During this meeting, the advisory group, made up of experts from different fields, has set out the objectives and means of the evaluation and the [&hellip;]","og_url":"https:\/\/fundacion-biodiversidad.es\/en\/actualidad_home\/we-start-the-evaluation-of-the-pnacc-within-the-framework-of-the-life-shara-project\/","og_site_name":"Fundaci\u00f3n Biodiversidad","og_image":[{"width":720,"height":405,"url":"https:\/\/fundacion-biodiversidad.es\/wp-content\/uploads\/2023\/01\/2487661294_35330241_720x405.png","type":"image\/png"}],"twitter_card":"summary_large_image","twitter_misc":{"Est. reading time":"2 minutes"},"schema":{"@context":"https:\/\/schema.org","@graph":[{"@type":"WebPage","@id":"https:\/\/fundacion-biodiversidad.es\/en\/actualidad_home\/we-start-the-evaluation-of-the-pnacc-within-the-framework-of-the-life-shara-project\/","url":"https:\/\/fundacion-biodiversidad.es\/en\/actualidad_home\/we-start-the-evaluation-of-the-pnacc-within-the-framework-of-the-life-shara-project\/","name":"We start the evaluation of the PNACC within the framework of the LIFE SHARA project - Fundaci\u00f3n Biodiversidad","isPartOf":{"@id":"https:\/\/fundacion-biodiversidad.es\/en\/#website"},"primaryImageOfPage":{"@id":"https:\/\/fundacion-biodiversidad.es\/en\/actualidad_home\/we-start-the-evaluation-of-the-pnacc-within-the-framework-of-the-life-shara-project\/#primaryimage"},"image":{"@id":"https:\/\/fundacion-biodiversidad.es\/en\/actualidad_home\/we-start-the-evaluation-of-the-pnacc-within-the-framework-of-the-life-shara-project\/#primaryimage"},"thumbnailUrl":"https:\/\/fundacion-biodiversidad.es\/wp-content\/uploads\/2018\/02\/primera-reunion-de-evaluacion-del-pnacc-en-el-marco-del-proyecto-life-shara-scaled.jpg","datePublished":"2018-02-15T13:30:59+00:00","breadcrumb":{"@id":"https:\/\/fundacion-biodiversidad.es\/en\/actualidad_home\/we-start-the-evaluation-of-the-pnacc-within-the-framework-of-the-life-shara-project\/#breadcrumb"},"inLanguage":"en-US","potentialAction":[{"@type":"ReadAction","target":["https:\/\/fundacion-biodiversidad.es\/en\/actualidad_home\/we-start-the-evaluation-of-the-pnacc-within-the-framework-of-the-life-shara-project\/"]}]},{"@type":"ImageObject","inLanguage":"en-US","@id":"https:\/\/fundacion-biodiversidad.es\/en\/actualidad_home\/we-start-the-evaluation-of-the-pnacc-within-the-framework-of-the-life-shara-project\/#primaryimage","url":"https:\/\/fundacion-biodiversidad.es\/wp-content\/uploads\/2018\/02\/primera-reunion-de-evaluacion-del-pnacc-en-el-marco-del-proyecto-life-shara-scaled.jpg","contentUrl":"https:\/\/fundacion-biodiversidad.es\/wp-content\/uploads\/2018\/02\/primera-reunion-de-evaluacion-del-pnacc-en-el-marco-del-proyecto-life-shara-scaled.jpg","width":2560,"height":1432},{"@type":"BreadcrumbList","@id":"https:\/\/fundacion-biodiversidad.es\/en\/actualidad_home\/we-start-the-evaluation-of-the-pnacc-within-the-framework-of-the-life-shara-project\/#breadcrumb","itemListElement":[{"@type":"ListItem","position":1,"name":"Portada","item":"https:\/\/fundacion-biodiversidad.es\/en\/inicio\/"},{"@type":"ListItem","position":2,"name":"Noticias de actualidad","item":"https:\/\/fundacion-biodiversidad.es\/en\/actualidad_home\/"},{"@type":"ListItem","position":3,"name":"We start the evaluation of the PNACC within the framework of the LIFE SHARA project"}]},{"@type":"WebSite","@id":"https:\/\/fundacion-biodiversidad.es\/en\/#website","url":"https:\/\/fundacion-biodiversidad.es\/en\/","name":"Fundaci\u00f3n Biodiversidad","description":"Fundaci\u00f3n p\u00fablica adscrita al Ministerio para la Transici\u00f3n Ecol\u00f3gica","potentialAction":[{"@type":"SearchAction","target":{"@type":"EntryPoint","urlTemplate":"https:\/\/fundacion-biodiversidad.es\/en\/?s={search_term_string}"},"query-input":{"@type":"PropertyValueSpecification","valueRequired":true,"valueName":"search_term_string"}}],"inLanguage":"en-US"}]}},"_links":{"self":[{"href":"https:\/\/fundacion-biodiversidad.es\/en\/wp-json\/wp\/v2\/actualidad_home\/97858211","targetHints":{"allow":["GET"]}}],"collection":[{"href":"https:\/\/fundacion-biodiversidad.es\/en\/wp-json\/wp\/v2\/actualidad_home"}],"about":[{"href":"https:\/\/fundacion-biodiversidad.es\/en\/wp-json\/wp\/v2\/types\/actualidad_home"}],"author":[{"embeddable":true,"href":"https:\/\/fundacion-biodiversidad.es\/en\/wp-json\/wp\/v2\/users\/11"}],"wp:featuredmedia":[{"embeddable":true,"href":"https:\/\/fundacion-biodiversidad.es\/en\/wp-json\/wp\/v2\/media\/35883"}],"wp:attachment":[{"href":"https:\/\/fundacion-biodiversidad.es\/en\/wp-json\/wp\/v2\/media?parent=97858211"}],"wp:term":[{"taxonomy":"palabras_clave","embeddable":true,"href":"https:\/\/fundacion-biodiversidad.es\/en\/wp-json\/wp\/v2\/palabras_clave?post=97858211"}],"curies":[{"name":"wp","href":"https:\/\/api.w.org\/{rel}","templated":true}]}}