{"id":97858216,"date":"2017-11-27T13:36:59","date_gmt":"2017-11-27T12:36:59","guid":{"rendered":"https:\/\/fundacion-biodiversidad.es\/actualidad_home\/climate-change-impacts-and-adaptation-in-the-insurance-sector\/"},"modified":"2017-11-27T13:36:59","modified_gmt":"2017-11-27T12:36:59","slug":"climate-change-impacts-and-adaptation-in-the-insurance-sector","status":"publish","type":"actualidad_home","link":"https:\/\/fundacion-biodiversidad.es\/en\/actualidad_home\/climate-change-impacts-and-adaptation-in-the-insurance-sector\/","title":{"rendered":"Climate Change Impacts and Adaptation in the Insurance Sector"},"content":{"rendered":"<p>Within the framework of the LIFE SHARA project, a conference is held on impacts and adaptation to climate change in the insurance sector in Spain, identified by the PNACC as a sector that is particularly vulnerable to climate change.<br \/>\n<!--more--><\/p>\n<p>Within the framework of the <a href=\"http:\/\/www.lifeshara.com\/\" target=\"_blank\" rel=\"noopener\">LIFE SHARA <\/a>project, a <strong>conference is held on impacts and adaptation to climate change in the insurance sector in Spain<\/strong>, identified by the PNACC (National Plan for Adaptation to Climate Change) as a <strong>sector that is particularly vulnerable to climate change<\/strong>.<\/p>\n<p>The aim of this seminar is to <strong>obtain an up-to-date view of the relationship between extreme weather events and climate change in Spain from the perspective of scientific knowledge; to identify the existing challenges, possible solutions and opportunities that arise for the insurance sector and, finally, as a cross-cutting objective, to raise awareness of the risks associated with climate change and their influence on the different economic sectors<\/strong>. All this is aimed at helping this sector to better adapt to climate change. <\/p>\n<p>This seminar brings together a wide range of actors. From scientific researchers to technicians from the Insurance Compensation Consortium and the State Agricultural Insurance Entity, including experts belonging to companies in the insurance sector and social actors interested in climate-related events. <\/p>\n<p>The <a href=\"http:\/\/www.mapama.gob.es\/es\/\" target=\"_blank\" rel=\"noopener\">Ministry of Agriculture and Fisheries, Food and Environment (MAPAMA),<\/a> through the <a href=\"http:\/\/fundacion-biodiversidad.es\/es\" target=\"_blank\" rel=\"noopener\">Biodiversity Foundation<\/a>, the <a href=\"http:\/\/www.mapama.gob.es\/es\/cambio-climatico\/temas\/organismos-e-instituciones-implicados-en-la-lucha-contra-el-cambio-climatico-a-nivel-nacional\/oficina-espanola-en-cambio-climatico\/\" target=\"_blank\" rel=\"noopener\">Spanish Office for Climate Change<\/a>, the <a href=\"http:\/\/www.aemet.es\/es\/portada\" target=\"_blank\" rel=\"noopener\">State Meteorological Agency<\/a> and the <a href=\"http:\/\/www.mapama.gob.es\/es\/parques-nacionales-oapn\/\" target=\"_blank\" rel=\"noopener\">Autonomous Agency of National Parks<\/a> and <a href=\"http:\/\/www.apambiente.pt\/\" target=\"_blank\" rel=\"noopener\">the Portuguese Environment Agency<\/a>  , launched the <strong>LIFE-SHARA project (Sharing Awareness and Governance of Adaptation to Climate Change in Spain)<\/strong>, co-funded by the European LIFE programme, whose main objective is to collaborate in adapting to the impacts of climate change, cooperating with all the actors involved, generating technical knowledge and increasing social awareness.<\/p>\n<p>The <strong>director of the Biodiversity Foundation of MAPAMA, Sonia Casta\u00f1eda,<\/strong> <strong>the director <\/strong><a href=\"http:\/\/www.mapama.gob.es\/es\/ceneam\/\" target=\"_blank\" rel=\"noopener\"><strong>of the National Center for Environmental Education (CENEAM)<\/strong> <\/a><strong>of the Autonomous Organization of National Parks (OAPN), Javier Pantoja<\/strong>, and the <strong>head of service of the Area of Adaptation Strategies of the Spanish Office for Climate Change (OECC), A\u00edda Velasco<\/strong>, have inaugurated this seminar in Valsa\u00edn (Segovia), entitled &#8220;Impacts and adaptation to climate change in the insurance sector&#8221;, which takes place today and tomorrow.<\/p>\n<p>Two presentations were given today: one on the scientific knowledge of extreme events associated with climate change in Spain, and the other on the perspectives from the insurance sector in relation to the evolution of damages associated with extreme events and the problem of insurability. In tomorrow&#8217;s session, group work will continue and a final panel on innovative experiences will take place. <\/p>\n","protected":false},"author":11,"featured_media":35870,"template":"","meta":{"_acf_changed":false},"palabras_clave":[],"class_list":["post-97858216","actualidad_home","type-actualidad_home","status-publish","has-post-thumbnail","hentry"],"acf":[],"yoast_head":"<!-- This site is optimized with the Yoast SEO plugin v26.9 - https:\/\/yoast.com\/product\/yoast-seo-wordpress\/ -->\n<title>Climate Change Impacts and Adaptation in the Insurance Sector - Fundaci\u00f3n Biodiversidad<\/title>\n<meta name=\"robots\" content=\"index, follow, max-snippet:-1, max-image-preview:large, max-video-preview:-1\" \/>\n<link rel=\"canonical\" href=\"https:\/\/fundacion-biodiversidad.es\/en\/actualidad_home\/climate-change-impacts-and-adaptation-in-the-insurance-sector\/\" \/>\n<meta property=\"og:locale\" content=\"en_US\" \/>\n<meta property=\"og:type\" content=\"article\" \/>\n<meta property=\"og:title\" content=\"Climate Change Impacts and Adaptation in the Insurance Sector - Fundaci\u00f3n Biodiversidad\" \/>\n<meta property=\"og:description\" content=\"Within the framework of the LIFE SHARA project, a conference is held on impacts and adaptation to climate change in the insurance sector in Spain, [&hellip;]\" \/>\n<meta property=\"og:url\" content=\"https:\/\/fundacion-biodiversidad.es\/en\/actualidad_home\/climate-change-impacts-and-adaptation-in-the-insurance-sector\/\" \/>\n<meta property=\"og:site_name\" content=\"Fundaci\u00f3n Biodiversidad\" \/>\n<meta property=\"og:image\" content=\"https:\/\/fundacion-biodiversidad.es\/wp-content\/uploads\/2023\/01\/2487661294_35330241_720x405.png\" \/>\n\t<meta property=\"og:image:width\" content=\"720\" \/>\n\t<meta property=\"og:image:height\" content=\"405\" \/>\n\t<meta property=\"og:image:type\" content=\"image\/png\" \/>\n<meta name=\"twitter:card\" content=\"summary_large_image\" \/>\n<meta name=\"twitter:label1\" content=\"Est. reading time\" \/>\n\t<meta name=\"twitter:data1\" content=\"2 minutes\" \/>\n<script type=\"application\/ld+json\" class=\"yoast-schema-graph\">{\"@context\":\"https:\/\/schema.org\",\"@graph\":[{\"@type\":\"WebPage\",\"@id\":\"https:\/\/fundacion-biodiversidad.es\/en\/actualidad_home\/climate-change-impacts-and-adaptation-in-the-insurance-sector\/\",\"url\":\"https:\/\/fundacion-biodiversidad.es\/en\/actualidad_home\/climate-change-impacts-and-adaptation-in-the-insurance-sector\/\",\"name\":\"Climate Change Impacts and Adaptation in the Insurance Sector - Fundaci\u00f3n Biodiversidad\",\"isPartOf\":{\"@id\":\"https:\/\/fundacion-biodiversidad.es\/en\/#website\"},\"primaryImageOfPage\":{\"@id\":\"https:\/\/fundacion-biodiversidad.es\/en\/actualidad_home\/climate-change-impacts-and-adaptation-in-the-insurance-sector\/#primaryimage\"},\"image\":{\"@id\":\"https:\/\/fundacion-biodiversidad.es\/en\/actualidad_home\/climate-change-impacts-and-adaptation-in-the-insurance-sector\/#primaryimage\"},\"thumbnailUrl\":\"https:\/\/fundacion-biodiversidad.es\/wp-content\/uploads\/2017\/11\/life-shara_1.jpg\",\"datePublished\":\"2017-11-27T12:36:59+00:00\",\"breadcrumb\":{\"@id\":\"https:\/\/fundacion-biodiversidad.es\/en\/actualidad_home\/climate-change-impacts-and-adaptation-in-the-insurance-sector\/#breadcrumb\"},\"inLanguage\":\"en-US\",\"potentialAction\":[{\"@type\":\"ReadAction\",\"target\":[\"https:\/\/fundacion-biodiversidad.es\/en\/actualidad_home\/climate-change-impacts-and-adaptation-in-the-insurance-sector\/\"]}]},{\"@type\":\"ImageObject\",\"inLanguage\":\"en-US\",\"@id\":\"https:\/\/fundacion-biodiversidad.es\/en\/actualidad_home\/climate-change-impacts-and-adaptation-in-the-insurance-sector\/#primaryimage\",\"url\":\"https:\/\/fundacion-biodiversidad.es\/wp-content\/uploads\/2017\/11\/life-shara_1.jpg\",\"contentUrl\":\"https:\/\/fundacion-biodiversidad.es\/wp-content\/uploads\/2017\/11\/life-shara_1.jpg\",\"width\":1328,\"height\":747},{\"@type\":\"BreadcrumbList\",\"@id\":\"https:\/\/fundacion-biodiversidad.es\/en\/actualidad_home\/climate-change-impacts-and-adaptation-in-the-insurance-sector\/#breadcrumb\",\"itemListElement\":[{\"@type\":\"ListItem\",\"position\":1,\"name\":\"Portada\",\"item\":\"https:\/\/fundacion-biodiversidad.es\/en\/inicio\/\"},{\"@type\":\"ListItem\",\"position\":2,\"name\":\"Noticias de actualidad\",\"item\":\"https:\/\/fundacion-biodiversidad.es\/en\/actualidad_home\/\"},{\"@type\":\"ListItem\",\"position\":3,\"name\":\"Climate Change Impacts and Adaptation in the Insurance Sector\"}]},{\"@type\":\"WebSite\",\"@id\":\"https:\/\/fundacion-biodiversidad.es\/en\/#website\",\"url\":\"https:\/\/fundacion-biodiversidad.es\/en\/\",\"name\":\"Fundaci\u00f3n Biodiversidad\",\"description\":\"Fundaci\u00f3n p\u00fablica adscrita al Ministerio para la Transici\u00f3n Ecol\u00f3gica\",\"potentialAction\":[{\"@type\":\"SearchAction\",\"target\":{\"@type\":\"EntryPoint\",\"urlTemplate\":\"https:\/\/fundacion-biodiversidad.es\/en\/?s={search_term_string}\"},\"query-input\":{\"@type\":\"PropertyValueSpecification\",\"valueRequired\":true,\"valueName\":\"search_term_string\"}}],\"inLanguage\":\"en-US\"}]}<\/script>\n<!-- \/ Yoast SEO plugin. -->","yoast_head_json":{"title":"Climate Change Impacts and Adaptation in the Insurance Sector - Fundaci\u00f3n Biodiversidad","robots":{"index":"index","follow":"follow","max-snippet":"max-snippet:-1","max-image-preview":"max-image-preview:large","max-video-preview":"max-video-preview:-1"},"canonical":"https:\/\/fundacion-biodiversidad.es\/en\/actualidad_home\/climate-change-impacts-and-adaptation-in-the-insurance-sector\/","og_locale":"en_US","og_type":"article","og_title":"Climate Change Impacts and Adaptation in the Insurance Sector - Fundaci\u00f3n Biodiversidad","og_description":"Within the framework of the LIFE SHARA project, a conference is held on impacts and adaptation to climate change in the insurance sector in Spain, [&hellip;]","og_url":"https:\/\/fundacion-biodiversidad.es\/en\/actualidad_home\/climate-change-impacts-and-adaptation-in-the-insurance-sector\/","og_site_name":"Fundaci\u00f3n Biodiversidad","og_image":[{"width":720,"height":405,"url":"https:\/\/fundacion-biodiversidad.es\/wp-content\/uploads\/2023\/01\/2487661294_35330241_720x405.png","type":"image\/png"}],"twitter_card":"summary_large_image","twitter_misc":{"Est. reading time":"2 minutes"},"schema":{"@context":"https:\/\/schema.org","@graph":[{"@type":"WebPage","@id":"https:\/\/fundacion-biodiversidad.es\/en\/actualidad_home\/climate-change-impacts-and-adaptation-in-the-insurance-sector\/","url":"https:\/\/fundacion-biodiversidad.es\/en\/actualidad_home\/climate-change-impacts-and-adaptation-in-the-insurance-sector\/","name":"Climate Change Impacts and Adaptation in the Insurance Sector - Fundaci\u00f3n Biodiversidad","isPartOf":{"@id":"https:\/\/fundacion-biodiversidad.es\/en\/#website"},"primaryImageOfPage":{"@id":"https:\/\/fundacion-biodiversidad.es\/en\/actualidad_home\/climate-change-impacts-and-adaptation-in-the-insurance-sector\/#primaryimage"},"image":{"@id":"https:\/\/fundacion-biodiversidad.es\/en\/actualidad_home\/climate-change-impacts-and-adaptation-in-the-insurance-sector\/#primaryimage"},"thumbnailUrl":"https:\/\/fundacion-biodiversidad.es\/wp-content\/uploads\/2017\/11\/life-shara_1.jpg","datePublished":"2017-11-27T12:36:59+00:00","breadcrumb":{"@id":"https:\/\/fundacion-biodiversidad.es\/en\/actualidad_home\/climate-change-impacts-and-adaptation-in-the-insurance-sector\/#breadcrumb"},"inLanguage":"en-US","potentialAction":[{"@type":"ReadAction","target":["https:\/\/fundacion-biodiversidad.es\/en\/actualidad_home\/climate-change-impacts-and-adaptation-in-the-insurance-sector\/"]}]},{"@type":"ImageObject","inLanguage":"en-US","@id":"https:\/\/fundacion-biodiversidad.es\/en\/actualidad_home\/climate-change-impacts-and-adaptation-in-the-insurance-sector\/#primaryimage","url":"https:\/\/fundacion-biodiversidad.es\/wp-content\/uploads\/2017\/11\/life-shara_1.jpg","contentUrl":"https:\/\/fundacion-biodiversidad.es\/wp-content\/uploads\/2017\/11\/life-shara_1.jpg","width":1328,"height":747},{"@type":"BreadcrumbList","@id":"https:\/\/fundacion-biodiversidad.es\/en\/actualidad_home\/climate-change-impacts-and-adaptation-in-the-insurance-sector\/#breadcrumb","itemListElement":[{"@type":"ListItem","position":1,"name":"Portada","item":"https:\/\/fundacion-biodiversidad.es\/en\/inicio\/"},{"@type":"ListItem","position":2,"name":"Noticias de actualidad","item":"https:\/\/fundacion-biodiversidad.es\/en\/actualidad_home\/"},{"@type":"ListItem","position":3,"name":"Climate Change Impacts and Adaptation in the Insurance Sector"}]},{"@type":"WebSite","@id":"https:\/\/fundacion-biodiversidad.es\/en\/#website","url":"https:\/\/fundacion-biodiversidad.es\/en\/","name":"Fundaci\u00f3n Biodiversidad","description":"Fundaci\u00f3n p\u00fablica adscrita al Ministerio para la Transici\u00f3n Ecol\u00f3gica","potentialAction":[{"@type":"SearchAction","target":{"@type":"EntryPoint","urlTemplate":"https:\/\/fundacion-biodiversidad.es\/en\/?s={search_term_string}"},"query-input":{"@type":"PropertyValueSpecification","valueRequired":true,"valueName":"search_term_string"}}],"inLanguage":"en-US"}]}},"_links":{"self":[{"href":"https:\/\/fundacion-biodiversidad.es\/en\/wp-json\/wp\/v2\/actualidad_home\/97858216","targetHints":{"allow":["GET"]}}],"collection":[{"href":"https:\/\/fundacion-biodiversidad.es\/en\/wp-json\/wp\/v2\/actualidad_home"}],"about":[{"href":"https:\/\/fundacion-biodiversidad.es\/en\/wp-json\/wp\/v2\/types\/actualidad_home"}],"author":[{"embeddable":true,"href":"https:\/\/fundacion-biodiversidad.es\/en\/wp-json\/wp\/v2\/users\/11"}],"wp:featuredmedia":[{"embeddable":true,"href":"https:\/\/fundacion-biodiversidad.es\/en\/wp-json\/wp\/v2\/media\/35870"}],"wp:attachment":[{"href":"https:\/\/fundacion-biodiversidad.es\/en\/wp-json\/wp\/v2\/media?parent=97858216"}],"wp:term":[{"taxonomy":"palabras_clave","embeddable":true,"href":"https:\/\/fundacion-biodiversidad.es\/en\/wp-json\/wp\/v2\/palabras_clave?post=97858216"}],"curies":[{"name":"wp","href":"https:\/\/api.w.org\/{rel}","templated":true}]}}