{"id":97858224,"date":"2017-11-13T14:32:33","date_gmt":"2017-11-13T13:32:33","guid":{"rendered":"https:\/\/fundacion-biodiversidad.es\/actualidad_home\/seville-becomes-the-capital-of-employment-and-green-entrepreneurship\/"},"modified":"2017-11-13T14:32:33","modified_gmt":"2017-11-13T13:32:33","slug":"seville-becomes-the-capital-of-employment-and-green-entrepreneurship","status":"publish","type":"actualidad_home","link":"https:\/\/fundacion-biodiversidad.es\/en\/actualidad_home\/seville-becomes-the-capital-of-employment-and-green-entrepreneurship\/","title":{"rendered":"Seville becomes the capital of employment and green entrepreneurship"},"content":{"rendered":"<p>For four days, MAPAMA has organized different actions aimed at promoting the search for green employment and entrepreneurship linked to the environment.<br \/>\n<!--more--><\/p>\n<p>Workshops, presentations, accompaniment sessions, recognitions, group dynamics and many more activities have taken place at the Seville headquarters of the Biodiversity Foundation of the Ministry of Agriculture and Fisheries, Food and Environment (MAPAMA), organizer of the I Green Employment Marathon and the GreenWeekend emprendeverde, co-financed by the European Social Fund. Both meetings have placed the capital of Seville at the forefront of the search for green employment and the promotion of entrepreneurship linked to the environment for four days. <\/p>\n<p><strong><u>I GREEN EMPLOYMENT MARATHON<\/u><\/strong><\/p>\n<p>On the one hand, the I Green Employment Marathon, held on 9 November, <strong>has brought together some 70 participants<\/strong> in search of green employment as employees or who need a boost to launch their own green entrepreneurship business initiative. Through presentations, round tables and workshops, the participants have made their talent known and have been able to improve their skills in areas such as public presentation and personal branding.   &nbsp;<\/p>\n<p>This Green Employment Marathon has brought together participants with companies in search of green talent with whom they have been able to establish their first contacts. The participants have also learned first-hand about the experience of entrepreneurs who have consolidated their green business initiative and have been able to seek advice from mentors and counselors who have valued their entrepreneurial skills. <\/p>\n<p>At the end of the day, a recognition was given among the participating entrepreneurs for the Best Business Idea awarded to Adela Chamorro Hern\u00e1ndez who presented a brand of ecological underwear made with organic cotton and low-impact dyes. The second prize went to Francisca Godino Roca for her idea of a children&#8217;s and young people&#8217;s environmental education publishing house. In addition, among the participants looking for employment as an employee, the recognition for the Best Curriculum has gone to V\u00edctor Guti\u00e9rrez Garc\u00eda.  <\/p>\n<p>Thanks to participation in this I Green Employment Marathon, a free support program will be offered for a selection of 25 unemployed people who want to start a business and for those who are looking for employment as employees.<\/p>\n<p>&nbsp;<\/p>\n<p><strong><u>GREENWEEKEND EMPRENDEVERDE SEVILLA<\/u><\/strong><\/p>\n<p>The Green Employment Marathon has been complemented by the celebration of the GreenWeekend emprendeverde Sevilla, which took place on November 10, 11 and 12, whose objective has been to promote, in a collaborative way, the implementation of green entrepreneurship projects.<\/p>\n<p>Promoted by the Emprendeverde Network and organized in collaboration with the employment and entrepreneurship portal specialized in the environmental sector Enviroo, GreenWeekend emprendeverde Sevilla has had the <strong>participation of nearly 30 entrepreneurs <\/strong>who have proposed their ideas, among which seven finalists have been chosen who have presented and defended their projects before the jury. After hours of collaborative work, mentoring advice supporting the projects and several training talks, the jury has decided among the finalist projects the winning projects of this edition, which will receive various supports to promote the development of their projects. <\/p>\n<p>The first was for the &#8216;<strong>CycleSMARTcity<\/strong>&#8216; project, an idea by H\u00e9ctor Dom\u00ednguez that proposes to measure the air quality of cities through sensors installed in vehicles that are normally in circulation. By applying Big Data analysis, more precise decisions can be made to combat pollution focused on specific points. <\/p>\n<p>&#8216;<strong>Stevia del Condado&#8217;<\/strong>, a company that already markets its product and is dedicated to the cultivation of organic stevia, has been recognized in second place. The project of Andr\u00e9s Jim\u00e9nez and his team sells both the leaf of the plant and infusions or derivatives of it. <\/p>\n<p>And the third has been for &#8216;<strong>Ba\u00f1os de Bosque&#8217;<\/strong> by Manuel Rodr\u00edguez. A project that offers reflection therapies, meditation and wellness exercises carried out in nature. It imitates the forestry centers that already exist in Japan and South Korea within the social security system and proposes to create a network of certified centers within the network of natural spaces, becoming a medical center.  <\/p>\n<p>As a novelty, this GreenWeekend emprendeverde has established an <em>online<\/em> training and accompaniment program for all participants after the three days of the meeting.&nbsp;<\/p>\n","protected":false},"author":11,"featured_media":35866,"template":"","meta":{"_acf_changed":false},"palabras_clave":[],"class_list":["post-97858224","actualidad_home","type-actualidad_home","status-publish","has-post-thumbnail","hentry"],"acf":[],"yoast_head":"<!-- This site is optimized with the Yoast SEO plugin v26.9 - https:\/\/yoast.com\/product\/yoast-seo-wordpress\/ -->\n<title>Seville becomes the capital of employment and green entrepreneurship - Fundaci\u00f3n Biodiversidad<\/title>\n<meta name=\"robots\" content=\"index, follow, max-snippet:-1, max-image-preview:large, max-video-preview:-1\" \/>\n<link rel=\"canonical\" href=\"https:\/\/fundacion-biodiversidad.es\/en\/actualidad_home\/seville-becomes-the-capital-of-employment-and-green-entrepreneurship\/\" \/>\n<meta property=\"og:locale\" content=\"en_US\" \/>\n<meta property=\"og:type\" content=\"article\" \/>\n<meta property=\"og:title\" content=\"Seville becomes the capital of employment and green entrepreneurship - Fundaci\u00f3n Biodiversidad\" \/>\n<meta property=\"og:description\" content=\"For four days, MAPAMA has organized different actions aimed at promoting the search for green employment and entrepreneurship linked to the environment.\" \/>\n<meta property=\"og:url\" content=\"https:\/\/fundacion-biodiversidad.es\/en\/actualidad_home\/seville-becomes-the-capital-of-employment-and-green-entrepreneurship\/\" \/>\n<meta property=\"og:site_name\" content=\"Fundaci\u00f3n Biodiversidad\" \/>\n<meta property=\"og:image\" content=\"https:\/\/fundacion-biodiversidad.es\/wp-content\/uploads\/2023\/01\/2487661294_35330241_720x405.png\" \/>\n\t<meta property=\"og:image:width\" content=\"720\" \/>\n\t<meta property=\"og:image:height\" content=\"405\" \/>\n\t<meta property=\"og:image:type\" content=\"image\/png\" \/>\n<meta name=\"twitter:card\" content=\"summary_large_image\" \/>\n<meta name=\"twitter:label1\" content=\"Est. reading time\" \/>\n\t<meta name=\"twitter:data1\" content=\"3 minutes\" \/>\n<script type=\"application\/ld+json\" class=\"yoast-schema-graph\">{\"@context\":\"https:\/\/schema.org\",\"@graph\":[{\"@type\":\"WebPage\",\"@id\":\"https:\/\/fundacion-biodiversidad.es\/en\/actualidad_home\/seville-becomes-the-capital-of-employment-and-green-entrepreneurship\/\",\"url\":\"https:\/\/fundacion-biodiversidad.es\/en\/actualidad_home\/seville-becomes-the-capital-of-employment-and-green-entrepreneurship\/\",\"name\":\"Seville becomes the capital of employment and green entrepreneurship - Fundaci\u00f3n Biodiversidad\",\"isPartOf\":{\"@id\":\"https:\/\/fundacion-biodiversidad.es\/en\/#website\"},\"primaryImageOfPage\":{\"@id\":\"https:\/\/fundacion-biodiversidad.es\/en\/actualidad_home\/seville-becomes-the-capital-of-employment-and-green-entrepreneurship\/#primaryimage\"},\"image\":{\"@id\":\"https:\/\/fundacion-biodiversidad.es\/en\/actualidad_home\/seville-becomes-the-capital-of-employment-and-green-entrepreneurship\/#primaryimage\"},\"thumbnailUrl\":\"https:\/\/fundacion-biodiversidad.es\/wp-content\/uploads\/2017\/11\/empleaverdeton.jpg\",\"datePublished\":\"2017-11-13T13:32:33+00:00\",\"breadcrumb\":{\"@id\":\"https:\/\/fundacion-biodiversidad.es\/en\/actualidad_home\/seville-becomes-the-capital-of-employment-and-green-entrepreneurship\/#breadcrumb\"},\"inLanguage\":\"en-US\",\"potentialAction\":[{\"@type\":\"ReadAction\",\"target\":[\"https:\/\/fundacion-biodiversidad.es\/en\/actualidad_home\/seville-becomes-the-capital-of-employment-and-green-entrepreneurship\/\"]}]},{\"@type\":\"ImageObject\",\"inLanguage\":\"en-US\",\"@id\":\"https:\/\/fundacion-biodiversidad.es\/en\/actualidad_home\/seville-becomes-the-capital-of-employment-and-green-entrepreneurship\/#primaryimage\",\"url\":\"https:\/\/fundacion-biodiversidad.es\/wp-content\/uploads\/2017\/11\/empleaverdeton.jpg\",\"contentUrl\":\"https:\/\/fundacion-biodiversidad.es\/wp-content\/uploads\/2017\/11\/empleaverdeton.jpg\",\"width\":1620,\"height\":1080},{\"@type\":\"BreadcrumbList\",\"@id\":\"https:\/\/fundacion-biodiversidad.es\/en\/actualidad_home\/seville-becomes-the-capital-of-employment-and-green-entrepreneurship\/#breadcrumb\",\"itemListElement\":[{\"@type\":\"ListItem\",\"position\":1,\"name\":\"Portada\",\"item\":\"https:\/\/fundacion-biodiversidad.es\/en\/inicio\/\"},{\"@type\":\"ListItem\",\"position\":2,\"name\":\"Noticias de actualidad\",\"item\":\"https:\/\/fundacion-biodiversidad.es\/en\/actualidad_home\/\"},{\"@type\":\"ListItem\",\"position\":3,\"name\":\"Seville becomes the capital of employment and green entrepreneurship\"}]},{\"@type\":\"WebSite\",\"@id\":\"https:\/\/fundacion-biodiversidad.es\/en\/#website\",\"url\":\"https:\/\/fundacion-biodiversidad.es\/en\/\",\"name\":\"Fundaci\u00f3n Biodiversidad\",\"description\":\"Fundaci\u00f3n p\u00fablica adscrita al Ministerio para la Transici\u00f3n Ecol\u00f3gica\",\"potentialAction\":[{\"@type\":\"SearchAction\",\"target\":{\"@type\":\"EntryPoint\",\"urlTemplate\":\"https:\/\/fundacion-biodiversidad.es\/en\/?s={search_term_string}\"},\"query-input\":{\"@type\":\"PropertyValueSpecification\",\"valueRequired\":true,\"valueName\":\"search_term_string\"}}],\"inLanguage\":\"en-US\"}]}<\/script>\n<!-- \/ Yoast SEO plugin. -->","yoast_head_json":{"title":"Seville becomes the capital of employment and green entrepreneurship - Fundaci\u00f3n Biodiversidad","robots":{"index":"index","follow":"follow","max-snippet":"max-snippet:-1","max-image-preview":"max-image-preview:large","max-video-preview":"max-video-preview:-1"},"canonical":"https:\/\/fundacion-biodiversidad.es\/en\/actualidad_home\/seville-becomes-the-capital-of-employment-and-green-entrepreneurship\/","og_locale":"en_US","og_type":"article","og_title":"Seville becomes the capital of employment and green entrepreneurship - Fundaci\u00f3n Biodiversidad","og_description":"For four days, MAPAMA has organized different actions aimed at promoting the search for green employment and entrepreneurship linked to the environment.","og_url":"https:\/\/fundacion-biodiversidad.es\/en\/actualidad_home\/seville-becomes-the-capital-of-employment-and-green-entrepreneurship\/","og_site_name":"Fundaci\u00f3n Biodiversidad","og_image":[{"width":720,"height":405,"url":"https:\/\/fundacion-biodiversidad.es\/wp-content\/uploads\/2023\/01\/2487661294_35330241_720x405.png","type":"image\/png"}],"twitter_card":"summary_large_image","twitter_misc":{"Est. reading time":"3 minutes"},"schema":{"@context":"https:\/\/schema.org","@graph":[{"@type":"WebPage","@id":"https:\/\/fundacion-biodiversidad.es\/en\/actualidad_home\/seville-becomes-the-capital-of-employment-and-green-entrepreneurship\/","url":"https:\/\/fundacion-biodiversidad.es\/en\/actualidad_home\/seville-becomes-the-capital-of-employment-and-green-entrepreneurship\/","name":"Seville becomes the capital of employment and green entrepreneurship - Fundaci\u00f3n Biodiversidad","isPartOf":{"@id":"https:\/\/fundacion-biodiversidad.es\/en\/#website"},"primaryImageOfPage":{"@id":"https:\/\/fundacion-biodiversidad.es\/en\/actualidad_home\/seville-becomes-the-capital-of-employment-and-green-entrepreneurship\/#primaryimage"},"image":{"@id":"https:\/\/fundacion-biodiversidad.es\/en\/actualidad_home\/seville-becomes-the-capital-of-employment-and-green-entrepreneurship\/#primaryimage"},"thumbnailUrl":"https:\/\/fundacion-biodiversidad.es\/wp-content\/uploads\/2017\/11\/empleaverdeton.jpg","datePublished":"2017-11-13T13:32:33+00:00","breadcrumb":{"@id":"https:\/\/fundacion-biodiversidad.es\/en\/actualidad_home\/seville-becomes-the-capital-of-employment-and-green-entrepreneurship\/#breadcrumb"},"inLanguage":"en-US","potentialAction":[{"@type":"ReadAction","target":["https:\/\/fundacion-biodiversidad.es\/en\/actualidad_home\/seville-becomes-the-capital-of-employment-and-green-entrepreneurship\/"]}]},{"@type":"ImageObject","inLanguage":"en-US","@id":"https:\/\/fundacion-biodiversidad.es\/en\/actualidad_home\/seville-becomes-the-capital-of-employment-and-green-entrepreneurship\/#primaryimage","url":"https:\/\/fundacion-biodiversidad.es\/wp-content\/uploads\/2017\/11\/empleaverdeton.jpg","contentUrl":"https:\/\/fundacion-biodiversidad.es\/wp-content\/uploads\/2017\/11\/empleaverdeton.jpg","width":1620,"height":1080},{"@type":"BreadcrumbList","@id":"https:\/\/fundacion-biodiversidad.es\/en\/actualidad_home\/seville-becomes-the-capital-of-employment-and-green-entrepreneurship\/#breadcrumb","itemListElement":[{"@type":"ListItem","position":1,"name":"Portada","item":"https:\/\/fundacion-biodiversidad.es\/en\/inicio\/"},{"@type":"ListItem","position":2,"name":"Noticias de actualidad","item":"https:\/\/fundacion-biodiversidad.es\/en\/actualidad_home\/"},{"@type":"ListItem","position":3,"name":"Seville becomes the capital of employment and green entrepreneurship"}]},{"@type":"WebSite","@id":"https:\/\/fundacion-biodiversidad.es\/en\/#website","url":"https:\/\/fundacion-biodiversidad.es\/en\/","name":"Fundaci\u00f3n Biodiversidad","description":"Fundaci\u00f3n p\u00fablica adscrita al Ministerio para la Transici\u00f3n Ecol\u00f3gica","potentialAction":[{"@type":"SearchAction","target":{"@type":"EntryPoint","urlTemplate":"https:\/\/fundacion-biodiversidad.es\/en\/?s={search_term_string}"},"query-input":{"@type":"PropertyValueSpecification","valueRequired":true,"valueName":"search_term_string"}}],"inLanguage":"en-US"}]}},"_links":{"self":[{"href":"https:\/\/fundacion-biodiversidad.es\/en\/wp-json\/wp\/v2\/actualidad_home\/97858224","targetHints":{"allow":["GET"]}}],"collection":[{"href":"https:\/\/fundacion-biodiversidad.es\/en\/wp-json\/wp\/v2\/actualidad_home"}],"about":[{"href":"https:\/\/fundacion-biodiversidad.es\/en\/wp-json\/wp\/v2\/types\/actualidad_home"}],"author":[{"embeddable":true,"href":"https:\/\/fundacion-biodiversidad.es\/en\/wp-json\/wp\/v2\/users\/11"}],"wp:featuredmedia":[{"embeddable":true,"href":"https:\/\/fundacion-biodiversidad.es\/en\/wp-json\/wp\/v2\/media\/35866"}],"wp:attachment":[{"href":"https:\/\/fundacion-biodiversidad.es\/en\/wp-json\/wp\/v2\/media?parent=97858224"}],"wp:term":[{"taxonomy":"palabras_clave","embeddable":true,"href":"https:\/\/fundacion-biodiversidad.es\/en\/wp-json\/wp\/v2\/palabras_clave?post=97858224"}],"curies":[{"name":"wp","href":"https:\/\/api.w.org\/{rel}","templated":true}]}}