{"id":97858225,"date":"2017-10-25T13:06:24","date_gmt":"2017-10-25T11:06:24","guid":{"rendered":"https:\/\/fundacion-biodiversidad.es\/actualidad_home\/emergency-measures-put-in-place-to-rescue-the-pen-shell\/"},"modified":"2017-10-25T13:06:24","modified_gmt":"2017-10-25T11:06:24","slug":"emergency-measures-put-in-place-to-rescue-the-pen-shell","status":"publish","type":"actualidad_home","link":"https:\/\/fundacion-biodiversidad.es\/en\/actualidad_home\/emergency-measures-put-in-place-to-rescue-the-pen-shell\/","title":{"rendered":"Emergency measures put in place to rescue the pen shell"},"content":{"rendered":"<p>MAPAMA has approved emergency actions to rescue the prickly pear, the largest endemic mollusk in the Mediterranean, in a &#8220;catastrophic&#8221; situation.<br \/>\n<!--more--><\/p>\n<p>The Ministry of Agriculture and Fisheries, Food and Environment (MAPAMA) has approved <a href=\"http:\/\/www.mapama.gob.es\/es\/prensa\/noticias\/el-mapama-aprueba-actuaciones-de-emergencia-para-el-rescate-y-mantenimiento-de-215-ejemplares-de-nacra\/tcm7-470123-16\">emergency actions to rescue the pen shell (<em>Pinna nobilis<\/em>),<\/a> the largest endemic mollusk in the Mediterranean, as it is considered to be in a &#8220;catastrophic&#8221; situation.<\/p>\n<p>Within the framework of the <a href=\"http:\/\/fundacion-biodiversidad.es\/es\/biodiversidad-marina-y-litoral\/proyectos-propios\/life-ip-paf-intemares\">LIFE IP INTEMARES<\/a> project, which is coordinated by MAPAMA, through the Biodiversity Foundation, and acts as a partner through the General Directorate of Sustainability of the Coast and the Sea,  &nbsp;<strong>urgent measures will be put in place to prevent the extinction of the pen nacra<\/strong>, affected by the spread of a sporulated protozoan in the waters of the Spanish Mediterranean. This pathogen, whose origin is unknown, destroys the cells of the digestive gland and causes the death of the pen shells by starvation. <\/p>\n<p>Among the approved measures, <strong>215 specimens that have not been exposed to the pathogen will be transferred to various specialized facilities<\/strong> in order to avoid infection and have a genetic reservoir with which to develop a future captive breeding program.<\/p>\n<p>In addition, a preliminary study will be carried out on the Catalan coasts to select the places from which the specimens will be taken and the number extracted in each location so as not to leave the population without the possibility of reproducing in the future.<\/p>\n<p>This was agreed at the coordination meeting held between representatives of MAPAMA, the autonomous communities of the Mediterranean and several research centers to agree on emergency measures to protect this mollusk in a critical situation.<\/p>\n<p>Its importance in the Mediterranean is vital.  The prickly pear, which lives mainly in the meadows of <em>Posidonia oceanica<\/em><em>, <\/em><strong>generates an increase in biodiversity and richness in the ecosystems<\/strong> in which it is present.<\/p>\n<p>As a result of this situation of risk for the pen shell, <a href=\"http:\/\/www.mapama.gob.es\/es\/prensa\/noticias\/la-conferencia-sectorial-de-medio-ambiente-acuerda-destinar-m%C3%A1s-de-163-millones-de-euros-a-actuaciones-medioambientales-la-mayor-parte-para-inic\/tcm7-464083-16\">the Sectoral Conference on the Environment approved the declaration of &#8220;in critical situation&#8221; of the pen shell (<em>Pinna nobilis<\/em>),<\/a> so that the works and projects aimed at the recovery of this species will be considered of general interest and a processing of an urgent nature.<\/p>\n<p>These protection measures have been included in the framework of LIFE IP INTEMARES, <strong>the largest marine conservation project in Europe<\/strong>, which aims to achieve a consolidated network of marine areas of the Natura 2000 Network, managed effectively, with the active participation of the sectors involved and with research as basic tools for decision-making.<\/p>\n<p>The Spanish Institute of Oceanography, the Spanish Fisheries Confederation, SEO\/BirdLife and WWF-Spain also participate as partners in the project and <strong>has the financial contribution of the European Union&#8217;s LIFE programme<\/strong>, as well as the European Social Fund and the European Maritime and Fisheries Fund, among other sources of funding.<\/p>\n","protected":false},"author":11,"featured_media":35862,"template":"","meta":{"_acf_changed":false},"palabras_clave":[],"class_list":["post-97858225","actualidad_home","type-actualidad_home","status-publish","has-post-thumbnail","hentry"],"acf":[],"yoast_head":"<!-- This site is optimized with the Yoast SEO plugin v26.9 - https:\/\/yoast.com\/product\/yoast-seo-wordpress\/ -->\n<title>Emergency measures put in place to rescue the pen shell - Fundaci\u00f3n Biodiversidad<\/title>\n<meta name=\"robots\" content=\"index, follow, max-snippet:-1, max-image-preview:large, max-video-preview:-1\" \/>\n<link rel=\"canonical\" href=\"https:\/\/fundacion-biodiversidad.es\/en\/actualidad_home\/emergency-measures-put-in-place-to-rescue-the-pen-shell\/\" \/>\n<meta property=\"og:locale\" content=\"en_US\" \/>\n<meta property=\"og:type\" content=\"article\" \/>\n<meta property=\"og:title\" content=\"Emergency measures put in place to rescue the pen shell - Fundaci\u00f3n Biodiversidad\" \/>\n<meta property=\"og:description\" content=\"MAPAMA has approved emergency actions to rescue the prickly pear, the largest endemic mollusk in the Mediterranean, in a &#8220;catastrophic&#8221; situation.\" \/>\n<meta property=\"og:url\" content=\"https:\/\/fundacion-biodiversidad.es\/en\/actualidad_home\/emergency-measures-put-in-place-to-rescue-the-pen-shell\/\" \/>\n<meta property=\"og:site_name\" content=\"Fundaci\u00f3n Biodiversidad\" \/>\n<meta property=\"og:image\" content=\"https:\/\/fundacion-biodiversidad.es\/wp-content\/uploads\/2023\/01\/2487661294_35330241_720x405.png\" \/>\n\t<meta property=\"og:image:width\" content=\"720\" \/>\n\t<meta property=\"og:image:height\" content=\"405\" \/>\n\t<meta property=\"og:image:type\" content=\"image\/png\" \/>\n<meta name=\"twitter:card\" content=\"summary_large_image\" \/>\n<meta name=\"twitter:label1\" content=\"Est. reading time\" \/>\n\t<meta name=\"twitter:data1\" content=\"2 minutes\" \/>\n<script type=\"application\/ld+json\" class=\"yoast-schema-graph\">{\"@context\":\"https:\/\/schema.org\",\"@graph\":[{\"@type\":\"WebPage\",\"@id\":\"https:\/\/fundacion-biodiversidad.es\/en\/actualidad_home\/emergency-measures-put-in-place-to-rescue-the-pen-shell\/\",\"url\":\"https:\/\/fundacion-biodiversidad.es\/en\/actualidad_home\/emergency-measures-put-in-place-to-rescue-the-pen-shell\/\",\"name\":\"Emergency measures put in place to rescue the pen shell - Fundaci\u00f3n Biodiversidad\",\"isPartOf\":{\"@id\":\"https:\/\/fundacion-biodiversidad.es\/en\/#website\"},\"primaryImageOfPage\":{\"@id\":\"https:\/\/fundacion-biodiversidad.es\/en\/actualidad_home\/emergency-measures-put-in-place-to-rescue-the-pen-shell\/#primaryimage\"},\"image\":{\"@id\":\"https:\/\/fundacion-biodiversidad.es\/en\/actualidad_home\/emergency-measures-put-in-place-to-rescue-the-pen-shell\/#primaryimage\"},\"thumbnailUrl\":\"https:\/\/fundacion-biodiversidad.es\/wp-content\/uploads\/2017\/10\/nacra-ieo.jpg\",\"datePublished\":\"2017-10-25T11:06:24+00:00\",\"breadcrumb\":{\"@id\":\"https:\/\/fundacion-biodiversidad.es\/en\/actualidad_home\/emergency-measures-put-in-place-to-rescue-the-pen-shell\/#breadcrumb\"},\"inLanguage\":\"en-US\",\"potentialAction\":[{\"@type\":\"ReadAction\",\"target\":[\"https:\/\/fundacion-biodiversidad.es\/en\/actualidad_home\/emergency-measures-put-in-place-to-rescue-the-pen-shell\/\"]}]},{\"@type\":\"ImageObject\",\"inLanguage\":\"en-US\",\"@id\":\"https:\/\/fundacion-biodiversidad.es\/en\/actualidad_home\/emergency-measures-put-in-place-to-rescue-the-pen-shell\/#primaryimage\",\"url\":\"https:\/\/fundacion-biodiversidad.es\/wp-content\/uploads\/2017\/10\/nacra-ieo.jpg\",\"contentUrl\":\"https:\/\/fundacion-biodiversidad.es\/wp-content\/uploads\/2017\/10\/nacra-ieo.jpg\",\"width\":470,\"height\":283},{\"@type\":\"BreadcrumbList\",\"@id\":\"https:\/\/fundacion-biodiversidad.es\/en\/actualidad_home\/emergency-measures-put-in-place-to-rescue-the-pen-shell\/#breadcrumb\",\"itemListElement\":[{\"@type\":\"ListItem\",\"position\":1,\"name\":\"Portada\",\"item\":\"https:\/\/fundacion-biodiversidad.es\/en\/inicio\/\"},{\"@type\":\"ListItem\",\"position\":2,\"name\":\"Noticias de actualidad\",\"item\":\"https:\/\/fundacion-biodiversidad.es\/en\/actualidad_home\/\"},{\"@type\":\"ListItem\",\"position\":3,\"name\":\"Emergency measures put in place to rescue the pen shell\"}]},{\"@type\":\"WebSite\",\"@id\":\"https:\/\/fundacion-biodiversidad.es\/en\/#website\",\"url\":\"https:\/\/fundacion-biodiversidad.es\/en\/\",\"name\":\"Fundaci\u00f3n Biodiversidad\",\"description\":\"Fundaci\u00f3n p\u00fablica adscrita al Ministerio para la Transici\u00f3n Ecol\u00f3gica\",\"potentialAction\":[{\"@type\":\"SearchAction\",\"target\":{\"@type\":\"EntryPoint\",\"urlTemplate\":\"https:\/\/fundacion-biodiversidad.es\/en\/?s={search_term_string}\"},\"query-input\":{\"@type\":\"PropertyValueSpecification\",\"valueRequired\":true,\"valueName\":\"search_term_string\"}}],\"inLanguage\":\"en-US\"}]}<\/script>\n<!-- \/ Yoast SEO plugin. -->","yoast_head_json":{"title":"Emergency measures put in place to rescue the pen shell - Fundaci\u00f3n Biodiversidad","robots":{"index":"index","follow":"follow","max-snippet":"max-snippet:-1","max-image-preview":"max-image-preview:large","max-video-preview":"max-video-preview:-1"},"canonical":"https:\/\/fundacion-biodiversidad.es\/en\/actualidad_home\/emergency-measures-put-in-place-to-rescue-the-pen-shell\/","og_locale":"en_US","og_type":"article","og_title":"Emergency measures put in place to rescue the pen shell - Fundaci\u00f3n Biodiversidad","og_description":"MAPAMA has approved emergency actions to rescue the prickly pear, the largest endemic mollusk in the Mediterranean, in a &#8220;catastrophic&#8221; situation.","og_url":"https:\/\/fundacion-biodiversidad.es\/en\/actualidad_home\/emergency-measures-put-in-place-to-rescue-the-pen-shell\/","og_site_name":"Fundaci\u00f3n Biodiversidad","og_image":[{"width":720,"height":405,"url":"https:\/\/fundacion-biodiversidad.es\/wp-content\/uploads\/2023\/01\/2487661294_35330241_720x405.png","type":"image\/png"}],"twitter_card":"summary_large_image","twitter_misc":{"Est. reading time":"2 minutes"},"schema":{"@context":"https:\/\/schema.org","@graph":[{"@type":"WebPage","@id":"https:\/\/fundacion-biodiversidad.es\/en\/actualidad_home\/emergency-measures-put-in-place-to-rescue-the-pen-shell\/","url":"https:\/\/fundacion-biodiversidad.es\/en\/actualidad_home\/emergency-measures-put-in-place-to-rescue-the-pen-shell\/","name":"Emergency measures put in place to rescue the pen shell - Fundaci\u00f3n Biodiversidad","isPartOf":{"@id":"https:\/\/fundacion-biodiversidad.es\/en\/#website"},"primaryImageOfPage":{"@id":"https:\/\/fundacion-biodiversidad.es\/en\/actualidad_home\/emergency-measures-put-in-place-to-rescue-the-pen-shell\/#primaryimage"},"image":{"@id":"https:\/\/fundacion-biodiversidad.es\/en\/actualidad_home\/emergency-measures-put-in-place-to-rescue-the-pen-shell\/#primaryimage"},"thumbnailUrl":"https:\/\/fundacion-biodiversidad.es\/wp-content\/uploads\/2017\/10\/nacra-ieo.jpg","datePublished":"2017-10-25T11:06:24+00:00","breadcrumb":{"@id":"https:\/\/fundacion-biodiversidad.es\/en\/actualidad_home\/emergency-measures-put-in-place-to-rescue-the-pen-shell\/#breadcrumb"},"inLanguage":"en-US","potentialAction":[{"@type":"ReadAction","target":["https:\/\/fundacion-biodiversidad.es\/en\/actualidad_home\/emergency-measures-put-in-place-to-rescue-the-pen-shell\/"]}]},{"@type":"ImageObject","inLanguage":"en-US","@id":"https:\/\/fundacion-biodiversidad.es\/en\/actualidad_home\/emergency-measures-put-in-place-to-rescue-the-pen-shell\/#primaryimage","url":"https:\/\/fundacion-biodiversidad.es\/wp-content\/uploads\/2017\/10\/nacra-ieo.jpg","contentUrl":"https:\/\/fundacion-biodiversidad.es\/wp-content\/uploads\/2017\/10\/nacra-ieo.jpg","width":470,"height":283},{"@type":"BreadcrumbList","@id":"https:\/\/fundacion-biodiversidad.es\/en\/actualidad_home\/emergency-measures-put-in-place-to-rescue-the-pen-shell\/#breadcrumb","itemListElement":[{"@type":"ListItem","position":1,"name":"Portada","item":"https:\/\/fundacion-biodiversidad.es\/en\/inicio\/"},{"@type":"ListItem","position":2,"name":"Noticias de actualidad","item":"https:\/\/fundacion-biodiversidad.es\/en\/actualidad_home\/"},{"@type":"ListItem","position":3,"name":"Emergency measures put in place to rescue the pen shell"}]},{"@type":"WebSite","@id":"https:\/\/fundacion-biodiversidad.es\/en\/#website","url":"https:\/\/fundacion-biodiversidad.es\/en\/","name":"Fundaci\u00f3n Biodiversidad","description":"Fundaci\u00f3n p\u00fablica adscrita al Ministerio para la Transici\u00f3n Ecol\u00f3gica","potentialAction":[{"@type":"SearchAction","target":{"@type":"EntryPoint","urlTemplate":"https:\/\/fundacion-biodiversidad.es\/en\/?s={search_term_string}"},"query-input":{"@type":"PropertyValueSpecification","valueRequired":true,"valueName":"search_term_string"}}],"inLanguage":"en-US"}]}},"_links":{"self":[{"href":"https:\/\/fundacion-biodiversidad.es\/en\/wp-json\/wp\/v2\/actualidad_home\/97858225","targetHints":{"allow":["GET"]}}],"collection":[{"href":"https:\/\/fundacion-biodiversidad.es\/en\/wp-json\/wp\/v2\/actualidad_home"}],"about":[{"href":"https:\/\/fundacion-biodiversidad.es\/en\/wp-json\/wp\/v2\/types\/actualidad_home"}],"author":[{"embeddable":true,"href":"https:\/\/fundacion-biodiversidad.es\/en\/wp-json\/wp\/v2\/users\/11"}],"wp:featuredmedia":[{"embeddable":true,"href":"https:\/\/fundacion-biodiversidad.es\/en\/wp-json\/wp\/v2\/media\/35862"}],"wp:attachment":[{"href":"https:\/\/fundacion-biodiversidad.es\/en\/wp-json\/wp\/v2\/media?parent=97858225"}],"wp:term":[{"taxonomy":"palabras_clave","embeddable":true,"href":"https:\/\/fundacion-biodiversidad.es\/en\/wp-json\/wp\/v2\/palabras_clave?post=97858225"}],"curies":[{"name":"wp","href":"https:\/\/api.w.org\/{rel}","templated":true}]}}