{"id":97858226,"date":"2017-11-13T08:45:23","date_gmt":"2017-11-13T07:45:23","guid":{"rendered":"https:\/\/fundacion-biodiversidad.es\/actualidad_home\/mistic-seas-awarded-at-the-atlantic-project-awards-of-the-european-commission\/"},"modified":"2017-11-13T08:45:23","modified_gmt":"2017-11-13T07:45:23","slug":"mistic-seas-awarded-at-the-atlantic-project-awards-of-the-european-commission","status":"publish","type":"actualidad_home","link":"https:\/\/fundacion-biodiversidad.es\/en\/actualidad_home\/mistic-seas-awarded-at-the-atlantic-project-awards-of-the-european-commission\/","title":{"rendered":"MISTIC SEAS, awarded at the Atlantic Project Awards of the European Commission"},"content":{"rendered":"<p>Delivered last Wednesday, November 8 in Glasgow (Scotland) at the opening session of the Atlantic Stakeholder Platform conference.<br \/>\n<!--more--><\/p>\n<p>The <a href=\"http:\/\/fundacion-biodiversidad.es\/es\/biodiversidad-marina-y-litoral\/proyectos-propios\/misticseas\">MISTIC SEAS<\/a> project, of which <strong>the Ministry of Agriculture and Fisheries, Food and Environment is a partner,<\/strong> has been awarded in the second edition of the Atlantic Project Awards. These awards, organised by the European Commission and presented last Wednesday, November 8 in Glasgow (Scotland) at the opening session of the <a href=\"http:\/\/www.atlanticstrategy.eu\/en\/news-and-events\/news\/4th-atlantic-stakeholder-platform-conference-8-november-2017-glasgow-scotland\">Atlantic Stakeholder Platform<\/a> conference, recognize projects developed in the geographical area covered by the Atlantic Strategy and that are relevant to implement the Atlantic Action Plan within the framework of the Marine Strategies. <\/p>\n<p><strong>MISTIC SEAS,<\/strong> which covered the period <strong>from December 2015 to February 2017<\/strong>, aimed to design a common methodology for the monitoring of marine biodiversity in the Macaronesia region, one of the most biodiverse areas in Europe, focusing on the populations of <strong>cetacean, turtle and seabird<\/strong> species and to establish a common roadmap to improve coordination in the implementation of the <strong>Framework Directive of the Marine Strategy in Spain and Portugal (Azores, Madeira and the Canary Islands).<\/strong><\/p>\n<p>Six projects have been recognized at the Atlantic Project Awards. Mistic Seas has won in the marine and Atlantic coastal environment category, and the winners in the rest of the categories have been: &#8220;<a href=\"http:\/\/samraekt.is\/\">Ecoponics&#8221;<\/a> in entrepreneurship and innovation; <a href=\"http:\/\/samraekt.is\/\">&#8220;Tapas H2020&#8221;<\/a> in accessibility and connectivity; <a href=\"https:\/\/www.poctefa.eu\/proyectos\/listado-de-proyectos\/detalle-de-proyecto\/?IdProyecto=a1edb558-1946-42ef-8312-291860d2e737\">&#8220;Marea Project&#8221;<\/a> in sustainability; <a href=\"http:\/\/www.marnaraia.org\/\">&#8220;Raia&#8221;<\/a> in international cooperation; and the <strong> <\/strong><a href=\"http:\/\/fundacion-biodiversidad.es\/es\/biodiversidad-marina-y-litoral\/proyectos-convocatoria-ayudas\/tejiendo-mares-de-solidaridad\"><strong>project &#8220;Weaving seas of solidarity&#8221;,<\/strong><\/a><strong> beneficiary of the 2015 call for grants of the Biodiversity Foundation of the Ministry of Agriculture and Fisheries, Food and the Environment, has won the special prize<\/strong>. This project had a double objective: to raise awareness of the importance of our oceans, and to carry out solidarity work. An ocean woven with blankets was made in schools and centers for the elderly.   <\/p>\n<p>The MISTIC SEAS project, <strong>coordinated by the Regional Fund for Science and Technology<\/strong> (Regional Government of the Azores), had as partners the Regional Directorate for Marine Affairs (Regional Government of the Azores), the Regional Secretariat for Environment and Natural Resources (Regional Government of Madeira), the General Directorate of Natural Resources, Safety and Maritime Services of the Government of Portugal,  <strong>the Ministry of Agriculture and Fisheries, Food and Environment of Spain through the General Directorate of Sustainability of the Coast and the Sea and the Biodiversity Foundation<\/strong>, and the Spanish Institute of Oceanography.<\/p>\n","protected":false},"author":11,"featured_media":35865,"template":"","meta":{"_acf_changed":false},"palabras_clave":[],"class_list":["post-97858226","actualidad_home","type-actualidad_home","status-publish","has-post-thumbnail","hentry"],"acf":[],"yoast_head":"<!-- This site is optimized with the Yoast SEO plugin v26.9 - https:\/\/yoast.com\/product\/yoast-seo-wordpress\/ -->\n<title>MISTIC SEAS, awarded at the Atlantic Project Awards of the European Commission - Fundaci\u00f3n Biodiversidad<\/title>\n<meta name=\"robots\" content=\"index, follow, max-snippet:-1, max-image-preview:large, max-video-preview:-1\" \/>\n<link rel=\"canonical\" href=\"https:\/\/fundacion-biodiversidad.es\/en\/actualidad_home\/mistic-seas-awarded-at-the-atlantic-project-awards-of-the-european-commission\/\" \/>\n<meta property=\"og:locale\" content=\"en_US\" \/>\n<meta property=\"og:type\" content=\"article\" \/>\n<meta property=\"og:title\" content=\"MISTIC SEAS, awarded at the Atlantic Project Awards of the European Commission - Fundaci\u00f3n Biodiversidad\" \/>\n<meta property=\"og:description\" content=\"Delivered last Wednesday, November 8 in Glasgow (Scotland) at the opening session of the Atlantic Stakeholder Platform conference.\" \/>\n<meta property=\"og:url\" content=\"https:\/\/fundacion-biodiversidad.es\/en\/actualidad_home\/mistic-seas-awarded-at-the-atlantic-project-awards-of-the-european-commission\/\" \/>\n<meta property=\"og:site_name\" content=\"Fundaci\u00f3n Biodiversidad\" \/>\n<meta property=\"og:image\" content=\"https:\/\/fundacion-biodiversidad.es\/wp-content\/uploads\/2023\/01\/2487661294_35330241_720x405.png\" \/>\n\t<meta property=\"og:image:width\" content=\"720\" \/>\n\t<meta property=\"og:image:height\" content=\"405\" \/>\n\t<meta property=\"og:image:type\" content=\"image\/png\" \/>\n<meta name=\"twitter:card\" content=\"summary_large_image\" \/>\n<meta name=\"twitter:label1\" content=\"Est. reading time\" \/>\n\t<meta name=\"twitter:data1\" content=\"2 minutes\" \/>\n<script type=\"application\/ld+json\" class=\"yoast-schema-graph\">{\"@context\":\"https:\/\/schema.org\",\"@graph\":[{\"@type\":\"WebPage\",\"@id\":\"https:\/\/fundacion-biodiversidad.es\/en\/actualidad_home\/mistic-seas-awarded-at-the-atlantic-project-awards-of-the-european-commission\/\",\"url\":\"https:\/\/fundacion-biodiversidad.es\/en\/actualidad_home\/mistic-seas-awarded-at-the-atlantic-project-awards-of-the-european-commission\/\",\"name\":\"MISTIC SEAS, awarded at the Atlantic Project Awards of the European Commission - Fundaci\u00f3n Biodiversidad\",\"isPartOf\":{\"@id\":\"https:\/\/fundacion-biodiversidad.es\/en\/#website\"},\"primaryImageOfPage\":{\"@id\":\"https:\/\/fundacion-biodiversidad.es\/en\/actualidad_home\/mistic-seas-awarded-at-the-atlantic-project-awards-of-the-european-commission\/#primaryimage\"},\"image\":{\"@id\":\"https:\/\/fundacion-biodiversidad.es\/en\/actualidad_home\/mistic-seas-awarded-at-the-atlantic-project-awards-of-the-european-commission\/#primaryimage\"},\"thumbnailUrl\":\"https:\/\/fundacion-biodiversidad.es\/wp-content\/uploads\/2017\/11\/premio_mistic_seas.png\",\"datePublished\":\"2017-11-13T07:45:23+00:00\",\"breadcrumb\":{\"@id\":\"https:\/\/fundacion-biodiversidad.es\/en\/actualidad_home\/mistic-seas-awarded-at-the-atlantic-project-awards-of-the-european-commission\/#breadcrumb\"},\"inLanguage\":\"en-US\",\"potentialAction\":[{\"@type\":\"ReadAction\",\"target\":[\"https:\/\/fundacion-biodiversidad.es\/en\/actualidad_home\/mistic-seas-awarded-at-the-atlantic-project-awards-of-the-european-commission\/\"]}]},{\"@type\":\"ImageObject\",\"inLanguage\":\"en-US\",\"@id\":\"https:\/\/fundacion-biodiversidad.es\/en\/actualidad_home\/mistic-seas-awarded-at-the-atlantic-project-awards-of-the-european-commission\/#primaryimage\",\"url\":\"https:\/\/fundacion-biodiversidad.es\/wp-content\/uploads\/2017\/11\/premio_mistic_seas.png\",\"contentUrl\":\"https:\/\/fundacion-biodiversidad.es\/wp-content\/uploads\/2017\/11\/premio_mistic_seas.png\",\"width\":1016,\"height\":553},{\"@type\":\"BreadcrumbList\",\"@id\":\"https:\/\/fundacion-biodiversidad.es\/en\/actualidad_home\/mistic-seas-awarded-at-the-atlantic-project-awards-of-the-european-commission\/#breadcrumb\",\"itemListElement\":[{\"@type\":\"ListItem\",\"position\":1,\"name\":\"Portada\",\"item\":\"https:\/\/fundacion-biodiversidad.es\/en\/inicio\/\"},{\"@type\":\"ListItem\",\"position\":2,\"name\":\"Noticias de actualidad\",\"item\":\"https:\/\/fundacion-biodiversidad.es\/en\/actualidad_home\/\"},{\"@type\":\"ListItem\",\"position\":3,\"name\":\"MISTIC SEAS, awarded at the Atlantic Project Awards of the European Commission\"}]},{\"@type\":\"WebSite\",\"@id\":\"https:\/\/fundacion-biodiversidad.es\/en\/#website\",\"url\":\"https:\/\/fundacion-biodiversidad.es\/en\/\",\"name\":\"Fundaci\u00f3n Biodiversidad\",\"description\":\"Fundaci\u00f3n p\u00fablica adscrita al Ministerio para la Transici\u00f3n Ecol\u00f3gica\",\"potentialAction\":[{\"@type\":\"SearchAction\",\"target\":{\"@type\":\"EntryPoint\",\"urlTemplate\":\"https:\/\/fundacion-biodiversidad.es\/en\/?s={search_term_string}\"},\"query-input\":{\"@type\":\"PropertyValueSpecification\",\"valueRequired\":true,\"valueName\":\"search_term_string\"}}],\"inLanguage\":\"en-US\"}]}<\/script>\n<!-- \/ Yoast SEO plugin. -->","yoast_head_json":{"title":"MISTIC SEAS, awarded at the Atlantic Project Awards of the European Commission - Fundaci\u00f3n Biodiversidad","robots":{"index":"index","follow":"follow","max-snippet":"max-snippet:-1","max-image-preview":"max-image-preview:large","max-video-preview":"max-video-preview:-1"},"canonical":"https:\/\/fundacion-biodiversidad.es\/en\/actualidad_home\/mistic-seas-awarded-at-the-atlantic-project-awards-of-the-european-commission\/","og_locale":"en_US","og_type":"article","og_title":"MISTIC SEAS, awarded at the Atlantic Project Awards of the European Commission - Fundaci\u00f3n Biodiversidad","og_description":"Delivered last Wednesday, November 8 in Glasgow (Scotland) at the opening session of the Atlantic Stakeholder Platform conference.","og_url":"https:\/\/fundacion-biodiversidad.es\/en\/actualidad_home\/mistic-seas-awarded-at-the-atlantic-project-awards-of-the-european-commission\/","og_site_name":"Fundaci\u00f3n Biodiversidad","og_image":[{"width":720,"height":405,"url":"https:\/\/fundacion-biodiversidad.es\/wp-content\/uploads\/2023\/01\/2487661294_35330241_720x405.png","type":"image\/png"}],"twitter_card":"summary_large_image","twitter_misc":{"Est. reading time":"2 minutes"},"schema":{"@context":"https:\/\/schema.org","@graph":[{"@type":"WebPage","@id":"https:\/\/fundacion-biodiversidad.es\/en\/actualidad_home\/mistic-seas-awarded-at-the-atlantic-project-awards-of-the-european-commission\/","url":"https:\/\/fundacion-biodiversidad.es\/en\/actualidad_home\/mistic-seas-awarded-at-the-atlantic-project-awards-of-the-european-commission\/","name":"MISTIC SEAS, awarded at the Atlantic Project Awards of the European Commission - Fundaci\u00f3n Biodiversidad","isPartOf":{"@id":"https:\/\/fundacion-biodiversidad.es\/en\/#website"},"primaryImageOfPage":{"@id":"https:\/\/fundacion-biodiversidad.es\/en\/actualidad_home\/mistic-seas-awarded-at-the-atlantic-project-awards-of-the-european-commission\/#primaryimage"},"image":{"@id":"https:\/\/fundacion-biodiversidad.es\/en\/actualidad_home\/mistic-seas-awarded-at-the-atlantic-project-awards-of-the-european-commission\/#primaryimage"},"thumbnailUrl":"https:\/\/fundacion-biodiversidad.es\/wp-content\/uploads\/2017\/11\/premio_mistic_seas.png","datePublished":"2017-11-13T07:45:23+00:00","breadcrumb":{"@id":"https:\/\/fundacion-biodiversidad.es\/en\/actualidad_home\/mistic-seas-awarded-at-the-atlantic-project-awards-of-the-european-commission\/#breadcrumb"},"inLanguage":"en-US","potentialAction":[{"@type":"ReadAction","target":["https:\/\/fundacion-biodiversidad.es\/en\/actualidad_home\/mistic-seas-awarded-at-the-atlantic-project-awards-of-the-european-commission\/"]}]},{"@type":"ImageObject","inLanguage":"en-US","@id":"https:\/\/fundacion-biodiversidad.es\/en\/actualidad_home\/mistic-seas-awarded-at-the-atlantic-project-awards-of-the-european-commission\/#primaryimage","url":"https:\/\/fundacion-biodiversidad.es\/wp-content\/uploads\/2017\/11\/premio_mistic_seas.png","contentUrl":"https:\/\/fundacion-biodiversidad.es\/wp-content\/uploads\/2017\/11\/premio_mistic_seas.png","width":1016,"height":553},{"@type":"BreadcrumbList","@id":"https:\/\/fundacion-biodiversidad.es\/en\/actualidad_home\/mistic-seas-awarded-at-the-atlantic-project-awards-of-the-european-commission\/#breadcrumb","itemListElement":[{"@type":"ListItem","position":1,"name":"Portada","item":"https:\/\/fundacion-biodiversidad.es\/en\/inicio\/"},{"@type":"ListItem","position":2,"name":"Noticias de actualidad","item":"https:\/\/fundacion-biodiversidad.es\/en\/actualidad_home\/"},{"@type":"ListItem","position":3,"name":"MISTIC SEAS, awarded at the Atlantic Project Awards of the European Commission"}]},{"@type":"WebSite","@id":"https:\/\/fundacion-biodiversidad.es\/en\/#website","url":"https:\/\/fundacion-biodiversidad.es\/en\/","name":"Fundaci\u00f3n Biodiversidad","description":"Fundaci\u00f3n p\u00fablica adscrita al Ministerio para la Transici\u00f3n Ecol\u00f3gica","potentialAction":[{"@type":"SearchAction","target":{"@type":"EntryPoint","urlTemplate":"https:\/\/fundacion-biodiversidad.es\/en\/?s={search_term_string}"},"query-input":{"@type":"PropertyValueSpecification","valueRequired":true,"valueName":"search_term_string"}}],"inLanguage":"en-US"}]}},"_links":{"self":[{"href":"https:\/\/fundacion-biodiversidad.es\/en\/wp-json\/wp\/v2\/actualidad_home\/97858226","targetHints":{"allow":["GET"]}}],"collection":[{"href":"https:\/\/fundacion-biodiversidad.es\/en\/wp-json\/wp\/v2\/actualidad_home"}],"about":[{"href":"https:\/\/fundacion-biodiversidad.es\/en\/wp-json\/wp\/v2\/types\/actualidad_home"}],"author":[{"embeddable":true,"href":"https:\/\/fundacion-biodiversidad.es\/en\/wp-json\/wp\/v2\/users\/11"}],"wp:featuredmedia":[{"embeddable":true,"href":"https:\/\/fundacion-biodiversidad.es\/en\/wp-json\/wp\/v2\/media\/35865"}],"wp:attachment":[{"href":"https:\/\/fundacion-biodiversidad.es\/en\/wp-json\/wp\/v2\/media?parent=97858226"}],"wp:term":[{"taxonomy":"palabras_clave","embeddable":true,"href":"https:\/\/fundacion-biodiversidad.es\/en\/wp-json\/wp\/v2\/palabras_clave?post=97858226"}],"curies":[{"name":"wp","href":"https:\/\/api.w.org\/{rel}","templated":true}]}}