{"id":97858232,"date":"2017-10-05T14:21:46","date_gmt":"2017-10-05T12:21:46","guid":{"rendered":"https:\/\/fundacion-biodiversidad.es\/actualidad_home\/68-beneficiary-entities-of-the-call-for-climate-change-adaptation-grants\/"},"modified":"2017-10-05T14:21:46","modified_gmt":"2017-10-05T12:21:46","slug":"68-beneficiary-entities-of-the-call-for-climate-change-adaptation-grants","status":"publish","type":"actualidad_home","link":"https:\/\/fundacion-biodiversidad.es\/en\/actualidad_home\/68-beneficiary-entities-of-the-call-for-climate-change-adaptation-grants\/","title":{"rendered":"68 beneficiary entities of the call for climate change adaptation grants"},"content":{"rendered":"<p>One of the objectives of this meeting is the search for synergies between the beneficiaries of this call promoted by MAPAMA, through the Spanish Office for Climate Change (OECC) and the Biodiversity Foundation.<br \/>\n<!--more--><\/p>\n<p>The headquarters of the Ministry of Agriculture and Fisheries, Food and Environment (MAPAMA) today hosted the informative meeting with the <strong>68 beneficiary entities of the call for aid for the implementation of projects in the field of adaptation to climate change<\/strong>. One of the objectives of this meeting is the search for synergies between the beneficiaries of this call promoted by <strong>MAPAMA, through the Spanish Office for Climate Change (OECC) and the Biodiversity Foundation<\/strong>. <\/p>\n<p>The beneficiary entities will receive a total of 2.5 million euros to develop, during 2017 and 2018, projects that include activities that contribute to the achievement of the objectives <a href=\"http:\/\/www.mapama.gob.es\/es\/cambio-climatico\/temas\/impactos-vulnerabilidad-y-adaptacion\/plan-nacional-adaptacion-cambio-climatico\/\">of the National Plan for Adaptation to Climate Change (PNACC)<\/a>  and its third Work Programme, the framework instrument that seeks to integrate adaptation to climate change in the planning and management of the sectors.  systems, resources and territories vulnerable to climate change in Spain.<\/p>\n<p>The selected projects focus on the generation and analysis of knowledge in the field of impact assessment, vulnerability and adaptation; the development of demonstration and learning projects on adaptation to climate change; mobilization of actors (transfer, participation, information, communication, awareness-raising and training) on adaptation; the promotion of the development and implementation of local and business adaptation plans and strategies.<\/p>\n<p>All the projects fall into some of the categories of adaptation options included in the <a href=\"https:\/\/www.ipcc.ch\/report\/ar5\/index_es.shtml\">Fifth Assessment Report of the Intergovernmental Panel on Climate Change (IPCC),<\/a> including physical (engineering, technology, ecosystems), social (education, training, information) and other institutional (economy, plans, laws, measures) structural issues.<\/p>\n<p>Among the beneficiaries of this call are <strong>non-profit organizations, public research organizations, universities, city councils and SMEs, among others.<\/strong><\/p>\n","protected":false},"author":11,"featured_media":35857,"template":"","meta":{"_acf_changed":false},"palabras_clave":[],"class_list":["post-97858232","actualidad_home","type-actualidad_home","status-publish","has-post-thumbnail","hentry"],"acf":[],"yoast_head":"<!-- This site is optimized with the Yoast SEO plugin v26.9 - https:\/\/yoast.com\/product\/yoast-seo-wordpress\/ -->\n<title>68 beneficiary entities of the call for climate change adaptation grants - Fundaci\u00f3n Biodiversidad<\/title>\n<meta name=\"robots\" content=\"index, follow, max-snippet:-1, max-image-preview:large, max-video-preview:-1\" \/>\n<link rel=\"canonical\" href=\"https:\/\/fundacion-biodiversidad.es\/en\/actualidad_home\/68-beneficiary-entities-of-the-call-for-climate-change-adaptation-grants\/\" \/>\n<meta property=\"og:locale\" content=\"en_US\" \/>\n<meta property=\"og:type\" content=\"article\" \/>\n<meta property=\"og:title\" content=\"68 beneficiary entities of the call for climate change adaptation grants - Fundaci\u00f3n Biodiversidad\" \/>\n<meta property=\"og:description\" content=\"One of the objectives of this meeting is the search for synergies between the beneficiaries of this call promoted by MAPAMA, through the Spanish Office [&hellip;]\" \/>\n<meta property=\"og:url\" content=\"https:\/\/fundacion-biodiversidad.es\/en\/actualidad_home\/68-beneficiary-entities-of-the-call-for-climate-change-adaptation-grants\/\" \/>\n<meta property=\"og:site_name\" content=\"Fundaci\u00f3n Biodiversidad\" \/>\n<meta property=\"og:image\" content=\"https:\/\/fundacion-biodiversidad.es\/wp-content\/uploads\/2023\/01\/2487661294_35330241_720x405.png\" \/>\n\t<meta property=\"og:image:width\" content=\"720\" \/>\n\t<meta property=\"og:image:height\" content=\"405\" \/>\n\t<meta property=\"og:image:type\" content=\"image\/png\" \/>\n<meta name=\"twitter:card\" content=\"summary_large_image\" \/>\n<meta name=\"twitter:label1\" content=\"Est. reading time\" \/>\n\t<meta name=\"twitter:data1\" content=\"1 minute\" \/>\n<script type=\"application\/ld+json\" class=\"yoast-schema-graph\">{\"@context\":\"https:\/\/schema.org\",\"@graph\":[{\"@type\":\"WebPage\",\"@id\":\"https:\/\/fundacion-biodiversidad.es\/en\/actualidad_home\/68-beneficiary-entities-of-the-call-for-climate-change-adaptation-grants\/\",\"url\":\"https:\/\/fundacion-biodiversidad.es\/en\/actualidad_home\/68-beneficiary-entities-of-the-call-for-climate-change-adaptation-grants\/\",\"name\":\"68 beneficiary entities of the call for climate change adaptation grants - Fundaci\u00f3n Biodiversidad\",\"isPartOf\":{\"@id\":\"https:\/\/fundacion-biodiversidad.es\/en\/#website\"},\"primaryImageOfPage\":{\"@id\":\"https:\/\/fundacion-biodiversidad.es\/en\/actualidad_home\/68-beneficiary-entities-of-the-call-for-climate-change-adaptation-grants\/#primaryimage\"},\"image\":{\"@id\":\"https:\/\/fundacion-biodiversidad.es\/en\/actualidad_home\/68-beneficiary-entities-of-the-call-for-climate-change-adaptation-grants\/#primaryimage\"},\"thumbnailUrl\":\"https:\/\/fundacion-biodiversidad.es\/wp-content\/uploads\/2017\/10\/reunion-informativa-ca-cc2016_0.jpg\",\"datePublished\":\"2017-10-05T12:21:46+00:00\",\"breadcrumb\":{\"@id\":\"https:\/\/fundacion-biodiversidad.es\/en\/actualidad_home\/68-beneficiary-entities-of-the-call-for-climate-change-adaptation-grants\/#breadcrumb\"},\"inLanguage\":\"en-US\",\"potentialAction\":[{\"@type\":\"ReadAction\",\"target\":[\"https:\/\/fundacion-biodiversidad.es\/en\/actualidad_home\/68-beneficiary-entities-of-the-call-for-climate-change-adaptation-grants\/\"]}]},{\"@type\":\"ImageObject\",\"inLanguage\":\"en-US\",\"@id\":\"https:\/\/fundacion-biodiversidad.es\/en\/actualidad_home\/68-beneficiary-entities-of-the-call-for-climate-change-adaptation-grants\/#primaryimage\",\"url\":\"https:\/\/fundacion-biodiversidad.es\/wp-content\/uploads\/2017\/10\/reunion-informativa-ca-cc2016_0.jpg\",\"contentUrl\":\"https:\/\/fundacion-biodiversidad.es\/wp-content\/uploads\/2017\/10\/reunion-informativa-ca-cc2016_0.jpg\",\"width\":1632,\"height\":1224},{\"@type\":\"BreadcrumbList\",\"@id\":\"https:\/\/fundacion-biodiversidad.es\/en\/actualidad_home\/68-beneficiary-entities-of-the-call-for-climate-change-adaptation-grants\/#breadcrumb\",\"itemListElement\":[{\"@type\":\"ListItem\",\"position\":1,\"name\":\"Portada\",\"item\":\"https:\/\/fundacion-biodiversidad.es\/en\/inicio\/\"},{\"@type\":\"ListItem\",\"position\":2,\"name\":\"Noticias de actualidad\",\"item\":\"https:\/\/fundacion-biodiversidad.es\/en\/actualidad_home\/\"},{\"@type\":\"ListItem\",\"position\":3,\"name\":\"68 beneficiary entities of the call for climate change adaptation grants\"}]},{\"@type\":\"WebSite\",\"@id\":\"https:\/\/fundacion-biodiversidad.es\/en\/#website\",\"url\":\"https:\/\/fundacion-biodiversidad.es\/en\/\",\"name\":\"Fundaci\u00f3n Biodiversidad\",\"description\":\"Fundaci\u00f3n p\u00fablica adscrita al Ministerio para la Transici\u00f3n Ecol\u00f3gica\",\"potentialAction\":[{\"@type\":\"SearchAction\",\"target\":{\"@type\":\"EntryPoint\",\"urlTemplate\":\"https:\/\/fundacion-biodiversidad.es\/en\/?s={search_term_string}\"},\"query-input\":{\"@type\":\"PropertyValueSpecification\",\"valueRequired\":true,\"valueName\":\"search_term_string\"}}],\"inLanguage\":\"en-US\"}]}<\/script>\n<!-- \/ Yoast SEO plugin. -->","yoast_head_json":{"title":"68 beneficiary entities of the call for climate change adaptation grants - Fundaci\u00f3n Biodiversidad","robots":{"index":"index","follow":"follow","max-snippet":"max-snippet:-1","max-image-preview":"max-image-preview:large","max-video-preview":"max-video-preview:-1"},"canonical":"https:\/\/fundacion-biodiversidad.es\/en\/actualidad_home\/68-beneficiary-entities-of-the-call-for-climate-change-adaptation-grants\/","og_locale":"en_US","og_type":"article","og_title":"68 beneficiary entities of the call for climate change adaptation grants - Fundaci\u00f3n Biodiversidad","og_description":"One of the objectives of this meeting is the search for synergies between the beneficiaries of this call promoted by MAPAMA, through the Spanish Office [&hellip;]","og_url":"https:\/\/fundacion-biodiversidad.es\/en\/actualidad_home\/68-beneficiary-entities-of-the-call-for-climate-change-adaptation-grants\/","og_site_name":"Fundaci\u00f3n Biodiversidad","og_image":[{"width":720,"height":405,"url":"https:\/\/fundacion-biodiversidad.es\/wp-content\/uploads\/2023\/01\/2487661294_35330241_720x405.png","type":"image\/png"}],"twitter_card":"summary_large_image","twitter_misc":{"Est. reading time":"1 minute"},"schema":{"@context":"https:\/\/schema.org","@graph":[{"@type":"WebPage","@id":"https:\/\/fundacion-biodiversidad.es\/en\/actualidad_home\/68-beneficiary-entities-of-the-call-for-climate-change-adaptation-grants\/","url":"https:\/\/fundacion-biodiversidad.es\/en\/actualidad_home\/68-beneficiary-entities-of-the-call-for-climate-change-adaptation-grants\/","name":"68 beneficiary entities of the call for climate change adaptation grants - Fundaci\u00f3n Biodiversidad","isPartOf":{"@id":"https:\/\/fundacion-biodiversidad.es\/en\/#website"},"primaryImageOfPage":{"@id":"https:\/\/fundacion-biodiversidad.es\/en\/actualidad_home\/68-beneficiary-entities-of-the-call-for-climate-change-adaptation-grants\/#primaryimage"},"image":{"@id":"https:\/\/fundacion-biodiversidad.es\/en\/actualidad_home\/68-beneficiary-entities-of-the-call-for-climate-change-adaptation-grants\/#primaryimage"},"thumbnailUrl":"https:\/\/fundacion-biodiversidad.es\/wp-content\/uploads\/2017\/10\/reunion-informativa-ca-cc2016_0.jpg","datePublished":"2017-10-05T12:21:46+00:00","breadcrumb":{"@id":"https:\/\/fundacion-biodiversidad.es\/en\/actualidad_home\/68-beneficiary-entities-of-the-call-for-climate-change-adaptation-grants\/#breadcrumb"},"inLanguage":"en-US","potentialAction":[{"@type":"ReadAction","target":["https:\/\/fundacion-biodiversidad.es\/en\/actualidad_home\/68-beneficiary-entities-of-the-call-for-climate-change-adaptation-grants\/"]}]},{"@type":"ImageObject","inLanguage":"en-US","@id":"https:\/\/fundacion-biodiversidad.es\/en\/actualidad_home\/68-beneficiary-entities-of-the-call-for-climate-change-adaptation-grants\/#primaryimage","url":"https:\/\/fundacion-biodiversidad.es\/wp-content\/uploads\/2017\/10\/reunion-informativa-ca-cc2016_0.jpg","contentUrl":"https:\/\/fundacion-biodiversidad.es\/wp-content\/uploads\/2017\/10\/reunion-informativa-ca-cc2016_0.jpg","width":1632,"height":1224},{"@type":"BreadcrumbList","@id":"https:\/\/fundacion-biodiversidad.es\/en\/actualidad_home\/68-beneficiary-entities-of-the-call-for-climate-change-adaptation-grants\/#breadcrumb","itemListElement":[{"@type":"ListItem","position":1,"name":"Portada","item":"https:\/\/fundacion-biodiversidad.es\/en\/inicio\/"},{"@type":"ListItem","position":2,"name":"Noticias de actualidad","item":"https:\/\/fundacion-biodiversidad.es\/en\/actualidad_home\/"},{"@type":"ListItem","position":3,"name":"68 beneficiary entities of the call for climate change adaptation grants"}]},{"@type":"WebSite","@id":"https:\/\/fundacion-biodiversidad.es\/en\/#website","url":"https:\/\/fundacion-biodiversidad.es\/en\/","name":"Fundaci\u00f3n Biodiversidad","description":"Fundaci\u00f3n p\u00fablica adscrita al Ministerio para la Transici\u00f3n Ecol\u00f3gica","potentialAction":[{"@type":"SearchAction","target":{"@type":"EntryPoint","urlTemplate":"https:\/\/fundacion-biodiversidad.es\/en\/?s={search_term_string}"},"query-input":{"@type":"PropertyValueSpecification","valueRequired":true,"valueName":"search_term_string"}}],"inLanguage":"en-US"}]}},"_links":{"self":[{"href":"https:\/\/fundacion-biodiversidad.es\/en\/wp-json\/wp\/v2\/actualidad_home\/97858232","targetHints":{"allow":["GET"]}}],"collection":[{"href":"https:\/\/fundacion-biodiversidad.es\/en\/wp-json\/wp\/v2\/actualidad_home"}],"about":[{"href":"https:\/\/fundacion-biodiversidad.es\/en\/wp-json\/wp\/v2\/types\/actualidad_home"}],"author":[{"embeddable":true,"href":"https:\/\/fundacion-biodiversidad.es\/en\/wp-json\/wp\/v2\/users\/11"}],"wp:featuredmedia":[{"embeddable":true,"href":"https:\/\/fundacion-biodiversidad.es\/en\/wp-json\/wp\/v2\/media\/35857"}],"wp:attachment":[{"href":"https:\/\/fundacion-biodiversidad.es\/en\/wp-json\/wp\/v2\/media?parent=97858232"}],"wp:term":[{"taxonomy":"palabras_clave","embeddable":true,"href":"https:\/\/fundacion-biodiversidad.es\/en\/wp-json\/wp\/v2\/palabras_clave?post=97858232"}],"curies":[{"name":"wp","href":"https:\/\/api.w.org\/{rel}","templated":true}]}}