{"id":97858233,"date":"2017-11-10T10:51:10","date_gmt":"2017-11-10T09:51:10","guid":{"rendered":"https:\/\/fundacion-biodiversidad.es\/actualidad_home\/the-i-green-employment-marathon-brings-together-more-than-70-entrepreneurs-in-seville\/"},"modified":"2017-11-10T10:51:10","modified_gmt":"2017-11-10T09:51:10","slug":"the-i-green-employment-marathon-brings-together-more-than-70-entrepreneurs-in-seville","status":"publish","type":"actualidad_home","link":"https:\/\/fundacion-biodiversidad.es\/en\/actualidad_home\/the-i-green-employment-marathon-brings-together-more-than-70-entrepreneurs-in-seville\/","title":{"rendered":"The I Green Employment Marathon brings together more than 70 entrepreneurs in Seville"},"content":{"rendered":"<p>The I Green Employment Marathon organized by the MAPAMA Biodiversity Foundation has brought together about 70 participants in Seville.<br \/>\n<!--more--><\/p>\n<p>The <a href=\"http:\/\/empleaverdeton.es\/\" target=\"_blank\" rel=\"noopener\">I Green Employment Marathon<\/a> organized by the Biodiversity Foundation of the Ministry of Agriculture and Fisheries, Food and Environment (MAPAMA) has brought together in Seville, about <strong>70 participants in search of green employment<\/strong> as employees or who need a boost to <strong>launch their own green entrepreneurship business initiative<\/strong> .<\/p>\n<p>During the conference, which took place at the headquarters of the Biodiversity Foundation in the capital of Seville, the <strong>importance of initiatives such as the Empleaverde Programme or the <a href=\"http:\/\/www.redemprendeverde.es\/\" target=\"_blank\" rel=\"noopener\">Emprendeverde Network<\/a><\/strong>, promoted by MAPAMA through the Biodiversity Foundation, <strong>co-financed by the European Social Fund<\/strong>, was highlighted, and which aim to promote employment and the creation and consolidation of companies or new lines of business in activities related to the environment.<\/p>\n<p>The event has been organized through presentations, round tables and workshops in which participants have made their talent known and have been able to improve their skills in areas such as public presentation and personal branding.<\/p>\n<p>Throughout the day, <strong>the Marathon has put participants in contact with companies<\/strong> from different economic activities linked to the environment in search of green talent. In addition, the participants have been in contact with entrepreneurs who have consolidated their green business initiative and with advisors and mentors who have advised and guided them, highlighting their entrepreneurial skills and locating the strengths of their professional profiles. <\/p>\n<p>At the end of the day, a recognition was given among the participating entrepreneurs for the <strong>Best Business Idea, awarded to Adela Chamorro Hern\u00e1ndez<\/strong>, who presented a brand of ecological underwear made with organic cotton and low-impact dyes. <strong>The second prize went to Francisca Godino Roca<\/strong>, for her idea of a children&#8217;s and young people&#8217;s environmental education publishing house. In addition, among the participants looking for employment as an employee, the recognition for the Best Curriculum has gone to V\u00edctor Guti\u00e9rrez Garc\u00eda. &nbsp;<\/p>\n<p>In addition, thanks to participation in this Green Employment Marathon, <strong>a free support program will be offered for a selection of 25 unemployed people<\/strong> who want to start a business <strong>and for those who are looking for employment<\/strong> as employees.<\/p>\n","protected":false},"author":11,"featured_media":35863,"template":"","meta":{"_acf_changed":false},"palabras_clave":[],"class_list":["post-97858233","actualidad_home","type-actualidad_home","status-publish","has-post-thumbnail","hentry"],"acf":[],"yoast_head":"<!-- This site is optimized with the Yoast SEO plugin v26.9 - https:\/\/yoast.com\/product\/yoast-seo-wordpress\/ -->\n<title>The I Green Employment Marathon brings together more than 70 entrepreneurs in Seville - Fundaci\u00f3n Biodiversidad<\/title>\n<meta name=\"robots\" content=\"index, follow, max-snippet:-1, max-image-preview:large, max-video-preview:-1\" \/>\n<link rel=\"canonical\" href=\"https:\/\/fundacion-biodiversidad.es\/en\/actualidad_home\/the-i-green-employment-marathon-brings-together-more-than-70-entrepreneurs-in-seville\/\" \/>\n<meta property=\"og:locale\" content=\"en_US\" \/>\n<meta property=\"og:type\" content=\"article\" \/>\n<meta property=\"og:title\" content=\"The I Green Employment Marathon brings together more than 70 entrepreneurs in Seville - Fundaci\u00f3n Biodiversidad\" \/>\n<meta property=\"og:description\" content=\"The I Green Employment Marathon organized by the MAPAMA Biodiversity Foundation has brought together about 70 participants in Seville.\" \/>\n<meta property=\"og:url\" content=\"https:\/\/fundacion-biodiversidad.es\/en\/actualidad_home\/the-i-green-employment-marathon-brings-together-more-than-70-entrepreneurs-in-seville\/\" \/>\n<meta property=\"og:site_name\" content=\"Fundaci\u00f3n Biodiversidad\" \/>\n<meta property=\"og:image\" content=\"https:\/\/fundacion-biodiversidad.es\/wp-content\/uploads\/2023\/01\/2487661294_35330241_720x405.png\" \/>\n\t<meta property=\"og:image:width\" content=\"720\" \/>\n\t<meta property=\"og:image:height\" content=\"405\" \/>\n\t<meta property=\"og:image:type\" content=\"image\/png\" \/>\n<meta name=\"twitter:card\" content=\"summary_large_image\" \/>\n<meta name=\"twitter:label1\" content=\"Est. reading time\" \/>\n\t<meta name=\"twitter:data1\" content=\"2 minutes\" \/>\n<script type=\"application\/ld+json\" class=\"yoast-schema-graph\">{\"@context\":\"https:\/\/schema.org\",\"@graph\":[{\"@type\":\"WebPage\",\"@id\":\"https:\/\/fundacion-biodiversidad.es\/en\/actualidad_home\/the-i-green-employment-marathon-brings-together-more-than-70-entrepreneurs-in-seville\/\",\"url\":\"https:\/\/fundacion-biodiversidad.es\/en\/actualidad_home\/the-i-green-employment-marathon-brings-together-more-than-70-entrepreneurs-in-seville\/\",\"name\":\"The I Green Employment Marathon brings together more than 70 entrepreneurs in Seville - Fundaci\u00f3n Biodiversidad\",\"isPartOf\":{\"@id\":\"https:\/\/fundacion-biodiversidad.es\/en\/#website\"},\"primaryImageOfPage\":{\"@id\":\"https:\/\/fundacion-biodiversidad.es\/en\/actualidad_home\/the-i-green-employment-marathon-brings-together-more-than-70-entrepreneurs-in-seville\/#primaryimage\"},\"image\":{\"@id\":\"https:\/\/fundacion-biodiversidad.es\/en\/actualidad_home\/the-i-green-employment-marathon-brings-together-more-than-70-entrepreneurs-in-seville\/#primaryimage\"},\"thumbnailUrl\":\"https:\/\/fundacion-biodiversidad.es\/wp-content\/uploads\/2017\/11\/maraton-empleo-verde.jpg\",\"datePublished\":\"2017-11-10T09:51:10+00:00\",\"breadcrumb\":{\"@id\":\"https:\/\/fundacion-biodiversidad.es\/en\/actualidad_home\/the-i-green-employment-marathon-brings-together-more-than-70-entrepreneurs-in-seville\/#breadcrumb\"},\"inLanguage\":\"en-US\",\"potentialAction\":[{\"@type\":\"ReadAction\",\"target\":[\"https:\/\/fundacion-biodiversidad.es\/en\/actualidad_home\/the-i-green-employment-marathon-brings-together-more-than-70-entrepreneurs-in-seville\/\"]}]},{\"@type\":\"ImageObject\",\"inLanguage\":\"en-US\",\"@id\":\"https:\/\/fundacion-biodiversidad.es\/en\/actualidad_home\/the-i-green-employment-marathon-brings-together-more-than-70-entrepreneurs-in-seville\/#primaryimage\",\"url\":\"https:\/\/fundacion-biodiversidad.es\/wp-content\/uploads\/2017\/11\/maraton-empleo-verde.jpg\",\"contentUrl\":\"https:\/\/fundacion-biodiversidad.es\/wp-content\/uploads\/2017\/11\/maraton-empleo-verde.jpg\",\"width\":747,\"height\":483},{\"@type\":\"BreadcrumbList\",\"@id\":\"https:\/\/fundacion-biodiversidad.es\/en\/actualidad_home\/the-i-green-employment-marathon-brings-together-more-than-70-entrepreneurs-in-seville\/#breadcrumb\",\"itemListElement\":[{\"@type\":\"ListItem\",\"position\":1,\"name\":\"Portada\",\"item\":\"https:\/\/fundacion-biodiversidad.es\/en\/inicio\/\"},{\"@type\":\"ListItem\",\"position\":2,\"name\":\"Noticias de actualidad\",\"item\":\"https:\/\/fundacion-biodiversidad.es\/en\/actualidad_home\/\"},{\"@type\":\"ListItem\",\"position\":3,\"name\":\"The I Green Employment Marathon brings together more than 70 entrepreneurs in Seville\"}]},{\"@type\":\"WebSite\",\"@id\":\"https:\/\/fundacion-biodiversidad.es\/en\/#website\",\"url\":\"https:\/\/fundacion-biodiversidad.es\/en\/\",\"name\":\"Fundaci\u00f3n Biodiversidad\",\"description\":\"Fundaci\u00f3n p\u00fablica adscrita al Ministerio para la Transici\u00f3n Ecol\u00f3gica\",\"potentialAction\":[{\"@type\":\"SearchAction\",\"target\":{\"@type\":\"EntryPoint\",\"urlTemplate\":\"https:\/\/fundacion-biodiversidad.es\/en\/?s={search_term_string}\"},\"query-input\":{\"@type\":\"PropertyValueSpecification\",\"valueRequired\":true,\"valueName\":\"search_term_string\"}}],\"inLanguage\":\"en-US\"}]}<\/script>\n<!-- \/ Yoast SEO plugin. -->","yoast_head_json":{"title":"The I Green Employment Marathon brings together more than 70 entrepreneurs in Seville - Fundaci\u00f3n Biodiversidad","robots":{"index":"index","follow":"follow","max-snippet":"max-snippet:-1","max-image-preview":"max-image-preview:large","max-video-preview":"max-video-preview:-1"},"canonical":"https:\/\/fundacion-biodiversidad.es\/en\/actualidad_home\/the-i-green-employment-marathon-brings-together-more-than-70-entrepreneurs-in-seville\/","og_locale":"en_US","og_type":"article","og_title":"The I Green Employment Marathon brings together more than 70 entrepreneurs in Seville - Fundaci\u00f3n Biodiversidad","og_description":"The I Green Employment Marathon organized by the MAPAMA Biodiversity Foundation has brought together about 70 participants in Seville.","og_url":"https:\/\/fundacion-biodiversidad.es\/en\/actualidad_home\/the-i-green-employment-marathon-brings-together-more-than-70-entrepreneurs-in-seville\/","og_site_name":"Fundaci\u00f3n Biodiversidad","og_image":[{"width":720,"height":405,"url":"https:\/\/fundacion-biodiversidad.es\/wp-content\/uploads\/2023\/01\/2487661294_35330241_720x405.png","type":"image\/png"}],"twitter_card":"summary_large_image","twitter_misc":{"Est. reading time":"2 minutes"},"schema":{"@context":"https:\/\/schema.org","@graph":[{"@type":"WebPage","@id":"https:\/\/fundacion-biodiversidad.es\/en\/actualidad_home\/the-i-green-employment-marathon-brings-together-more-than-70-entrepreneurs-in-seville\/","url":"https:\/\/fundacion-biodiversidad.es\/en\/actualidad_home\/the-i-green-employment-marathon-brings-together-more-than-70-entrepreneurs-in-seville\/","name":"The I Green Employment Marathon brings together more than 70 entrepreneurs in Seville - Fundaci\u00f3n Biodiversidad","isPartOf":{"@id":"https:\/\/fundacion-biodiversidad.es\/en\/#website"},"primaryImageOfPage":{"@id":"https:\/\/fundacion-biodiversidad.es\/en\/actualidad_home\/the-i-green-employment-marathon-brings-together-more-than-70-entrepreneurs-in-seville\/#primaryimage"},"image":{"@id":"https:\/\/fundacion-biodiversidad.es\/en\/actualidad_home\/the-i-green-employment-marathon-brings-together-more-than-70-entrepreneurs-in-seville\/#primaryimage"},"thumbnailUrl":"https:\/\/fundacion-biodiversidad.es\/wp-content\/uploads\/2017\/11\/maraton-empleo-verde.jpg","datePublished":"2017-11-10T09:51:10+00:00","breadcrumb":{"@id":"https:\/\/fundacion-biodiversidad.es\/en\/actualidad_home\/the-i-green-employment-marathon-brings-together-more-than-70-entrepreneurs-in-seville\/#breadcrumb"},"inLanguage":"en-US","potentialAction":[{"@type":"ReadAction","target":["https:\/\/fundacion-biodiversidad.es\/en\/actualidad_home\/the-i-green-employment-marathon-brings-together-more-than-70-entrepreneurs-in-seville\/"]}]},{"@type":"ImageObject","inLanguage":"en-US","@id":"https:\/\/fundacion-biodiversidad.es\/en\/actualidad_home\/the-i-green-employment-marathon-brings-together-more-than-70-entrepreneurs-in-seville\/#primaryimage","url":"https:\/\/fundacion-biodiversidad.es\/wp-content\/uploads\/2017\/11\/maraton-empleo-verde.jpg","contentUrl":"https:\/\/fundacion-biodiversidad.es\/wp-content\/uploads\/2017\/11\/maraton-empleo-verde.jpg","width":747,"height":483},{"@type":"BreadcrumbList","@id":"https:\/\/fundacion-biodiversidad.es\/en\/actualidad_home\/the-i-green-employment-marathon-brings-together-more-than-70-entrepreneurs-in-seville\/#breadcrumb","itemListElement":[{"@type":"ListItem","position":1,"name":"Portada","item":"https:\/\/fundacion-biodiversidad.es\/en\/inicio\/"},{"@type":"ListItem","position":2,"name":"Noticias de actualidad","item":"https:\/\/fundacion-biodiversidad.es\/en\/actualidad_home\/"},{"@type":"ListItem","position":3,"name":"The I Green Employment Marathon brings together more than 70 entrepreneurs in Seville"}]},{"@type":"WebSite","@id":"https:\/\/fundacion-biodiversidad.es\/en\/#website","url":"https:\/\/fundacion-biodiversidad.es\/en\/","name":"Fundaci\u00f3n Biodiversidad","description":"Fundaci\u00f3n p\u00fablica adscrita al Ministerio para la Transici\u00f3n Ecol\u00f3gica","potentialAction":[{"@type":"SearchAction","target":{"@type":"EntryPoint","urlTemplate":"https:\/\/fundacion-biodiversidad.es\/en\/?s={search_term_string}"},"query-input":{"@type":"PropertyValueSpecification","valueRequired":true,"valueName":"search_term_string"}}],"inLanguage":"en-US"}]}},"_links":{"self":[{"href":"https:\/\/fundacion-biodiversidad.es\/en\/wp-json\/wp\/v2\/actualidad_home\/97858233","targetHints":{"allow":["GET"]}}],"collection":[{"href":"https:\/\/fundacion-biodiversidad.es\/en\/wp-json\/wp\/v2\/actualidad_home"}],"about":[{"href":"https:\/\/fundacion-biodiversidad.es\/en\/wp-json\/wp\/v2\/types\/actualidad_home"}],"author":[{"embeddable":true,"href":"https:\/\/fundacion-biodiversidad.es\/en\/wp-json\/wp\/v2\/users\/11"}],"wp:featuredmedia":[{"embeddable":true,"href":"https:\/\/fundacion-biodiversidad.es\/en\/wp-json\/wp\/v2\/media\/35863"}],"wp:attachment":[{"href":"https:\/\/fundacion-biodiversidad.es\/en\/wp-json\/wp\/v2\/media?parent=97858233"}],"wp:term":[{"taxonomy":"palabras_clave","embeddable":true,"href":"https:\/\/fundacion-biodiversidad.es\/en\/wp-json\/wp\/v2\/palabras_clave?post=97858233"}],"curies":[{"name":"wp","href":"https:\/\/api.w.org\/{rel}","templated":true}]}}