{"id":97858234,"date":"2017-09-20T08:40:54","date_gmt":"2017-09-20T06:40:54","guid":{"rendered":"https:\/\/fundacion-biodiversidad.es\/actualidad_home\/the-exhibition-aquaculture-discover-it-at-the-oscar-niemeyer-center-in-aviles\/"},"modified":"2017-09-20T08:40:54","modified_gmt":"2017-09-20T06:40:54","slug":"the-exhibition-aquaculture-discover-it-at-the-oscar-niemeyer-center-in-aviles","status":"publish","type":"actualidad_home","link":"https:\/\/fundacion-biodiversidad.es\/en\/actualidad_home\/the-exhibition-aquaculture-discover-it-at-the-oscar-niemeyer-center-in-aviles\/","title":{"rendered":"The exhibition &#8220;Aquaculture? Discover it&#8221; at the \u00d3scar Niemeyer center in Avil\u00e9s"},"content":{"rendered":"<p>The Secretary General of Fisheries, Alberto L\u00f3pez-Asenjo, has inaugurated, together with the mayor of Avil\u00e9s, Mariv\u00ed Monteser\u00edn; the Minister of Rural Development and Natural Resources of the Principality of Asturias, Mar\u00eda Jes\u00fas \u00c1lvarez Gonz\u00e1lez; and the President of the Board of Trustees of the Niemeyer Center Foundation, Vicente Dom\u00ednguez Garc\u00eda, a new itinerancy of the exhibition &#8220;Aquaculture? Discover it&#8221;, at the \u00d3scar Niemeyer Principality of Asturias International Cultural Centre, in Avil\u00e9s.<\/p>\n<p>During the inauguration, L\u00f3pez-Asenjo pointed out that one of the fundamental pillars of the strategy of the Ministry of Agriculture and Fisheries, Food and the Environment, is the support for R+D+i in aquaculture, which is developed by research centers, universities and the Spanish aquaculture companies themselves.<\/p>\n<p>To this end, the General Secretariat of Fisheries has drawn up the Strategic Plan for Innovation and Technological Development of Fisheries and Aquaculture, which will be updated in 2017. As pointed out by the Secretary General, the Ministry has enabled a line for the financing of R+D+i projects through the National Aquaculture Plans. <\/p>\n<p>Likewise, L\u00f3pez-Asenjo has stressed the need to strengthen the environmental component in aquaculture activity, for which MAPAMA has launched, through the Biodiversity Foundation, the Pleamar Program. This programme will allow, among other issues, to promote projects aimed at the protection and recovery of marine biodiversity, and the reduction and management of waste and litter at sea. <\/p>\n<p>On the other hand, the Secretary General of Fisheries has pointed out that one of the main challenges facing the aquaculture sector, both Spanish and European, is the need to improve society&#8217;s knowledge about its products. As he pointed out, &#8220;this is one of the objectives of the Spanish Aquaculture Observatory&#8221;, of the Biodiversity Foundation. <\/p>\n<p>Precisely, in 2010 the exhibition &#8220;Aquaculture? Discover it&#8221;, in collaboration with the National Museum of Natural Sciences, belonging to the CSIC network of museums. Since its launch, in the 10 itineraries that have been held, more than a million people have visited the exhibition. The exhibition brings us closer to this activity, which is vital for providing fish protein to the world&#8217;s population.  <\/p>\n","protected":false},"author":11,"featured_media":35851,"template":"","meta":{"_acf_changed":false},"palabras_clave":[],"class_list":["post-97858234","actualidad_home","type-actualidad_home","status-publish","has-post-thumbnail","hentry"],"acf":[],"yoast_head":"<!-- This site is optimized with the Yoast SEO plugin v26.9 - https:\/\/yoast.com\/product\/yoast-seo-wordpress\/ -->\n<title>The exhibition &quot;Aquaculture? Discover it&quot; at the \u00d3scar Niemeyer center in Avil\u00e9s - Fundaci\u00f3n Biodiversidad<\/title>\n<meta name=\"robots\" content=\"index, follow, max-snippet:-1, max-image-preview:large, max-video-preview:-1\" \/>\n<link rel=\"canonical\" href=\"https:\/\/fundacion-biodiversidad.es\/en\/actualidad_home\/the-exhibition-aquaculture-discover-it-at-the-oscar-niemeyer-center-in-aviles\/\" \/>\n<meta property=\"og:locale\" content=\"en_US\" \/>\n<meta property=\"og:type\" content=\"article\" \/>\n<meta property=\"og:title\" content=\"The exhibition &quot;Aquaculture? Discover it&quot; at the \u00d3scar Niemeyer center in Avil\u00e9s - Fundaci\u00f3n Biodiversidad\" \/>\n<meta property=\"og:description\" content=\"The Secretary General of Fisheries, Alberto L\u00f3pez-Asenjo, has inaugurated, together with the mayor of Avil\u00e9s, Mariv\u00ed Monteser\u00edn; the Minister of Rural Development and Natural Resources [&hellip;]\" \/>\n<meta property=\"og:url\" content=\"https:\/\/fundacion-biodiversidad.es\/en\/actualidad_home\/the-exhibition-aquaculture-discover-it-at-the-oscar-niemeyer-center-in-aviles\/\" \/>\n<meta property=\"og:site_name\" content=\"Fundaci\u00f3n Biodiversidad\" \/>\n<meta property=\"og:image\" content=\"https:\/\/fundacion-biodiversidad.es\/wp-content\/uploads\/2023\/01\/2487661294_35330241_720x405.png\" \/>\n\t<meta property=\"og:image:width\" content=\"720\" \/>\n\t<meta property=\"og:image:height\" content=\"405\" \/>\n\t<meta property=\"og:image:type\" content=\"image\/png\" \/>\n<meta name=\"twitter:card\" content=\"summary_large_image\" \/>\n<meta name=\"twitter:label1\" content=\"Est. reading time\" \/>\n\t<meta name=\"twitter:data1\" content=\"2 minutes\" \/>\n<script type=\"application\/ld+json\" class=\"yoast-schema-graph\">{\"@context\":\"https:\/\/schema.org\",\"@graph\":[{\"@type\":\"WebPage\",\"@id\":\"https:\/\/fundacion-biodiversidad.es\/en\/actualidad_home\/the-exhibition-aquaculture-discover-it-at-the-oscar-niemeyer-center-in-aviles\/\",\"url\":\"https:\/\/fundacion-biodiversidad.es\/en\/actualidad_home\/the-exhibition-aquaculture-discover-it-at-the-oscar-niemeyer-center-in-aviles\/\",\"name\":\"The exhibition \\\"Aquaculture? Discover it\\\" at the \u00d3scar Niemeyer center in Avil\u00e9s - Fundaci\u00f3n Biodiversidad\",\"isPartOf\":{\"@id\":\"https:\/\/fundacion-biodiversidad.es\/en\/#website\"},\"primaryImageOfPage\":{\"@id\":\"https:\/\/fundacion-biodiversidad.es\/en\/actualidad_home\/the-exhibition-aquaculture-discover-it-at-the-oscar-niemeyer-center-in-aviles\/#primaryimage\"},\"image\":{\"@id\":\"https:\/\/fundacion-biodiversidad.es\/en\/actualidad_home\/the-exhibition-aquaculture-discover-it-at-the-oscar-niemeyer-center-in-aviles\/#primaryimage\"},\"thumbnailUrl\":\"https:\/\/fundacion-biodiversidad.es\/wp-content\/uploads\/2017\/09\/acuicultura-niemeyer.jpg\",\"datePublished\":\"2017-09-20T06:40:54+00:00\",\"breadcrumb\":{\"@id\":\"https:\/\/fundacion-biodiversidad.es\/en\/actualidad_home\/the-exhibition-aquaculture-discover-it-at-the-oscar-niemeyer-center-in-aviles\/#breadcrumb\"},\"inLanguage\":\"en-US\",\"potentialAction\":[{\"@type\":\"ReadAction\",\"target\":[\"https:\/\/fundacion-biodiversidad.es\/en\/actualidad_home\/the-exhibition-aquaculture-discover-it-at-the-oscar-niemeyer-center-in-aviles\/\"]}]},{\"@type\":\"ImageObject\",\"inLanguage\":\"en-US\",\"@id\":\"https:\/\/fundacion-biodiversidad.es\/en\/actualidad_home\/the-exhibition-aquaculture-discover-it-at-the-oscar-niemeyer-center-in-aviles\/#primaryimage\",\"url\":\"https:\/\/fundacion-biodiversidad.es\/wp-content\/uploads\/2017\/09\/acuicultura-niemeyer.jpg\",\"contentUrl\":\"https:\/\/fundacion-biodiversidad.es\/wp-content\/uploads\/2017\/09\/acuicultura-niemeyer.jpg\",\"width\":1000,\"height\":689},{\"@type\":\"BreadcrumbList\",\"@id\":\"https:\/\/fundacion-biodiversidad.es\/en\/actualidad_home\/the-exhibition-aquaculture-discover-it-at-the-oscar-niemeyer-center-in-aviles\/#breadcrumb\",\"itemListElement\":[{\"@type\":\"ListItem\",\"position\":1,\"name\":\"Portada\",\"item\":\"https:\/\/fundacion-biodiversidad.es\/en\/inicio\/\"},{\"@type\":\"ListItem\",\"position\":2,\"name\":\"Noticias de actualidad\",\"item\":\"https:\/\/fundacion-biodiversidad.es\/en\/actualidad_home\/\"},{\"@type\":\"ListItem\",\"position\":3,\"name\":\"The exhibition &#8220;Aquaculture? Discover it&#8221; at the \u00d3scar Niemeyer center in Avil\u00e9s\"}]},{\"@type\":\"WebSite\",\"@id\":\"https:\/\/fundacion-biodiversidad.es\/en\/#website\",\"url\":\"https:\/\/fundacion-biodiversidad.es\/en\/\",\"name\":\"Fundaci\u00f3n Biodiversidad\",\"description\":\"Fundaci\u00f3n p\u00fablica adscrita al Ministerio para la Transici\u00f3n Ecol\u00f3gica\",\"potentialAction\":[{\"@type\":\"SearchAction\",\"target\":{\"@type\":\"EntryPoint\",\"urlTemplate\":\"https:\/\/fundacion-biodiversidad.es\/en\/?s={search_term_string}\"},\"query-input\":{\"@type\":\"PropertyValueSpecification\",\"valueRequired\":true,\"valueName\":\"search_term_string\"}}],\"inLanguage\":\"en-US\"}]}<\/script>\n<!-- \/ Yoast SEO plugin. -->","yoast_head_json":{"title":"The exhibition \"Aquaculture? Discover it\" at the \u00d3scar Niemeyer center in Avil\u00e9s - Fundaci\u00f3n Biodiversidad","robots":{"index":"index","follow":"follow","max-snippet":"max-snippet:-1","max-image-preview":"max-image-preview:large","max-video-preview":"max-video-preview:-1"},"canonical":"https:\/\/fundacion-biodiversidad.es\/en\/actualidad_home\/the-exhibition-aquaculture-discover-it-at-the-oscar-niemeyer-center-in-aviles\/","og_locale":"en_US","og_type":"article","og_title":"The exhibition \"Aquaculture? Discover it\" at the \u00d3scar Niemeyer center in Avil\u00e9s - Fundaci\u00f3n Biodiversidad","og_description":"The Secretary General of Fisheries, Alberto L\u00f3pez-Asenjo, has inaugurated, together with the mayor of Avil\u00e9s, Mariv\u00ed Monteser\u00edn; the Minister of Rural Development and Natural Resources [&hellip;]","og_url":"https:\/\/fundacion-biodiversidad.es\/en\/actualidad_home\/the-exhibition-aquaculture-discover-it-at-the-oscar-niemeyer-center-in-aviles\/","og_site_name":"Fundaci\u00f3n Biodiversidad","og_image":[{"width":720,"height":405,"url":"https:\/\/fundacion-biodiversidad.es\/wp-content\/uploads\/2023\/01\/2487661294_35330241_720x405.png","type":"image\/png"}],"twitter_card":"summary_large_image","twitter_misc":{"Est. reading time":"2 minutes"},"schema":{"@context":"https:\/\/schema.org","@graph":[{"@type":"WebPage","@id":"https:\/\/fundacion-biodiversidad.es\/en\/actualidad_home\/the-exhibition-aquaculture-discover-it-at-the-oscar-niemeyer-center-in-aviles\/","url":"https:\/\/fundacion-biodiversidad.es\/en\/actualidad_home\/the-exhibition-aquaculture-discover-it-at-the-oscar-niemeyer-center-in-aviles\/","name":"The exhibition \"Aquaculture? Discover it\" at the \u00d3scar Niemeyer center in Avil\u00e9s - Fundaci\u00f3n Biodiversidad","isPartOf":{"@id":"https:\/\/fundacion-biodiversidad.es\/en\/#website"},"primaryImageOfPage":{"@id":"https:\/\/fundacion-biodiversidad.es\/en\/actualidad_home\/the-exhibition-aquaculture-discover-it-at-the-oscar-niemeyer-center-in-aviles\/#primaryimage"},"image":{"@id":"https:\/\/fundacion-biodiversidad.es\/en\/actualidad_home\/the-exhibition-aquaculture-discover-it-at-the-oscar-niemeyer-center-in-aviles\/#primaryimage"},"thumbnailUrl":"https:\/\/fundacion-biodiversidad.es\/wp-content\/uploads\/2017\/09\/acuicultura-niemeyer.jpg","datePublished":"2017-09-20T06:40:54+00:00","breadcrumb":{"@id":"https:\/\/fundacion-biodiversidad.es\/en\/actualidad_home\/the-exhibition-aquaculture-discover-it-at-the-oscar-niemeyer-center-in-aviles\/#breadcrumb"},"inLanguage":"en-US","potentialAction":[{"@type":"ReadAction","target":["https:\/\/fundacion-biodiversidad.es\/en\/actualidad_home\/the-exhibition-aquaculture-discover-it-at-the-oscar-niemeyer-center-in-aviles\/"]}]},{"@type":"ImageObject","inLanguage":"en-US","@id":"https:\/\/fundacion-biodiversidad.es\/en\/actualidad_home\/the-exhibition-aquaculture-discover-it-at-the-oscar-niemeyer-center-in-aviles\/#primaryimage","url":"https:\/\/fundacion-biodiversidad.es\/wp-content\/uploads\/2017\/09\/acuicultura-niemeyer.jpg","contentUrl":"https:\/\/fundacion-biodiversidad.es\/wp-content\/uploads\/2017\/09\/acuicultura-niemeyer.jpg","width":1000,"height":689},{"@type":"BreadcrumbList","@id":"https:\/\/fundacion-biodiversidad.es\/en\/actualidad_home\/the-exhibition-aquaculture-discover-it-at-the-oscar-niemeyer-center-in-aviles\/#breadcrumb","itemListElement":[{"@type":"ListItem","position":1,"name":"Portada","item":"https:\/\/fundacion-biodiversidad.es\/en\/inicio\/"},{"@type":"ListItem","position":2,"name":"Noticias de actualidad","item":"https:\/\/fundacion-biodiversidad.es\/en\/actualidad_home\/"},{"@type":"ListItem","position":3,"name":"The exhibition &#8220;Aquaculture? Discover it&#8221; at the \u00d3scar Niemeyer center in Avil\u00e9s"}]},{"@type":"WebSite","@id":"https:\/\/fundacion-biodiversidad.es\/en\/#website","url":"https:\/\/fundacion-biodiversidad.es\/en\/","name":"Fundaci\u00f3n Biodiversidad","description":"Fundaci\u00f3n p\u00fablica adscrita al Ministerio para la Transici\u00f3n Ecol\u00f3gica","potentialAction":[{"@type":"SearchAction","target":{"@type":"EntryPoint","urlTemplate":"https:\/\/fundacion-biodiversidad.es\/en\/?s={search_term_string}"},"query-input":{"@type":"PropertyValueSpecification","valueRequired":true,"valueName":"search_term_string"}}],"inLanguage":"en-US"}]}},"_links":{"self":[{"href":"https:\/\/fundacion-biodiversidad.es\/en\/wp-json\/wp\/v2\/actualidad_home\/97858234","targetHints":{"allow":["GET"]}}],"collection":[{"href":"https:\/\/fundacion-biodiversidad.es\/en\/wp-json\/wp\/v2\/actualidad_home"}],"about":[{"href":"https:\/\/fundacion-biodiversidad.es\/en\/wp-json\/wp\/v2\/types\/actualidad_home"}],"author":[{"embeddable":true,"href":"https:\/\/fundacion-biodiversidad.es\/en\/wp-json\/wp\/v2\/users\/11"}],"wp:featuredmedia":[{"embeddable":true,"href":"https:\/\/fundacion-biodiversidad.es\/en\/wp-json\/wp\/v2\/media\/35851"}],"wp:attachment":[{"href":"https:\/\/fundacion-biodiversidad.es\/en\/wp-json\/wp\/v2\/media?parent=97858234"}],"wp:term":[{"taxonomy":"palabras_clave","embeddable":true,"href":"https:\/\/fundacion-biodiversidad.es\/en\/wp-json\/wp\/v2\/palabras_clave?post=97858234"}],"curies":[{"name":"wp","href":"https:\/\/api.w.org\/{rel}","templated":true}]}}