{"id":97858236,"date":"2017-09-18T20:37:41","date_gmt":"2017-09-18T18:37:41","guid":{"rendered":"https:\/\/fundacion-biodiversidad.es\/actualidad_home\/social-and-business-agents-sign-the-pact-for-the-circular-economy\/"},"modified":"2017-09-18T20:37:41","modified_gmt":"2017-09-18T18:37:41","slug":"social-and-business-agents-sign-the-pact-for-the-circular-economy","status":"publish","type":"actualidad_home","link":"https:\/\/fundacion-biodiversidad.es\/en\/actualidad_home\/social-and-business-agents-sign-the-pact-for-the-circular-economy\/","title":{"rendered":"Social and business agents sign the Pact for the Circular Economy"},"content":{"rendered":"<p>The Minister of Agriculture and Fisheries, Food and the Environment, Isabel Garc\u00eda Tejerina, and the European Commissioner for the Environment, Maritime Affairs and Fisheries, Karmenu Vella, have inaugurated the debate sessions for the preparation of the future Spanish Circular Economy Strategy.<br \/>\n<!--more--><\/p>\n<p>The Minister of Agriculture and Fisheries, Food and Environment (MAPAMA), <strong>Isabel Garc\u00eda Tejerina<\/strong>, and the European Commissioner for the Environment, Maritime Affairs and Fisheries, <strong>Karmenu Vella<\/strong>, inaugurated this morning the debate sessions for the <strong>preparation of the future Spanish Circular Economy Strategy<\/strong>, an event in which a total of 55 social and business agents signed the Circular Economy Pact.<\/p>\n<p>This <strong>Pact, promoted by MAPAMA and the Ministry of Economy, Industry and Competitiveness (MINECO),<\/strong> is a commitment that has been valued very positively by Isabel Garc\u00eda Tejerina, who has considered it &#8220;essential&#8221; to promote the change to a development model &#8220;that guarantees a sustainable future&#8221;, since &#8220;our future will be sustainable or it will not be&#8221;.<\/p>\n<p>The development of the Spanish Strategy has been considered by the minister as &#8220;a great <strong>opportunity to be better stewards of our environment<\/strong> without sacrificing our well-being, in a more responsible and sustainable way&#8221;.<\/p>\n<p>Garc\u00eda Tejerina, in addition, has described as essential to adopt a <strong>model based on the sustainable use of resources and environmental protection<\/strong> to &#8220;maximize the efficiency of resources, both material and energy, so that they remain as long as possible in the production cycle and to reduce the generation of waste&#8221;<\/p>\n<p>The minister recalled that in Spain, since 2008, the productivity of national consumption of materials has risen by 85%, while the energy consumed between 2000 and 2013 in relation to our GDP has fallen by 20%. These data have been considered &#8220;positive and a stimulus to adopt the circular economy production model&#8221;, which will be aligned and adapted to the conditions of Spain, with the Package of Measures and the Action Plan for a European circular economy, presented by the European Commission in December 2015. <\/p>\n<p>The future <strong>Spanish Circular Economy Strategy will be &#8220;ambitious, it will involve the business sector, civil society and the consumer<\/strong>, who is an indispensable driver of any social change, and who will be able to participate during the public consultation process&#8221;, explained the minister.<\/p>\n","protected":false},"author":11,"featured_media":35850,"template":"","meta":{"_acf_changed":false},"palabras_clave":[],"class_list":["post-97858236","actualidad_home","type-actualidad_home","status-publish","has-post-thumbnail","hentry"],"acf":[],"yoast_head":"<!-- This site is optimized with the Yoast SEO plugin v26.9 - https:\/\/yoast.com\/product\/yoast-seo-wordpress\/ -->\n<title>Social and business agents sign the Pact for the Circular Economy - Fundaci\u00f3n Biodiversidad<\/title>\n<meta name=\"robots\" content=\"index, follow, max-snippet:-1, max-image-preview:large, max-video-preview:-1\" \/>\n<link rel=\"canonical\" href=\"https:\/\/fundacion-biodiversidad.es\/en\/actualidad_home\/social-and-business-agents-sign-the-pact-for-the-circular-economy\/\" \/>\n<meta property=\"og:locale\" content=\"en_US\" \/>\n<meta property=\"og:type\" content=\"article\" \/>\n<meta property=\"og:title\" content=\"Social and business agents sign the Pact for the Circular Economy - Fundaci\u00f3n Biodiversidad\" \/>\n<meta property=\"og:description\" content=\"The Minister of Agriculture and Fisheries, Food and the Environment, Isabel Garc\u00eda Tejerina, and the European Commissioner for the Environment, Maritime Affairs and Fisheries, Karmenu [&hellip;]\" \/>\n<meta property=\"og:url\" content=\"https:\/\/fundacion-biodiversidad.es\/en\/actualidad_home\/social-and-business-agents-sign-the-pact-for-the-circular-economy\/\" \/>\n<meta property=\"og:site_name\" content=\"Fundaci\u00f3n Biodiversidad\" \/>\n<meta property=\"og:image\" content=\"https:\/\/fundacion-biodiversidad.es\/wp-content\/uploads\/2023\/01\/2487661294_35330241_720x405.png\" \/>\n\t<meta property=\"og:image:width\" content=\"720\" \/>\n\t<meta property=\"og:image:height\" content=\"405\" \/>\n\t<meta property=\"og:image:type\" content=\"image\/png\" \/>\n<meta name=\"twitter:card\" content=\"summary_large_image\" \/>\n<meta name=\"twitter:label1\" content=\"Est. reading time\" \/>\n\t<meta name=\"twitter:data1\" content=\"2 minutes\" \/>\n<script type=\"application\/ld+json\" class=\"yoast-schema-graph\">{\"@context\":\"https:\/\/schema.org\",\"@graph\":[{\"@type\":\"WebPage\",\"@id\":\"https:\/\/fundacion-biodiversidad.es\/en\/actualidad_home\/social-and-business-agents-sign-the-pact-for-the-circular-economy\/\",\"url\":\"https:\/\/fundacion-biodiversidad.es\/en\/actualidad_home\/social-and-business-agents-sign-the-pact-for-the-circular-economy\/\",\"name\":\"Social and business agents sign the Pact for the Circular Economy - Fundaci\u00f3n Biodiversidad\",\"isPartOf\":{\"@id\":\"https:\/\/fundacion-biodiversidad.es\/en\/#website\"},\"primaryImageOfPage\":{\"@id\":\"https:\/\/fundacion-biodiversidad.es\/en\/actualidad_home\/social-and-business-agents-sign-the-pact-for-the-circular-economy\/#primaryimage\"},\"image\":{\"@id\":\"https:\/\/fundacion-biodiversidad.es\/en\/actualidad_home\/social-and-business-agents-sign-the-pact-for-the-circular-economy\/#primaryimage\"},\"thumbnailUrl\":\"https:\/\/fundacion-biodiversidad.es\/wp-content\/uploads\/2017\/09\/ministra-economia-circular.jpg\",\"datePublished\":\"2017-09-18T18:37:41+00:00\",\"breadcrumb\":{\"@id\":\"https:\/\/fundacion-biodiversidad.es\/en\/actualidad_home\/social-and-business-agents-sign-the-pact-for-the-circular-economy\/#breadcrumb\"},\"inLanguage\":\"en-US\",\"potentialAction\":[{\"@type\":\"ReadAction\",\"target\":[\"https:\/\/fundacion-biodiversidad.es\/en\/actualidad_home\/social-and-business-agents-sign-the-pact-for-the-circular-economy\/\"]}]},{\"@type\":\"ImageObject\",\"inLanguage\":\"en-US\",\"@id\":\"https:\/\/fundacion-biodiversidad.es\/en\/actualidad_home\/social-and-business-agents-sign-the-pact-for-the-circular-economy\/#primaryimage\",\"url\":\"https:\/\/fundacion-biodiversidad.es\/wp-content\/uploads\/2017\/09\/ministra-economia-circular.jpg\",\"contentUrl\":\"https:\/\/fundacion-biodiversidad.es\/wp-content\/uploads\/2017\/09\/ministra-economia-circular.jpg\",\"width\":1538,\"height\":1024},{\"@type\":\"BreadcrumbList\",\"@id\":\"https:\/\/fundacion-biodiversidad.es\/en\/actualidad_home\/social-and-business-agents-sign-the-pact-for-the-circular-economy\/#breadcrumb\",\"itemListElement\":[{\"@type\":\"ListItem\",\"position\":1,\"name\":\"Portada\",\"item\":\"https:\/\/fundacion-biodiversidad.es\/en\/inicio\/\"},{\"@type\":\"ListItem\",\"position\":2,\"name\":\"Noticias de actualidad\",\"item\":\"https:\/\/fundacion-biodiversidad.es\/en\/actualidad_home\/\"},{\"@type\":\"ListItem\",\"position\":3,\"name\":\"Social and business agents sign the Pact for the Circular Economy\"}]},{\"@type\":\"WebSite\",\"@id\":\"https:\/\/fundacion-biodiversidad.es\/en\/#website\",\"url\":\"https:\/\/fundacion-biodiversidad.es\/en\/\",\"name\":\"Fundaci\u00f3n Biodiversidad\",\"description\":\"Fundaci\u00f3n p\u00fablica adscrita al Ministerio para la Transici\u00f3n Ecol\u00f3gica\",\"potentialAction\":[{\"@type\":\"SearchAction\",\"target\":{\"@type\":\"EntryPoint\",\"urlTemplate\":\"https:\/\/fundacion-biodiversidad.es\/en\/?s={search_term_string}\"},\"query-input\":{\"@type\":\"PropertyValueSpecification\",\"valueRequired\":true,\"valueName\":\"search_term_string\"}}],\"inLanguage\":\"en-US\"}]}<\/script>\n<!-- \/ Yoast SEO plugin. -->","yoast_head_json":{"title":"Social and business agents sign the Pact for the Circular Economy - Fundaci\u00f3n Biodiversidad","robots":{"index":"index","follow":"follow","max-snippet":"max-snippet:-1","max-image-preview":"max-image-preview:large","max-video-preview":"max-video-preview:-1"},"canonical":"https:\/\/fundacion-biodiversidad.es\/en\/actualidad_home\/social-and-business-agents-sign-the-pact-for-the-circular-economy\/","og_locale":"en_US","og_type":"article","og_title":"Social and business agents sign the Pact for the Circular Economy - Fundaci\u00f3n Biodiversidad","og_description":"The Minister of Agriculture and Fisheries, Food and the Environment, Isabel Garc\u00eda Tejerina, and the European Commissioner for the Environment, Maritime Affairs and Fisheries, Karmenu [&hellip;]","og_url":"https:\/\/fundacion-biodiversidad.es\/en\/actualidad_home\/social-and-business-agents-sign-the-pact-for-the-circular-economy\/","og_site_name":"Fundaci\u00f3n Biodiversidad","og_image":[{"width":720,"height":405,"url":"https:\/\/fundacion-biodiversidad.es\/wp-content\/uploads\/2023\/01\/2487661294_35330241_720x405.png","type":"image\/png"}],"twitter_card":"summary_large_image","twitter_misc":{"Est. reading time":"2 minutes"},"schema":{"@context":"https:\/\/schema.org","@graph":[{"@type":"WebPage","@id":"https:\/\/fundacion-biodiversidad.es\/en\/actualidad_home\/social-and-business-agents-sign-the-pact-for-the-circular-economy\/","url":"https:\/\/fundacion-biodiversidad.es\/en\/actualidad_home\/social-and-business-agents-sign-the-pact-for-the-circular-economy\/","name":"Social and business agents sign the Pact for the Circular Economy - Fundaci\u00f3n Biodiversidad","isPartOf":{"@id":"https:\/\/fundacion-biodiversidad.es\/en\/#website"},"primaryImageOfPage":{"@id":"https:\/\/fundacion-biodiversidad.es\/en\/actualidad_home\/social-and-business-agents-sign-the-pact-for-the-circular-economy\/#primaryimage"},"image":{"@id":"https:\/\/fundacion-biodiversidad.es\/en\/actualidad_home\/social-and-business-agents-sign-the-pact-for-the-circular-economy\/#primaryimage"},"thumbnailUrl":"https:\/\/fundacion-biodiversidad.es\/wp-content\/uploads\/2017\/09\/ministra-economia-circular.jpg","datePublished":"2017-09-18T18:37:41+00:00","breadcrumb":{"@id":"https:\/\/fundacion-biodiversidad.es\/en\/actualidad_home\/social-and-business-agents-sign-the-pact-for-the-circular-economy\/#breadcrumb"},"inLanguage":"en-US","potentialAction":[{"@type":"ReadAction","target":["https:\/\/fundacion-biodiversidad.es\/en\/actualidad_home\/social-and-business-agents-sign-the-pact-for-the-circular-economy\/"]}]},{"@type":"ImageObject","inLanguage":"en-US","@id":"https:\/\/fundacion-biodiversidad.es\/en\/actualidad_home\/social-and-business-agents-sign-the-pact-for-the-circular-economy\/#primaryimage","url":"https:\/\/fundacion-biodiversidad.es\/wp-content\/uploads\/2017\/09\/ministra-economia-circular.jpg","contentUrl":"https:\/\/fundacion-biodiversidad.es\/wp-content\/uploads\/2017\/09\/ministra-economia-circular.jpg","width":1538,"height":1024},{"@type":"BreadcrumbList","@id":"https:\/\/fundacion-biodiversidad.es\/en\/actualidad_home\/social-and-business-agents-sign-the-pact-for-the-circular-economy\/#breadcrumb","itemListElement":[{"@type":"ListItem","position":1,"name":"Portada","item":"https:\/\/fundacion-biodiversidad.es\/en\/inicio\/"},{"@type":"ListItem","position":2,"name":"Noticias de actualidad","item":"https:\/\/fundacion-biodiversidad.es\/en\/actualidad_home\/"},{"@type":"ListItem","position":3,"name":"Social and business agents sign the Pact for the Circular Economy"}]},{"@type":"WebSite","@id":"https:\/\/fundacion-biodiversidad.es\/en\/#website","url":"https:\/\/fundacion-biodiversidad.es\/en\/","name":"Fundaci\u00f3n Biodiversidad","description":"Fundaci\u00f3n p\u00fablica adscrita al Ministerio para la Transici\u00f3n Ecol\u00f3gica","potentialAction":[{"@type":"SearchAction","target":{"@type":"EntryPoint","urlTemplate":"https:\/\/fundacion-biodiversidad.es\/en\/?s={search_term_string}"},"query-input":{"@type":"PropertyValueSpecification","valueRequired":true,"valueName":"search_term_string"}}],"inLanguage":"en-US"}]}},"_links":{"self":[{"href":"https:\/\/fundacion-biodiversidad.es\/en\/wp-json\/wp\/v2\/actualidad_home\/97858236","targetHints":{"allow":["GET"]}}],"collection":[{"href":"https:\/\/fundacion-biodiversidad.es\/en\/wp-json\/wp\/v2\/actualidad_home"}],"about":[{"href":"https:\/\/fundacion-biodiversidad.es\/en\/wp-json\/wp\/v2\/types\/actualidad_home"}],"author":[{"embeddable":true,"href":"https:\/\/fundacion-biodiversidad.es\/en\/wp-json\/wp\/v2\/users\/11"}],"wp:featuredmedia":[{"embeddable":true,"href":"https:\/\/fundacion-biodiversidad.es\/en\/wp-json\/wp\/v2\/media\/35850"}],"wp:attachment":[{"href":"https:\/\/fundacion-biodiversidad.es\/en\/wp-json\/wp\/v2\/media?parent=97858236"}],"wp:term":[{"taxonomy":"palabras_clave","embeddable":true,"href":"https:\/\/fundacion-biodiversidad.es\/en\/wp-json\/wp\/v2\/palabras_clave?post=97858236"}],"curies":[{"name":"wp","href":"https:\/\/api.w.org\/{rel}","templated":true}]}}