{"id":97858240,"date":"2017-09-21T12:28:18","date_gmt":"2017-09-21T10:28:18","guid":{"rendered":"https:\/\/fundacion-biodiversidad.es\/actualidad_home\/foreticas-annual-forum-on-trends-in-corporate-and-corporate-social-responsibility-and-sustainability-inaugurated\/"},"modified":"2017-09-21T12:28:18","modified_gmt":"2017-09-21T10:28:18","slug":"foreticas-annual-forum-on-trends-in-corporate-and-corporate-social-responsibility-and-sustainability-inaugurated","status":"publish","type":"actualidad_home","link":"https:\/\/fundacion-biodiversidad.es\/en\/actualidad_home\/foreticas-annual-forum-on-trends-in-corporate-and-corporate-social-responsibility-and-sustainability-inaugurated\/","title":{"rendered":"For\u00e9tica&#8217;s annual Forum on Trends in Corporate and Corporate Social Responsibility and Sustainability inaugurated"},"content":{"rendered":"<p>On 20 September, Isabel Garc\u00eda Tejerina inaugurated For\u00e9tica&#8217;s annual Forum on Trends in Corporate and Corporate Social Responsibility (CSR) and Sustainability.<br \/>\n<!--more--><\/p>\n<p>On 20 September, the Minister of Agriculture and Fisheries, Food and Environment (MAPAMA), Isabel Garc\u00eda Tejerina, inaugurated the <a href=\"http:\/\/www.foretica.org\/prensa\/noticias-home-noticias\/las-tendencias-de-futuro-en-rse-clave-de-foro-csr-spain-2017-de-foretica\/\" target=\"_blank\" rel=\"noopener\"><strong>annual Forum on Trends in Corporate and Corporate Social Responsibility (CSR) and Sustainability of For\u00e9tica<\/strong><\/a>, CSR Spain 2017, where she has placed &#8220;the current moment&#8221; as &#8220;an opportunity for growth, if we combine sustainability, economically and socially,  with development and progress.&#8221;<\/p>\n<p>The minister pointed out that, under this combination, &#8221; <strong>the Government&#8217;s numerous initiatives in the field of sustainability<\/strong>&#8221; are framed, both in terms of climate change and the promotion of the circular economy, highlighting the preparation that the Executive is making of the Law on Climate Change and Energy Transition and the Spanish Strategy for the Circular Economy.<\/p>\n<p>&#8220;Both summarize what the <strong>economy of the future should be like: energy efficient, low carbon, and less and less waste-generating<\/strong>,&#8221; he said, also highlighting the broad participatory processes that are being carried out to develop both initiatives, involving key sectors and making environmental objectives compatible with social needs.  &nbsp;&#8220;With these approaches we have shown, for example, that economic growth is not linked to the increase in emissions. We are complying with the Kyoto commitments, and we will comply with the Paris Agreement,&#8221; said the minister, &#8220;and we have demonstrated our commitment to the energy transition and the decarbonisation of our economy,&#8221; she continued.<\/p>\n<p>Garc\u00eda Tejerina, in this sense, pointed out that, as a result of all these changes, &#8220;a future of opportunities and the <strong>potential to generate tens of thousands of jobs<\/strong>&#8221; is opening up, and stressed that &#8220;the economy of the future will be sustainable or it will not be&#8221;. He also stressed that the Government seeks to give certain scenarios in the medium and long term to companies and investors. &#8220;The participation of the whole of society is necessary to achieve a new sustainable and low-carbon model, and we want to accompany them in the investments that are necessary to undertake in the coming years,&#8221; he said.  <\/p>\n<p>As for the <strong>business sector<\/strong>, the minister considered that it has increasingly assumed the role &#8220;of <strong>active agent and transformer of society<\/strong>, through the instrument of corporate social responsibility&#8221;, the contribution of companies to the objective of achieving sustainable development, and that it begins with the sustainability of the company itself.<\/p>\n<p>For\u00e9tica is a strategic partner of the <a href=\"http:\/\/ieeb.fundacion-biodiversidad.es\/\" target=\"_blank\" rel=\"noopener\">Spanish Business and Biodiversity Initiative<\/a>, a platform of the Biodiversity Foundation of the Ministry of Agriculture and Fisheries, Food and Environment whose challenge is to include the conservation and management of biodiversity in the business strategies of the different business sectors of the Spanish economy and to identify opportunities and alternative and innovative projects as one of the solutions to the current crisis.<\/p>\n","protected":false},"author":11,"featured_media":35853,"template":"","meta":{"_acf_changed":false},"palabras_clave":[],"class_list":["post-97858240","actualidad_home","type-actualidad_home","status-publish","has-post-thumbnail","hentry"],"acf":[],"yoast_head":"<!-- This site is optimized with the Yoast SEO plugin v26.9 - https:\/\/yoast.com\/product\/yoast-seo-wordpress\/ -->\n<title>For\u00e9tica&#039;s annual Forum on Trends in Corporate and Corporate Social Responsibility and Sustainability inaugurated - Fundaci\u00f3n Biodiversidad<\/title>\n<meta name=\"robots\" content=\"index, follow, max-snippet:-1, max-image-preview:large, max-video-preview:-1\" \/>\n<link rel=\"canonical\" href=\"https:\/\/fundacion-biodiversidad.es\/en\/actualidad_home\/foreticas-annual-forum-on-trends-in-corporate-and-corporate-social-responsibility-and-sustainability-inaugurated\/\" \/>\n<meta property=\"og:locale\" content=\"en_US\" \/>\n<meta property=\"og:type\" content=\"article\" \/>\n<meta property=\"og:title\" content=\"For\u00e9tica&#039;s annual Forum on Trends in Corporate and Corporate Social Responsibility and Sustainability inaugurated - Fundaci\u00f3n Biodiversidad\" \/>\n<meta property=\"og:description\" content=\"On 20 September, Isabel Garc\u00eda Tejerina inaugurated For\u00e9tica&#8217;s annual Forum on Trends in Corporate and Corporate Social Responsibility (CSR) and Sustainability.\" \/>\n<meta property=\"og:url\" content=\"https:\/\/fundacion-biodiversidad.es\/en\/actualidad_home\/foreticas-annual-forum-on-trends-in-corporate-and-corporate-social-responsibility-and-sustainability-inaugurated\/\" \/>\n<meta property=\"og:site_name\" content=\"Fundaci\u00f3n Biodiversidad\" \/>\n<meta property=\"og:image\" content=\"https:\/\/fundacion-biodiversidad.es\/wp-content\/uploads\/2023\/01\/2487661294_35330241_720x405.png\" \/>\n\t<meta property=\"og:image:width\" content=\"720\" \/>\n\t<meta property=\"og:image:height\" content=\"405\" \/>\n\t<meta property=\"og:image:type\" content=\"image\/png\" \/>\n<meta name=\"twitter:card\" content=\"summary_large_image\" \/>\n<meta name=\"twitter:label1\" content=\"Est. reading time\" \/>\n\t<meta name=\"twitter:data1\" content=\"2 minutes\" \/>\n<script type=\"application\/ld+json\" class=\"yoast-schema-graph\">{\"@context\":\"https:\/\/schema.org\",\"@graph\":[{\"@type\":\"WebPage\",\"@id\":\"https:\/\/fundacion-biodiversidad.es\/en\/actualidad_home\/foreticas-annual-forum-on-trends-in-corporate-and-corporate-social-responsibility-and-sustainability-inaugurated\/\",\"url\":\"https:\/\/fundacion-biodiversidad.es\/en\/actualidad_home\/foreticas-annual-forum-on-trends-in-corporate-and-corporate-social-responsibility-and-sustainability-inaugurated\/\",\"name\":\"For\u00e9tica's annual Forum on Trends in Corporate and Corporate Social Responsibility and Sustainability inaugurated - Fundaci\u00f3n Biodiversidad\",\"isPartOf\":{\"@id\":\"https:\/\/fundacion-biodiversidad.es\/en\/#website\"},\"primaryImageOfPage\":{\"@id\":\"https:\/\/fundacion-biodiversidad.es\/en\/actualidad_home\/foreticas-annual-forum-on-trends-in-corporate-and-corporate-social-responsibility-and-sustainability-inaugurated\/#primaryimage\"},\"image\":{\"@id\":\"https:\/\/fundacion-biodiversidad.es\/en\/actualidad_home\/foreticas-annual-forum-on-trends-in-corporate-and-corporate-social-responsibility-and-sustainability-inaugurated\/#primaryimage\"},\"thumbnailUrl\":\"https:\/\/fundacion-biodiversidad.es\/wp-content\/uploads\/2017\/09\/garciatejerina-foretica.jpg\",\"datePublished\":\"2017-09-21T10:28:18+00:00\",\"breadcrumb\":{\"@id\":\"https:\/\/fundacion-biodiversidad.es\/en\/actualidad_home\/foreticas-annual-forum-on-trends-in-corporate-and-corporate-social-responsibility-and-sustainability-inaugurated\/#breadcrumb\"},\"inLanguage\":\"en-US\",\"potentialAction\":[{\"@type\":\"ReadAction\",\"target\":[\"https:\/\/fundacion-biodiversidad.es\/en\/actualidad_home\/foreticas-annual-forum-on-trends-in-corporate-and-corporate-social-responsibility-and-sustainability-inaugurated\/\"]}]},{\"@type\":\"ImageObject\",\"inLanguage\":\"en-US\",\"@id\":\"https:\/\/fundacion-biodiversidad.es\/en\/actualidad_home\/foreticas-annual-forum-on-trends-in-corporate-and-corporate-social-responsibility-and-sustainability-inaugurated\/#primaryimage\",\"url\":\"https:\/\/fundacion-biodiversidad.es\/wp-content\/uploads\/2017\/09\/garciatejerina-foretica.jpg\",\"contentUrl\":\"https:\/\/fundacion-biodiversidad.es\/wp-content\/uploads\/2017\/09\/garciatejerina-foretica.jpg\",\"width\":1000,\"height\":559},{\"@type\":\"BreadcrumbList\",\"@id\":\"https:\/\/fundacion-biodiversidad.es\/en\/actualidad_home\/foreticas-annual-forum-on-trends-in-corporate-and-corporate-social-responsibility-and-sustainability-inaugurated\/#breadcrumb\",\"itemListElement\":[{\"@type\":\"ListItem\",\"position\":1,\"name\":\"Portada\",\"item\":\"https:\/\/fundacion-biodiversidad.es\/en\/inicio\/\"},{\"@type\":\"ListItem\",\"position\":2,\"name\":\"Noticias de actualidad\",\"item\":\"https:\/\/fundacion-biodiversidad.es\/en\/actualidad_home\/\"},{\"@type\":\"ListItem\",\"position\":3,\"name\":\"For\u00e9tica&#8217;s annual Forum on Trends in Corporate and Corporate Social Responsibility and Sustainability inaugurated\"}]},{\"@type\":\"WebSite\",\"@id\":\"https:\/\/fundacion-biodiversidad.es\/en\/#website\",\"url\":\"https:\/\/fundacion-biodiversidad.es\/en\/\",\"name\":\"Fundaci\u00f3n Biodiversidad\",\"description\":\"Fundaci\u00f3n p\u00fablica adscrita al Ministerio para la Transici\u00f3n Ecol\u00f3gica\",\"potentialAction\":[{\"@type\":\"SearchAction\",\"target\":{\"@type\":\"EntryPoint\",\"urlTemplate\":\"https:\/\/fundacion-biodiversidad.es\/en\/?s={search_term_string}\"},\"query-input\":{\"@type\":\"PropertyValueSpecification\",\"valueRequired\":true,\"valueName\":\"search_term_string\"}}],\"inLanguage\":\"en-US\"}]}<\/script>\n<!-- \/ Yoast SEO plugin. -->","yoast_head_json":{"title":"For\u00e9tica's annual Forum on Trends in Corporate and Corporate Social Responsibility and Sustainability inaugurated - Fundaci\u00f3n Biodiversidad","robots":{"index":"index","follow":"follow","max-snippet":"max-snippet:-1","max-image-preview":"max-image-preview:large","max-video-preview":"max-video-preview:-1"},"canonical":"https:\/\/fundacion-biodiversidad.es\/en\/actualidad_home\/foreticas-annual-forum-on-trends-in-corporate-and-corporate-social-responsibility-and-sustainability-inaugurated\/","og_locale":"en_US","og_type":"article","og_title":"For\u00e9tica's annual Forum on Trends in Corporate and Corporate Social Responsibility and Sustainability inaugurated - Fundaci\u00f3n Biodiversidad","og_description":"On 20 September, Isabel Garc\u00eda Tejerina inaugurated For\u00e9tica&#8217;s annual Forum on Trends in Corporate and Corporate Social Responsibility (CSR) and Sustainability.","og_url":"https:\/\/fundacion-biodiversidad.es\/en\/actualidad_home\/foreticas-annual-forum-on-trends-in-corporate-and-corporate-social-responsibility-and-sustainability-inaugurated\/","og_site_name":"Fundaci\u00f3n Biodiversidad","og_image":[{"width":720,"height":405,"url":"https:\/\/fundacion-biodiversidad.es\/wp-content\/uploads\/2023\/01\/2487661294_35330241_720x405.png","type":"image\/png"}],"twitter_card":"summary_large_image","twitter_misc":{"Est. reading time":"2 minutes"},"schema":{"@context":"https:\/\/schema.org","@graph":[{"@type":"WebPage","@id":"https:\/\/fundacion-biodiversidad.es\/en\/actualidad_home\/foreticas-annual-forum-on-trends-in-corporate-and-corporate-social-responsibility-and-sustainability-inaugurated\/","url":"https:\/\/fundacion-biodiversidad.es\/en\/actualidad_home\/foreticas-annual-forum-on-trends-in-corporate-and-corporate-social-responsibility-and-sustainability-inaugurated\/","name":"For\u00e9tica's annual Forum on Trends in Corporate and Corporate Social Responsibility and Sustainability inaugurated - Fundaci\u00f3n Biodiversidad","isPartOf":{"@id":"https:\/\/fundacion-biodiversidad.es\/en\/#website"},"primaryImageOfPage":{"@id":"https:\/\/fundacion-biodiversidad.es\/en\/actualidad_home\/foreticas-annual-forum-on-trends-in-corporate-and-corporate-social-responsibility-and-sustainability-inaugurated\/#primaryimage"},"image":{"@id":"https:\/\/fundacion-biodiversidad.es\/en\/actualidad_home\/foreticas-annual-forum-on-trends-in-corporate-and-corporate-social-responsibility-and-sustainability-inaugurated\/#primaryimage"},"thumbnailUrl":"https:\/\/fundacion-biodiversidad.es\/wp-content\/uploads\/2017\/09\/garciatejerina-foretica.jpg","datePublished":"2017-09-21T10:28:18+00:00","breadcrumb":{"@id":"https:\/\/fundacion-biodiversidad.es\/en\/actualidad_home\/foreticas-annual-forum-on-trends-in-corporate-and-corporate-social-responsibility-and-sustainability-inaugurated\/#breadcrumb"},"inLanguage":"en-US","potentialAction":[{"@type":"ReadAction","target":["https:\/\/fundacion-biodiversidad.es\/en\/actualidad_home\/foreticas-annual-forum-on-trends-in-corporate-and-corporate-social-responsibility-and-sustainability-inaugurated\/"]}]},{"@type":"ImageObject","inLanguage":"en-US","@id":"https:\/\/fundacion-biodiversidad.es\/en\/actualidad_home\/foreticas-annual-forum-on-trends-in-corporate-and-corporate-social-responsibility-and-sustainability-inaugurated\/#primaryimage","url":"https:\/\/fundacion-biodiversidad.es\/wp-content\/uploads\/2017\/09\/garciatejerina-foretica.jpg","contentUrl":"https:\/\/fundacion-biodiversidad.es\/wp-content\/uploads\/2017\/09\/garciatejerina-foretica.jpg","width":1000,"height":559},{"@type":"BreadcrumbList","@id":"https:\/\/fundacion-biodiversidad.es\/en\/actualidad_home\/foreticas-annual-forum-on-trends-in-corporate-and-corporate-social-responsibility-and-sustainability-inaugurated\/#breadcrumb","itemListElement":[{"@type":"ListItem","position":1,"name":"Portada","item":"https:\/\/fundacion-biodiversidad.es\/en\/inicio\/"},{"@type":"ListItem","position":2,"name":"Noticias de actualidad","item":"https:\/\/fundacion-biodiversidad.es\/en\/actualidad_home\/"},{"@type":"ListItem","position":3,"name":"For\u00e9tica&#8217;s annual Forum on Trends in Corporate and Corporate Social Responsibility and Sustainability inaugurated"}]},{"@type":"WebSite","@id":"https:\/\/fundacion-biodiversidad.es\/en\/#website","url":"https:\/\/fundacion-biodiversidad.es\/en\/","name":"Fundaci\u00f3n Biodiversidad","description":"Fundaci\u00f3n p\u00fablica adscrita al Ministerio para la Transici\u00f3n Ecol\u00f3gica","potentialAction":[{"@type":"SearchAction","target":{"@type":"EntryPoint","urlTemplate":"https:\/\/fundacion-biodiversidad.es\/en\/?s={search_term_string}"},"query-input":{"@type":"PropertyValueSpecification","valueRequired":true,"valueName":"search_term_string"}}],"inLanguage":"en-US"}]}},"_links":{"self":[{"href":"https:\/\/fundacion-biodiversidad.es\/en\/wp-json\/wp\/v2\/actualidad_home\/97858240","targetHints":{"allow":["GET"]}}],"collection":[{"href":"https:\/\/fundacion-biodiversidad.es\/en\/wp-json\/wp\/v2\/actualidad_home"}],"about":[{"href":"https:\/\/fundacion-biodiversidad.es\/en\/wp-json\/wp\/v2\/types\/actualidad_home"}],"author":[{"embeddable":true,"href":"https:\/\/fundacion-biodiversidad.es\/en\/wp-json\/wp\/v2\/users\/11"}],"wp:featuredmedia":[{"embeddable":true,"href":"https:\/\/fundacion-biodiversidad.es\/en\/wp-json\/wp\/v2\/media\/35853"}],"wp:attachment":[{"href":"https:\/\/fundacion-biodiversidad.es\/en\/wp-json\/wp\/v2\/media?parent=97858240"}],"wp:term":[{"taxonomy":"palabras_clave","embeddable":true,"href":"https:\/\/fundacion-biodiversidad.es\/en\/wp-json\/wp\/v2\/palabras_clave?post=97858240"}],"curies":[{"name":"wp","href":"https:\/\/api.w.org\/{rel}","templated":true}]}}