{"id":97858244,"date":"2017-09-01T12:58:07","date_gmt":"2017-09-01T10:58:07","guid":{"rendered":"https:\/\/fundacion-biodiversidad.es\/actualidad_home\/the-mistic-seas-2-project-completes-its-first-oceanographic-campaign\/"},"modified":"2017-09-01T12:58:07","modified_gmt":"2017-09-01T10:58:07","slug":"the-mistic-seas-2-project-completes-its-first-oceanographic-campaign","status":"publish","type":"actualidad_home","link":"https:\/\/fundacion-biodiversidad.es\/en\/actualidad_home\/the-mistic-seas-2-project-completes-its-first-oceanographic-campaign\/","title":{"rendered":"The MISTIC SEAS 2 project completes its first oceanographic campaign"},"content":{"rendered":"<p>The first oceanographic campaign was carried out during the month of August in the Teno-Rasca Marine Strip, Canary Islands.<br \/>\n<!--more--><\/p>\n<p>Within the framework of the <strong>MISTIC SEAS 2 project, &#8220;Coordinated monitoring and evaluation of marine biodiversity in Macaronesia&#8221;,<\/strong> the first <strong>oceanographic campaign was carried out during the month of August in the Teno-Rasca Marine Strip<\/strong>. This campaign, whose objective was to carry out the study of cetaceans and sea turtles in the oceanic waters of the Canary Islands, has been carried out by the Society for the Study of Cetaceans in the Canary Islands (SECAC). <\/p>\n<p>MISTIC SEAS 2, a Spanish-Portuguese initiative that aims to implement the marine biodiversity monitoring programmes designed in the first part of the project, strengthen regional coherence and coordination and <strong>prepare the next steps of the second cycle of the Marine Strategies Framework Directive<\/strong>. Oceanographic campaigns have been launched in the Macaronesia subregion. <\/p>\n<p>In this first campaign, <strong>42 sightings of cetaceans of three species have been made: Atlantic spotted dolphins (<em>Stenella frontalis<\/em>), bottlenose dolphins (<em>Tursiops truncatus<\/em>) and pilot whales (<em>Globicephala macrorhynchus<\/em>).<\/strong> <strong>47 loggerhead turtles (<em>Caretta caretta<\/em>)<\/strong> have also been observed, of which 15 were temporarily captured for sampling. All the animals have been measured, weighed, photographed and marked with microchips. <\/p>\n<p>Throughout this campaign, some impacts on the marine environment have also been observed. Thus, a multitude of corpses of bathypelagic oceanic drums (<em>Lagocephalus lagocephalus<\/em>) have been found floating, which is an unusual occurrence on the islands. These fish have become the food of numerous sea turtles. In addition, the entire sea is covered with a film of microalgae that gives it an unusual appearance and constitutes a phenomenon that has not been observed before in the Canary archipelago.   <\/p>\n<p>The project, which is executed  <strong>from March 2017 to March 2019, it has a total budget of \u20ac1.3 million and 80% co-financing from the European Commission.  <\/strong>It is coordinated by <a href=\"http:\/\/www.azores.gov.pt\/Portal\/pt\/entidades\/srmct-frct\/\" target=\"_blank\" rel=\"noopener\">the Regional Fund for Science and Technology (Regional Government of the Azores, Portugal),<\/a> and has as partners the <a href=\"http:\/\/www.azores.gov.pt\/Portal\/pt\/entidades\/srmct-dram\/\" target=\"_blank\" rel=\"noopener\">Regional Directorate for Marine Affairs of the Regional Government of the Azores, Portugal (DRAM);<\/a> the <a href=\"https:\/\/www.madeira.gov.pt\/sra\" target=\"_blank\" rel=\"noopener\">Regional Secretariat for Environment and Natural Resources of the Regional Government of Madeira (Portugal);<\/a> the <a href=\"http:\/\/www.portugal.gov.pt\/pt.aspx\" target=\"_blank\" rel=\"noopener\">General Directorate of Natural Resources, Security and Maritime Services of the Ministry of the Sea of Portugal<\/a>; the <a href=\"http:\/\/www.mapama.gob.es\/es\/costas\/temas\/default.aspx\" target=\"_blank\" rel=\"noopener\"> General Directorate of Sustainability of the Coast<\/a> and the Biodiversity Foundation, both of the Ministry of Agriculture and Fisheries, Food and Environment of the Government of Spain; the <a href=\"http:\/\/www.gobiernodecanarias.org\/medioambiente\/piac\/\" target=\"_blank\" rel=\"noopener\">General Directorate for the Protection of the Natural Environment of the Government of the Canary Islands<\/a>; the <a href=\"http:\/\/www.arditi.pt\/\" target=\"_blank\" rel=\"noopener\">Regional Agency for the Development of Research and Technology and Innovation of the Azores (ARDITI);<\/a> and the         <a href=\"http:\/\/www.ieo.es\/\" target=\"_blank\" rel=\"noopener\">Spanish Institute of Oceanography.<\/a><\/p>\n","protected":false},"author":11,"featured_media":35846,"template":"","meta":{"_acf_changed":false},"palabras_clave":[],"class_list":["post-97858244","actualidad_home","type-actualidad_home","status-publish","has-post-thumbnail","hentry"],"acf":[],"yoast_head":"<!-- This site is optimized with the Yoast SEO plugin v26.9 - https:\/\/yoast.com\/product\/yoast-seo-wordpress\/ -->\n<title>The MISTIC SEAS 2 project completes its first oceanographic campaign - Fundaci\u00f3n Biodiversidad<\/title>\n<meta name=\"robots\" content=\"index, follow, max-snippet:-1, max-image-preview:large, max-video-preview:-1\" \/>\n<link rel=\"canonical\" href=\"https:\/\/fundacion-biodiversidad.es\/en\/actualidad_home\/the-mistic-seas-2-project-completes-its-first-oceanographic-campaign\/\" \/>\n<meta property=\"og:locale\" content=\"en_US\" \/>\n<meta property=\"og:type\" content=\"article\" \/>\n<meta property=\"og:title\" content=\"The MISTIC SEAS 2 project completes its first oceanographic campaign - Fundaci\u00f3n Biodiversidad\" \/>\n<meta property=\"og:description\" content=\"The first oceanographic campaign was carried out during the month of August in the Teno-Rasca Marine Strip, Canary Islands.\" \/>\n<meta property=\"og:url\" content=\"https:\/\/fundacion-biodiversidad.es\/en\/actualidad_home\/the-mistic-seas-2-project-completes-its-first-oceanographic-campaign\/\" \/>\n<meta property=\"og:site_name\" content=\"Fundaci\u00f3n Biodiversidad\" \/>\n<meta property=\"og:image\" content=\"https:\/\/fundacion-biodiversidad.es\/wp-content\/uploads\/2023\/01\/2487661294_35330241_720x405.png\" \/>\n\t<meta property=\"og:image:width\" content=\"720\" \/>\n\t<meta property=\"og:image:height\" content=\"405\" \/>\n\t<meta property=\"og:image:type\" content=\"image\/png\" \/>\n<meta name=\"twitter:card\" content=\"summary_large_image\" \/>\n<meta name=\"twitter:label1\" content=\"Est. reading time\" \/>\n\t<meta name=\"twitter:data1\" content=\"2 minutes\" \/>\n<script type=\"application\/ld+json\" class=\"yoast-schema-graph\">{\"@context\":\"https:\/\/schema.org\",\"@graph\":[{\"@type\":\"WebPage\",\"@id\":\"https:\/\/fundacion-biodiversidad.es\/en\/actualidad_home\/the-mistic-seas-2-project-completes-its-first-oceanographic-campaign\/\",\"url\":\"https:\/\/fundacion-biodiversidad.es\/en\/actualidad_home\/the-mistic-seas-2-project-completes-its-first-oceanographic-campaign\/\",\"name\":\"The MISTIC SEAS 2 project completes its first oceanographic campaign - Fundaci\u00f3n Biodiversidad\",\"isPartOf\":{\"@id\":\"https:\/\/fundacion-biodiversidad.es\/en\/#website\"},\"primaryImageOfPage\":{\"@id\":\"https:\/\/fundacion-biodiversidad.es\/en\/actualidad_home\/the-mistic-seas-2-project-completes-its-first-oceanographic-campaign\/#primaryimage\"},\"image\":{\"@id\":\"https:\/\/fundacion-biodiversidad.es\/en\/actualidad_home\/the-mistic-seas-2-project-completes-its-first-oceanographic-campaign\/#primaryimage\"},\"thumbnailUrl\":\"https:\/\/fundacion-biodiversidad.es\/wp-content\/uploads\/2017\/09\/73-scaled.jpg\",\"datePublished\":\"2017-09-01T10:58:07+00:00\",\"breadcrumb\":{\"@id\":\"https:\/\/fundacion-biodiversidad.es\/en\/actualidad_home\/the-mistic-seas-2-project-completes-its-first-oceanographic-campaign\/#breadcrumb\"},\"inLanguage\":\"en-US\",\"potentialAction\":[{\"@type\":\"ReadAction\",\"target\":[\"https:\/\/fundacion-biodiversidad.es\/en\/actualidad_home\/the-mistic-seas-2-project-completes-its-first-oceanographic-campaign\/\"]}]},{\"@type\":\"ImageObject\",\"inLanguage\":\"en-US\",\"@id\":\"https:\/\/fundacion-biodiversidad.es\/en\/actualidad_home\/the-mistic-seas-2-project-completes-its-first-oceanographic-campaign\/#primaryimage\",\"url\":\"https:\/\/fundacion-biodiversidad.es\/wp-content\/uploads\/2017\/09\/73-scaled.jpg\",\"contentUrl\":\"https:\/\/fundacion-biodiversidad.es\/wp-content\/uploads\/2017\/09\/73-scaled.jpg\",\"width\":2560,\"height\":1707},{\"@type\":\"BreadcrumbList\",\"@id\":\"https:\/\/fundacion-biodiversidad.es\/en\/actualidad_home\/the-mistic-seas-2-project-completes-its-first-oceanographic-campaign\/#breadcrumb\",\"itemListElement\":[{\"@type\":\"ListItem\",\"position\":1,\"name\":\"Portada\",\"item\":\"https:\/\/fundacion-biodiversidad.es\/en\/inicio\/\"},{\"@type\":\"ListItem\",\"position\":2,\"name\":\"Noticias de actualidad\",\"item\":\"https:\/\/fundacion-biodiversidad.es\/en\/actualidad_home\/\"},{\"@type\":\"ListItem\",\"position\":3,\"name\":\"The MISTIC SEAS 2 project completes its first oceanographic campaign\"}]},{\"@type\":\"WebSite\",\"@id\":\"https:\/\/fundacion-biodiversidad.es\/en\/#website\",\"url\":\"https:\/\/fundacion-biodiversidad.es\/en\/\",\"name\":\"Fundaci\u00f3n Biodiversidad\",\"description\":\"Fundaci\u00f3n p\u00fablica adscrita al Ministerio para la Transici\u00f3n Ecol\u00f3gica\",\"potentialAction\":[{\"@type\":\"SearchAction\",\"target\":{\"@type\":\"EntryPoint\",\"urlTemplate\":\"https:\/\/fundacion-biodiversidad.es\/en\/?s={search_term_string}\"},\"query-input\":{\"@type\":\"PropertyValueSpecification\",\"valueRequired\":true,\"valueName\":\"search_term_string\"}}],\"inLanguage\":\"en-US\"}]}<\/script>\n<!-- \/ Yoast SEO plugin. -->","yoast_head_json":{"title":"The MISTIC SEAS 2 project completes its first oceanographic campaign - Fundaci\u00f3n Biodiversidad","robots":{"index":"index","follow":"follow","max-snippet":"max-snippet:-1","max-image-preview":"max-image-preview:large","max-video-preview":"max-video-preview:-1"},"canonical":"https:\/\/fundacion-biodiversidad.es\/en\/actualidad_home\/the-mistic-seas-2-project-completes-its-first-oceanographic-campaign\/","og_locale":"en_US","og_type":"article","og_title":"The MISTIC SEAS 2 project completes its first oceanographic campaign - Fundaci\u00f3n Biodiversidad","og_description":"The first oceanographic campaign was carried out during the month of August in the Teno-Rasca Marine Strip, Canary Islands.","og_url":"https:\/\/fundacion-biodiversidad.es\/en\/actualidad_home\/the-mistic-seas-2-project-completes-its-first-oceanographic-campaign\/","og_site_name":"Fundaci\u00f3n Biodiversidad","og_image":[{"width":720,"height":405,"url":"https:\/\/fundacion-biodiversidad.es\/wp-content\/uploads\/2023\/01\/2487661294_35330241_720x405.png","type":"image\/png"}],"twitter_card":"summary_large_image","twitter_misc":{"Est. reading time":"2 minutes"},"schema":{"@context":"https:\/\/schema.org","@graph":[{"@type":"WebPage","@id":"https:\/\/fundacion-biodiversidad.es\/en\/actualidad_home\/the-mistic-seas-2-project-completes-its-first-oceanographic-campaign\/","url":"https:\/\/fundacion-biodiversidad.es\/en\/actualidad_home\/the-mistic-seas-2-project-completes-its-first-oceanographic-campaign\/","name":"The MISTIC SEAS 2 project completes its first oceanographic campaign - Fundaci\u00f3n Biodiversidad","isPartOf":{"@id":"https:\/\/fundacion-biodiversidad.es\/en\/#website"},"primaryImageOfPage":{"@id":"https:\/\/fundacion-biodiversidad.es\/en\/actualidad_home\/the-mistic-seas-2-project-completes-its-first-oceanographic-campaign\/#primaryimage"},"image":{"@id":"https:\/\/fundacion-biodiversidad.es\/en\/actualidad_home\/the-mistic-seas-2-project-completes-its-first-oceanographic-campaign\/#primaryimage"},"thumbnailUrl":"https:\/\/fundacion-biodiversidad.es\/wp-content\/uploads\/2017\/09\/73-scaled.jpg","datePublished":"2017-09-01T10:58:07+00:00","breadcrumb":{"@id":"https:\/\/fundacion-biodiversidad.es\/en\/actualidad_home\/the-mistic-seas-2-project-completes-its-first-oceanographic-campaign\/#breadcrumb"},"inLanguage":"en-US","potentialAction":[{"@type":"ReadAction","target":["https:\/\/fundacion-biodiversidad.es\/en\/actualidad_home\/the-mistic-seas-2-project-completes-its-first-oceanographic-campaign\/"]}]},{"@type":"ImageObject","inLanguage":"en-US","@id":"https:\/\/fundacion-biodiversidad.es\/en\/actualidad_home\/the-mistic-seas-2-project-completes-its-first-oceanographic-campaign\/#primaryimage","url":"https:\/\/fundacion-biodiversidad.es\/wp-content\/uploads\/2017\/09\/73-scaled.jpg","contentUrl":"https:\/\/fundacion-biodiversidad.es\/wp-content\/uploads\/2017\/09\/73-scaled.jpg","width":2560,"height":1707},{"@type":"BreadcrumbList","@id":"https:\/\/fundacion-biodiversidad.es\/en\/actualidad_home\/the-mistic-seas-2-project-completes-its-first-oceanographic-campaign\/#breadcrumb","itemListElement":[{"@type":"ListItem","position":1,"name":"Portada","item":"https:\/\/fundacion-biodiversidad.es\/en\/inicio\/"},{"@type":"ListItem","position":2,"name":"Noticias de actualidad","item":"https:\/\/fundacion-biodiversidad.es\/en\/actualidad_home\/"},{"@type":"ListItem","position":3,"name":"The MISTIC SEAS 2 project completes its first oceanographic campaign"}]},{"@type":"WebSite","@id":"https:\/\/fundacion-biodiversidad.es\/en\/#website","url":"https:\/\/fundacion-biodiversidad.es\/en\/","name":"Fundaci\u00f3n Biodiversidad","description":"Fundaci\u00f3n p\u00fablica adscrita al Ministerio para la Transici\u00f3n Ecol\u00f3gica","potentialAction":[{"@type":"SearchAction","target":{"@type":"EntryPoint","urlTemplate":"https:\/\/fundacion-biodiversidad.es\/en\/?s={search_term_string}"},"query-input":{"@type":"PropertyValueSpecification","valueRequired":true,"valueName":"search_term_string"}}],"inLanguage":"en-US"}]}},"_links":{"self":[{"href":"https:\/\/fundacion-biodiversidad.es\/en\/wp-json\/wp\/v2\/actualidad_home\/97858244","targetHints":{"allow":["GET"]}}],"collection":[{"href":"https:\/\/fundacion-biodiversidad.es\/en\/wp-json\/wp\/v2\/actualidad_home"}],"about":[{"href":"https:\/\/fundacion-biodiversidad.es\/en\/wp-json\/wp\/v2\/types\/actualidad_home"}],"author":[{"embeddable":true,"href":"https:\/\/fundacion-biodiversidad.es\/en\/wp-json\/wp\/v2\/users\/11"}],"wp:featuredmedia":[{"embeddable":true,"href":"https:\/\/fundacion-biodiversidad.es\/en\/wp-json\/wp\/v2\/media\/35846"}],"wp:attachment":[{"href":"https:\/\/fundacion-biodiversidad.es\/en\/wp-json\/wp\/v2\/media?parent=97858244"}],"wp:term":[{"taxonomy":"palabras_clave","embeddable":true,"href":"https:\/\/fundacion-biodiversidad.es\/en\/wp-json\/wp\/v2\/palabras_clave?post=97858244"}],"curies":[{"name":"wp","href":"https:\/\/api.w.org\/{rel}","templated":true}]}}