{"id":97858246,"date":"2017-09-01T11:48:23","date_gmt":"2017-09-01T09:48:23","guid":{"rendered":"https:\/\/fundacion-biodiversidad.es\/actualidad_home\/the-deadline-to-participate-in-the-european-business-awards-for-the-environment-in-spain-is-now-open\/"},"modified":"2017-09-01T11:48:23","modified_gmt":"2017-09-01T09:48:23","slug":"the-deadline-to-participate-in-the-european-business-awards-for-the-environment-in-spain-is-now-open","status":"publish","type":"actualidad_home","link":"https:\/\/fundacion-biodiversidad.es\/en\/actualidad_home\/the-deadline-to-participate-in-the-european-business-awards-for-the-environment-in-spain-is-now-open\/","title":{"rendered":"The deadline to participate in the European Business Awards for the Environment in Spain is now open"},"content":{"rendered":"<p>MAPAMA, through the Biodiversity Foundation, announces the 2017-2018 edition of the European Business Awards for the Environment.<br \/>\n<!--more--><\/p>\n<p>These Awards, whose Spanish section has been managed by the Ministry of Agriculture and Fisheries, Food and Environment (MAPAMA) since 2013, recognize and reward those<strong>companies that successfully combine the economic viability of their businesses with the protection of the environment.<\/strong>  The European Business Awards for the Environment have been held in Spain since 1997 and represent for the winning companies an important recognition of their contribution to environmental protection by society and the world of business and sustainability.<\/p>\n<p>This edition of the awards is divided into <strong>four categories <\/strong>that highlight innovative aspects of business management that contribute to sustainable development. Thus, companies that have a strategic vision equipped with innovative management systems and tools will be rewarded. In another category, the development and\/or implementation of a product or service with an environmental character will be recognized. Innovative solutions in production processes and methods will also be rewarded and, finally, international cooperation that contributes to sustainable development in which at least one Spanish company and an entity from the private or public sector, NGOs or the academic sector of an emerging or developing country are involved will be recognized.   <\/p>\n<p>A special category has also been created, <strong>&#8220;Business and Biodiversity&#8221;,<\/strong> whose winner will be selected from among the companies that apply for one of the four previous categories and that stands out for their contribution to the conservation and sustainable use of biodiversity.<\/p>\n<p>The <strong>winning companies and runners-up in the Spanish section will participate in the European competition<\/strong>.<\/p>\n<p>Applicants must be private companies that are legally constituted and duly registered in the corresponding register, with their own legal personality and that are based in Spain. In addition, they must comply with the requirements established, where appropriate, in each call. <\/p>\n<p>Public companies, NGOs, institutions and other non-profit entities can only participate as a partner of a company in the category of international business cooperation. In this case, it will be the company that will officially present the candidacy for the awards. <\/p>\n<p>Applications <strong>can be submitted until November 30, 2017<\/strong>, by filling in an official form. The MAPAMA Biodiversity Foundation will convene a jury in which experts of recognized prestige in the environmental and business field will participate and will select the winners. <\/p>\n<p>The management of these awards aims to boost economic activity linked to the environment, promote the sustainability of companies and encourage employment and the creation and consolidation of green companies.<\/p>\n<p>To apply, click <a href=\"http:\/\/fundacion-biodiversidad.es\/es\/relaciones-internacionales\/proyectos-propios\/premios-europeos-de-medio-ambiente-la-empresa\">here<\/a>.<\/p>\n<p>&nbsp;<\/p>\n","protected":false},"author":11,"featured_media":35845,"template":"","meta":{"_acf_changed":false},"palabras_clave":[],"class_list":["post-97858246","actualidad_home","type-actualidad_home","status-publish","has-post-thumbnail","hentry"],"acf":[],"yoast_head":"<!-- This site is optimized with the Yoast SEO plugin v26.9 - https:\/\/yoast.com\/product\/yoast-seo-wordpress\/ -->\n<title>The deadline to participate in the European Business Awards for the Environment in Spain is now open - Fundaci\u00f3n Biodiversidad<\/title>\n<meta name=\"robots\" content=\"index, follow, max-snippet:-1, max-image-preview:large, max-video-preview:-1\" \/>\n<link rel=\"canonical\" href=\"https:\/\/fundacion-biodiversidad.es\/en\/actualidad_home\/the-deadline-to-participate-in-the-european-business-awards-for-the-environment-in-spain-is-now-open\/\" \/>\n<meta property=\"og:locale\" content=\"en_US\" \/>\n<meta property=\"og:type\" content=\"article\" \/>\n<meta property=\"og:title\" content=\"The deadline to participate in the European Business Awards for the Environment in Spain is now open - Fundaci\u00f3n Biodiversidad\" \/>\n<meta property=\"og:description\" content=\"MAPAMA, through the Biodiversity Foundation, announces the 2017-2018 edition of the European Business Awards for the Environment.\" \/>\n<meta property=\"og:url\" content=\"https:\/\/fundacion-biodiversidad.es\/en\/actualidad_home\/the-deadline-to-participate-in-the-european-business-awards-for-the-environment-in-spain-is-now-open\/\" \/>\n<meta property=\"og:site_name\" content=\"Fundaci\u00f3n Biodiversidad\" \/>\n<meta property=\"og:image\" content=\"https:\/\/fundacion-biodiversidad.es\/wp-content\/uploads\/2023\/01\/2487661294_35330241_720x405.png\" \/>\n\t<meta property=\"og:image:width\" content=\"720\" \/>\n\t<meta property=\"og:image:height\" content=\"405\" \/>\n\t<meta property=\"og:image:type\" content=\"image\/png\" \/>\n<meta name=\"twitter:card\" content=\"summary_large_image\" \/>\n<meta name=\"twitter:label1\" content=\"Est. reading time\" \/>\n\t<meta name=\"twitter:data1\" content=\"2 minutes\" \/>\n<script type=\"application\/ld+json\" class=\"yoast-schema-graph\">{\"@context\":\"https:\/\/schema.org\",\"@graph\":[{\"@type\":\"WebPage\",\"@id\":\"https:\/\/fundacion-biodiversidad.es\/en\/actualidad_home\/the-deadline-to-participate-in-the-european-business-awards-for-the-environment-in-spain-is-now-open\/\",\"url\":\"https:\/\/fundacion-biodiversidad.es\/en\/actualidad_home\/the-deadline-to-participate-in-the-european-business-awards-for-the-environment-in-spain-is-now-open\/\",\"name\":\"The deadline to participate in the European Business Awards for the Environment in Spain is now open - Fundaci\u00f3n Biodiversidad\",\"isPartOf\":{\"@id\":\"https:\/\/fundacion-biodiversidad.es\/en\/#website\"},\"primaryImageOfPage\":{\"@id\":\"https:\/\/fundacion-biodiversidad.es\/en\/actualidad_home\/the-deadline-to-participate-in-the-european-business-awards-for-the-environment-in-spain-is-now-open\/#primaryimage\"},\"image\":{\"@id\":\"https:\/\/fundacion-biodiversidad.es\/en\/actualidad_home\/the-deadline-to-participate-in-the-european-business-awards-for-the-environment-in-spain-is-now-open\/#primaryimage\"},\"thumbnailUrl\":\"https:\/\/fundacion-biodiversidad.es\/wp-content\/uploads\/2017\/09\/2016-4-scaled.jpg\",\"datePublished\":\"2017-09-01T09:48:23+00:00\",\"breadcrumb\":{\"@id\":\"https:\/\/fundacion-biodiversidad.es\/en\/actualidad_home\/the-deadline-to-participate-in-the-european-business-awards-for-the-environment-in-spain-is-now-open\/#breadcrumb\"},\"inLanguage\":\"en-US\",\"potentialAction\":[{\"@type\":\"ReadAction\",\"target\":[\"https:\/\/fundacion-biodiversidad.es\/en\/actualidad_home\/the-deadline-to-participate-in-the-european-business-awards-for-the-environment-in-spain-is-now-open\/\"]}]},{\"@type\":\"ImageObject\",\"inLanguage\":\"en-US\",\"@id\":\"https:\/\/fundacion-biodiversidad.es\/en\/actualidad_home\/the-deadline-to-participate-in-the-european-business-awards-for-the-environment-in-spain-is-now-open\/#primaryimage\",\"url\":\"https:\/\/fundacion-biodiversidad.es\/wp-content\/uploads\/2017\/09\/2016-4-scaled.jpg\",\"contentUrl\":\"https:\/\/fundacion-biodiversidad.es\/wp-content\/uploads\/2017\/09\/2016-4-scaled.jpg\",\"width\":2560,\"height\":1695},{\"@type\":\"BreadcrumbList\",\"@id\":\"https:\/\/fundacion-biodiversidad.es\/en\/actualidad_home\/the-deadline-to-participate-in-the-european-business-awards-for-the-environment-in-spain-is-now-open\/#breadcrumb\",\"itemListElement\":[{\"@type\":\"ListItem\",\"position\":1,\"name\":\"Portada\",\"item\":\"https:\/\/fundacion-biodiversidad.es\/en\/inicio\/\"},{\"@type\":\"ListItem\",\"position\":2,\"name\":\"Noticias de actualidad\",\"item\":\"https:\/\/fundacion-biodiversidad.es\/en\/actualidad_home\/\"},{\"@type\":\"ListItem\",\"position\":3,\"name\":\"The deadline to participate in the European Business Awards for the Environment in Spain is now open\"}]},{\"@type\":\"WebSite\",\"@id\":\"https:\/\/fundacion-biodiversidad.es\/en\/#website\",\"url\":\"https:\/\/fundacion-biodiversidad.es\/en\/\",\"name\":\"Fundaci\u00f3n Biodiversidad\",\"description\":\"Fundaci\u00f3n p\u00fablica adscrita al Ministerio para la Transici\u00f3n Ecol\u00f3gica\",\"potentialAction\":[{\"@type\":\"SearchAction\",\"target\":{\"@type\":\"EntryPoint\",\"urlTemplate\":\"https:\/\/fundacion-biodiversidad.es\/en\/?s={search_term_string}\"},\"query-input\":{\"@type\":\"PropertyValueSpecification\",\"valueRequired\":true,\"valueName\":\"search_term_string\"}}],\"inLanguage\":\"en-US\"}]}<\/script>\n<!-- \/ Yoast SEO plugin. -->","yoast_head_json":{"title":"The deadline to participate in the European Business Awards for the Environment in Spain is now open - Fundaci\u00f3n Biodiversidad","robots":{"index":"index","follow":"follow","max-snippet":"max-snippet:-1","max-image-preview":"max-image-preview:large","max-video-preview":"max-video-preview:-1"},"canonical":"https:\/\/fundacion-biodiversidad.es\/en\/actualidad_home\/the-deadline-to-participate-in-the-european-business-awards-for-the-environment-in-spain-is-now-open\/","og_locale":"en_US","og_type":"article","og_title":"The deadline to participate in the European Business Awards for the Environment in Spain is now open - Fundaci\u00f3n Biodiversidad","og_description":"MAPAMA, through the Biodiversity Foundation, announces the 2017-2018 edition of the European Business Awards for the Environment.","og_url":"https:\/\/fundacion-biodiversidad.es\/en\/actualidad_home\/the-deadline-to-participate-in-the-european-business-awards-for-the-environment-in-spain-is-now-open\/","og_site_name":"Fundaci\u00f3n Biodiversidad","og_image":[{"width":720,"height":405,"url":"https:\/\/fundacion-biodiversidad.es\/wp-content\/uploads\/2023\/01\/2487661294_35330241_720x405.png","type":"image\/png"}],"twitter_card":"summary_large_image","twitter_misc":{"Est. reading time":"2 minutes"},"schema":{"@context":"https:\/\/schema.org","@graph":[{"@type":"WebPage","@id":"https:\/\/fundacion-biodiversidad.es\/en\/actualidad_home\/the-deadline-to-participate-in-the-european-business-awards-for-the-environment-in-spain-is-now-open\/","url":"https:\/\/fundacion-biodiversidad.es\/en\/actualidad_home\/the-deadline-to-participate-in-the-european-business-awards-for-the-environment-in-spain-is-now-open\/","name":"The deadline to participate in the European Business Awards for the Environment in Spain is now open - Fundaci\u00f3n Biodiversidad","isPartOf":{"@id":"https:\/\/fundacion-biodiversidad.es\/en\/#website"},"primaryImageOfPage":{"@id":"https:\/\/fundacion-biodiversidad.es\/en\/actualidad_home\/the-deadline-to-participate-in-the-european-business-awards-for-the-environment-in-spain-is-now-open\/#primaryimage"},"image":{"@id":"https:\/\/fundacion-biodiversidad.es\/en\/actualidad_home\/the-deadline-to-participate-in-the-european-business-awards-for-the-environment-in-spain-is-now-open\/#primaryimage"},"thumbnailUrl":"https:\/\/fundacion-biodiversidad.es\/wp-content\/uploads\/2017\/09\/2016-4-scaled.jpg","datePublished":"2017-09-01T09:48:23+00:00","breadcrumb":{"@id":"https:\/\/fundacion-biodiversidad.es\/en\/actualidad_home\/the-deadline-to-participate-in-the-european-business-awards-for-the-environment-in-spain-is-now-open\/#breadcrumb"},"inLanguage":"en-US","potentialAction":[{"@type":"ReadAction","target":["https:\/\/fundacion-biodiversidad.es\/en\/actualidad_home\/the-deadline-to-participate-in-the-european-business-awards-for-the-environment-in-spain-is-now-open\/"]}]},{"@type":"ImageObject","inLanguage":"en-US","@id":"https:\/\/fundacion-biodiversidad.es\/en\/actualidad_home\/the-deadline-to-participate-in-the-european-business-awards-for-the-environment-in-spain-is-now-open\/#primaryimage","url":"https:\/\/fundacion-biodiversidad.es\/wp-content\/uploads\/2017\/09\/2016-4-scaled.jpg","contentUrl":"https:\/\/fundacion-biodiversidad.es\/wp-content\/uploads\/2017\/09\/2016-4-scaled.jpg","width":2560,"height":1695},{"@type":"BreadcrumbList","@id":"https:\/\/fundacion-biodiversidad.es\/en\/actualidad_home\/the-deadline-to-participate-in-the-european-business-awards-for-the-environment-in-spain-is-now-open\/#breadcrumb","itemListElement":[{"@type":"ListItem","position":1,"name":"Portada","item":"https:\/\/fundacion-biodiversidad.es\/en\/inicio\/"},{"@type":"ListItem","position":2,"name":"Noticias de actualidad","item":"https:\/\/fundacion-biodiversidad.es\/en\/actualidad_home\/"},{"@type":"ListItem","position":3,"name":"The deadline to participate in the European Business Awards for the Environment in Spain is now open"}]},{"@type":"WebSite","@id":"https:\/\/fundacion-biodiversidad.es\/en\/#website","url":"https:\/\/fundacion-biodiversidad.es\/en\/","name":"Fundaci\u00f3n Biodiversidad","description":"Fundaci\u00f3n p\u00fablica adscrita al Ministerio para la Transici\u00f3n Ecol\u00f3gica","potentialAction":[{"@type":"SearchAction","target":{"@type":"EntryPoint","urlTemplate":"https:\/\/fundacion-biodiversidad.es\/en\/?s={search_term_string}"},"query-input":{"@type":"PropertyValueSpecification","valueRequired":true,"valueName":"search_term_string"}}],"inLanguage":"en-US"}]}},"_links":{"self":[{"href":"https:\/\/fundacion-biodiversidad.es\/en\/wp-json\/wp\/v2\/actualidad_home\/97858246","targetHints":{"allow":["GET"]}}],"collection":[{"href":"https:\/\/fundacion-biodiversidad.es\/en\/wp-json\/wp\/v2\/actualidad_home"}],"about":[{"href":"https:\/\/fundacion-biodiversidad.es\/en\/wp-json\/wp\/v2\/types\/actualidad_home"}],"author":[{"embeddable":true,"href":"https:\/\/fundacion-biodiversidad.es\/en\/wp-json\/wp\/v2\/users\/11"}],"wp:featuredmedia":[{"embeddable":true,"href":"https:\/\/fundacion-biodiversidad.es\/en\/wp-json\/wp\/v2\/media\/35845"}],"wp:attachment":[{"href":"https:\/\/fundacion-biodiversidad.es\/en\/wp-json\/wp\/v2\/media?parent=97858246"}],"wp:term":[{"taxonomy":"palabras_clave","embeddable":true,"href":"https:\/\/fundacion-biodiversidad.es\/en\/wp-json\/wp\/v2\/palabras_clave?post=97858246"}],"curies":[{"name":"wp","href":"https:\/\/api.w.org\/{rel}","templated":true}]}}