{"id":97858254,"date":"2017-07-11T11:27:03","date_gmt":"2017-07-11T09:27:03","guid":{"rendered":"https:\/\/fundacion-biodiversidad.es\/actualidad_home\/the-first-ieeb-results-report-presented\/"},"modified":"2017-07-11T11:27:03","modified_gmt":"2017-07-11T09:27:03","slug":"the-first-ieeb-results-report-presented","status":"publish","type":"actualidad_home","link":"https:\/\/fundacion-biodiversidad.es\/en\/actualidad_home\/the-first-ieeb-results-report-presented\/","title":{"rendered":"The first IEEB results report presented"},"content":{"rendered":"<p>The Ministry&#8217;s Director General of Environmental Quality and Assessment and the Natural Environment, Javier Cach\u00f3n, inaugurated the conference &#8220;Responsible Companies Leaders in Biodiversity&#8221;, which brought together more than 100 people in Madrid today, including companies, entrepreneurs, conservation organisations and experts related to business and biodiversity.<\/p>\n<p>During the conference, the first results report of the Spanish Business and Biodiversity Initiative (IEEB) was presented, which presents the actions carried out in the field of biodiversity by these companies in Spain from 2013 to 2015. Actions related to the reduction of the impact of their activity, research and biodiversity conservation, environmental volunteering and awareness-raising are included. Likewise, the public-private collaboration projects and the training and support actions for companies carried out by the strategic partners of the Spanish Business and Biodiversity Initiative in the aforementioned period are shown. This report is available <a href=\"http:\/\/ieeb.fundacion-biodiversidad.es\/content\/la-iniciativa-presenta-su-primer-informe-de-resultados\" target=\"_blank\" rel=\"noopener\">here<\/a>.   <\/p>\n<p>Throughout the day, pioneering and innovative experiences of business platforms and companies have also been presented, which have shown how the path towards sustainable development is possible.<\/p>\n<p><strong>SPANISH INITIATIVE BUSINESS AND BIODIVERSITY<\/strong><\/p>\n<p>The IEEB, which is&nbsp;&nbsp;Launched in May 2013, it brings together 22 large companies whose challenge is to include the conservation and management of biodiversity in their business strategies. The Initiative gives visibility to good business practices and allows the channeling of private funds to protect our natural capital. Its objective is to promote economic development compatible with the conservation of biodiversity; supporting the private business sector in its contribution to the objectives of the Convention on Biological Diversity and to international and national biodiversity conservation plans and strategies.  <\/p>\n<p>During its four years of existence, the Spanish Business and Biodiversity Initiative has helped to develop and publicize practical cases in biodiversity management, has supported the integration of biodiversity protection in the DNA of companies, has linked companies with conservationist entities, has sought synergies to develop joint projects and has helped to disseminate the commitment of the Spanish private sector in this area in the main international forums.<\/p>\n<p>The companies that adhere to this Initiative sign a Pact for Biodiversity, with which they support their commitment to the conservation and sustainable use of natural heritage.<\/p>\n<p>&nbsp;<\/p>\n","protected":false},"author":11,"featured_media":35836,"template":"","meta":{"_acf_changed":false},"palabras_clave":[],"class_list":["post-97858254","actualidad_home","type-actualidad_home","status-publish","has-post-thumbnail","hentry"],"acf":[],"yoast_head":"<!-- This site is optimized with the Yoast SEO plugin v26.9 - https:\/\/yoast.com\/product\/yoast-seo-wordpress\/ -->\n<title>The first IEEB results report presented - Fundaci\u00f3n Biodiversidad<\/title>\n<meta name=\"robots\" content=\"index, follow, max-snippet:-1, max-image-preview:large, max-video-preview:-1\" \/>\n<link rel=\"canonical\" href=\"https:\/\/fundacion-biodiversidad.es\/en\/actualidad_home\/the-first-ieeb-results-report-presented\/\" \/>\n<meta property=\"og:locale\" content=\"en_US\" \/>\n<meta property=\"og:type\" content=\"article\" \/>\n<meta property=\"og:title\" content=\"The first IEEB results report presented - Fundaci\u00f3n Biodiversidad\" \/>\n<meta property=\"og:description\" content=\"The Ministry&#8217;s Director General of Environmental Quality and Assessment and the Natural Environment, Javier Cach\u00f3n, inaugurated the conference &#8220;Responsible Companies Leaders in Biodiversity&#8221;, which brought [&hellip;]\" \/>\n<meta property=\"og:url\" content=\"https:\/\/fundacion-biodiversidad.es\/en\/actualidad_home\/the-first-ieeb-results-report-presented\/\" \/>\n<meta property=\"og:site_name\" content=\"Fundaci\u00f3n Biodiversidad\" \/>\n<meta property=\"og:image\" content=\"https:\/\/fundacion-biodiversidad.es\/wp-content\/uploads\/2023\/01\/2487661294_35330241_720x405.png\" \/>\n\t<meta property=\"og:image:width\" content=\"720\" \/>\n\t<meta property=\"og:image:height\" content=\"405\" \/>\n\t<meta property=\"og:image:type\" content=\"image\/png\" \/>\n<meta name=\"twitter:card\" content=\"summary_large_image\" \/>\n<meta name=\"twitter:label1\" content=\"Est. reading time\" \/>\n\t<meta name=\"twitter:data1\" content=\"2 minutes\" \/>\n<script type=\"application\/ld+json\" class=\"yoast-schema-graph\">{\"@context\":\"https:\/\/schema.org\",\"@graph\":[{\"@type\":\"WebPage\",\"@id\":\"https:\/\/fundacion-biodiversidad.es\/en\/actualidad_home\/the-first-ieeb-results-report-presented\/\",\"url\":\"https:\/\/fundacion-biodiversidad.es\/en\/actualidad_home\/the-first-ieeb-results-report-presented\/\",\"name\":\"The first IEEB results report presented - Fundaci\u00f3n Biodiversidad\",\"isPartOf\":{\"@id\":\"https:\/\/fundacion-biodiversidad.es\/en\/#website\"},\"primaryImageOfPage\":{\"@id\":\"https:\/\/fundacion-biodiversidad.es\/en\/actualidad_home\/the-first-ieeb-results-report-presented\/#primaryimage\"},\"image\":{\"@id\":\"https:\/\/fundacion-biodiversidad.es\/en\/actualidad_home\/the-first-ieeb-results-report-presented\/#primaryimage\"},\"thumbnailUrl\":\"https:\/\/fundacion-biodiversidad.es\/wp-content\/uploads\/2017\/07\/dsc6076.jpg\",\"datePublished\":\"2017-07-11T09:27:03+00:00\",\"breadcrumb\":{\"@id\":\"https:\/\/fundacion-biodiversidad.es\/en\/actualidad_home\/the-first-ieeb-results-report-presented\/#breadcrumb\"},\"inLanguage\":\"en-US\",\"potentialAction\":[{\"@type\":\"ReadAction\",\"target\":[\"https:\/\/fundacion-biodiversidad.es\/en\/actualidad_home\/the-first-ieeb-results-report-presented\/\"]}]},{\"@type\":\"ImageObject\",\"inLanguage\":\"en-US\",\"@id\":\"https:\/\/fundacion-biodiversidad.es\/en\/actualidad_home\/the-first-ieeb-results-report-presented\/#primaryimage\",\"url\":\"https:\/\/fundacion-biodiversidad.es\/wp-content\/uploads\/2017\/07\/dsc6076.jpg\",\"contentUrl\":\"https:\/\/fundacion-biodiversidad.es\/wp-content\/uploads\/2017\/07\/dsc6076.jpg\",\"width\":1000,\"height\":666},{\"@type\":\"BreadcrumbList\",\"@id\":\"https:\/\/fundacion-biodiversidad.es\/en\/actualidad_home\/the-first-ieeb-results-report-presented\/#breadcrumb\",\"itemListElement\":[{\"@type\":\"ListItem\",\"position\":1,\"name\":\"Portada\",\"item\":\"https:\/\/fundacion-biodiversidad.es\/en\/inicio\/\"},{\"@type\":\"ListItem\",\"position\":2,\"name\":\"Noticias de actualidad\",\"item\":\"https:\/\/fundacion-biodiversidad.es\/en\/actualidad_home\/\"},{\"@type\":\"ListItem\",\"position\":3,\"name\":\"The first IEEB results report presented\"}]},{\"@type\":\"WebSite\",\"@id\":\"https:\/\/fundacion-biodiversidad.es\/en\/#website\",\"url\":\"https:\/\/fundacion-biodiversidad.es\/en\/\",\"name\":\"Fundaci\u00f3n Biodiversidad\",\"description\":\"Fundaci\u00f3n p\u00fablica adscrita al Ministerio para la Transici\u00f3n Ecol\u00f3gica\",\"potentialAction\":[{\"@type\":\"SearchAction\",\"target\":{\"@type\":\"EntryPoint\",\"urlTemplate\":\"https:\/\/fundacion-biodiversidad.es\/en\/?s={search_term_string}\"},\"query-input\":{\"@type\":\"PropertyValueSpecification\",\"valueRequired\":true,\"valueName\":\"search_term_string\"}}],\"inLanguage\":\"en-US\"}]}<\/script>\n<!-- \/ Yoast SEO plugin. -->","yoast_head_json":{"title":"The first IEEB results report presented - Fundaci\u00f3n Biodiversidad","robots":{"index":"index","follow":"follow","max-snippet":"max-snippet:-1","max-image-preview":"max-image-preview:large","max-video-preview":"max-video-preview:-1"},"canonical":"https:\/\/fundacion-biodiversidad.es\/en\/actualidad_home\/the-first-ieeb-results-report-presented\/","og_locale":"en_US","og_type":"article","og_title":"The first IEEB results report presented - Fundaci\u00f3n Biodiversidad","og_description":"The Ministry&#8217;s Director General of Environmental Quality and Assessment and the Natural Environment, Javier Cach\u00f3n, inaugurated the conference &#8220;Responsible Companies Leaders in Biodiversity&#8221;, which brought [&hellip;]","og_url":"https:\/\/fundacion-biodiversidad.es\/en\/actualidad_home\/the-first-ieeb-results-report-presented\/","og_site_name":"Fundaci\u00f3n Biodiversidad","og_image":[{"width":720,"height":405,"url":"https:\/\/fundacion-biodiversidad.es\/wp-content\/uploads\/2023\/01\/2487661294_35330241_720x405.png","type":"image\/png"}],"twitter_card":"summary_large_image","twitter_misc":{"Est. reading time":"2 minutes"},"schema":{"@context":"https:\/\/schema.org","@graph":[{"@type":"WebPage","@id":"https:\/\/fundacion-biodiversidad.es\/en\/actualidad_home\/the-first-ieeb-results-report-presented\/","url":"https:\/\/fundacion-biodiversidad.es\/en\/actualidad_home\/the-first-ieeb-results-report-presented\/","name":"The first IEEB results report presented - Fundaci\u00f3n Biodiversidad","isPartOf":{"@id":"https:\/\/fundacion-biodiversidad.es\/en\/#website"},"primaryImageOfPage":{"@id":"https:\/\/fundacion-biodiversidad.es\/en\/actualidad_home\/the-first-ieeb-results-report-presented\/#primaryimage"},"image":{"@id":"https:\/\/fundacion-biodiversidad.es\/en\/actualidad_home\/the-first-ieeb-results-report-presented\/#primaryimage"},"thumbnailUrl":"https:\/\/fundacion-biodiversidad.es\/wp-content\/uploads\/2017\/07\/dsc6076.jpg","datePublished":"2017-07-11T09:27:03+00:00","breadcrumb":{"@id":"https:\/\/fundacion-biodiversidad.es\/en\/actualidad_home\/the-first-ieeb-results-report-presented\/#breadcrumb"},"inLanguage":"en-US","potentialAction":[{"@type":"ReadAction","target":["https:\/\/fundacion-biodiversidad.es\/en\/actualidad_home\/the-first-ieeb-results-report-presented\/"]}]},{"@type":"ImageObject","inLanguage":"en-US","@id":"https:\/\/fundacion-biodiversidad.es\/en\/actualidad_home\/the-first-ieeb-results-report-presented\/#primaryimage","url":"https:\/\/fundacion-biodiversidad.es\/wp-content\/uploads\/2017\/07\/dsc6076.jpg","contentUrl":"https:\/\/fundacion-biodiversidad.es\/wp-content\/uploads\/2017\/07\/dsc6076.jpg","width":1000,"height":666},{"@type":"BreadcrumbList","@id":"https:\/\/fundacion-biodiversidad.es\/en\/actualidad_home\/the-first-ieeb-results-report-presented\/#breadcrumb","itemListElement":[{"@type":"ListItem","position":1,"name":"Portada","item":"https:\/\/fundacion-biodiversidad.es\/en\/inicio\/"},{"@type":"ListItem","position":2,"name":"Noticias de actualidad","item":"https:\/\/fundacion-biodiversidad.es\/en\/actualidad_home\/"},{"@type":"ListItem","position":3,"name":"The first IEEB results report presented"}]},{"@type":"WebSite","@id":"https:\/\/fundacion-biodiversidad.es\/en\/#website","url":"https:\/\/fundacion-biodiversidad.es\/en\/","name":"Fundaci\u00f3n Biodiversidad","description":"Fundaci\u00f3n p\u00fablica adscrita al Ministerio para la Transici\u00f3n Ecol\u00f3gica","potentialAction":[{"@type":"SearchAction","target":{"@type":"EntryPoint","urlTemplate":"https:\/\/fundacion-biodiversidad.es\/en\/?s={search_term_string}"},"query-input":{"@type":"PropertyValueSpecification","valueRequired":true,"valueName":"search_term_string"}}],"inLanguage":"en-US"}]}},"_links":{"self":[{"href":"https:\/\/fundacion-biodiversidad.es\/en\/wp-json\/wp\/v2\/actualidad_home\/97858254","targetHints":{"allow":["GET"]}}],"collection":[{"href":"https:\/\/fundacion-biodiversidad.es\/en\/wp-json\/wp\/v2\/actualidad_home"}],"about":[{"href":"https:\/\/fundacion-biodiversidad.es\/en\/wp-json\/wp\/v2\/types\/actualidad_home"}],"author":[{"embeddable":true,"href":"https:\/\/fundacion-biodiversidad.es\/en\/wp-json\/wp\/v2\/users\/11"}],"wp:featuredmedia":[{"embeddable":true,"href":"https:\/\/fundacion-biodiversidad.es\/en\/wp-json\/wp\/v2\/media\/35836"}],"wp:attachment":[{"href":"https:\/\/fundacion-biodiversidad.es\/en\/wp-json\/wp\/v2\/media?parent=97858254"}],"wp:term":[{"taxonomy":"palabras_clave","embeddable":true,"href":"https:\/\/fundacion-biodiversidad.es\/en\/wp-json\/wp\/v2\/palabras_clave?post=97858254"}],"curies":[{"name":"wp","href":"https:\/\/api.w.org\/{rel}","templated":true}]}}