{"id":97858255,"date":"2017-05-25T11:29:43","date_gmt":"2017-05-25T09:29:43","guid":{"rendered":"https:\/\/fundacion-biodiversidad.es\/actualidad_home\/the-president-of-the-government-inaugurates-the-debate-sessions-on-the-future-law-on-climate-change-and-energy-transition\/"},"modified":"2017-05-25T11:29:43","modified_gmt":"2017-05-25T09:29:43","slug":"the-president-of-the-government-inaugurates-the-debate-sessions-on-the-future-law-on-climate-change-and-energy-transition","status":"publish","type":"actualidad_home","link":"https:\/\/fundacion-biodiversidad.es\/en\/actualidad_home\/the-president-of-the-government-inaugurates-the-debate-sessions-on-the-future-law-on-climate-change-and-energy-transition\/","title":{"rendered":"The President of the Government inaugurates the debate sessions on the future Law on Climate Change and Energy Transition"},"content":{"rendered":"<p>The debate days, which will establish the basis for the preparation of the draft Law on Climate Change and Energy Transition, were inaugurated today by <strong>the President of the Government<\/strong>, Mariano Rajoy, and <strong>the European Commissioner for Climate Action and Energy<\/strong>, Miguel Arias Ca\u00f1ete; accompanied by the <strong>Minister of Agriculture and Fisheries, Food and the Environment<\/strong>, Isabel Garc\u00eda Tejerina; and the <strong>Minister of Energy, Tourism and Digital Agenda<\/strong>, \u00c1lvaro Nadal.<\/p>\n<p>The aim of this conference is to reflect in depth on the key aspects necessary to establish the regulatory framework for the future Spanish Climate Change and Energy Transition Law. A law that must respond, in the medium and long term, to build a new model of sustainable, low-carbon and climate-resilient development, which is the commitment assumed with the ratification of the Paris Agreement. <\/p>\n<p>On <strong>25 and 26 May<\/strong>, representatives of the Administrations, political groups, companies, the financial sector, NGOs, trade unions and the scientific sector presented their proposals on the future Law, to build a new model of sustainable development.<\/p>\n<p><strong>The conference has five working sessions<\/strong>, dedicated to the main sectors and areas of interest such as &#8220;The agricultural, livestock, forestry and food sector&#8221;, &#8220;The importance of adaptation to climate change in Spain&#8221; or &#8220;City solutions: waste, residential and urban mobility&#8221;. There will also be a debate on &#8220;A sustainable and low-carbon transport model&#8221; and &#8220;Energy and industry in the transition to a low-carbon model&#8221;. &nbsp;<\/p>\n","protected":false},"author":11,"featured_media":35827,"template":"","meta":{"_acf_changed":false},"palabras_clave":[],"class_list":["post-97858255","actualidad_home","type-actualidad_home","status-publish","has-post-thumbnail","hentry"],"acf":[],"yoast_head":"<!-- This site is optimized with the Yoast SEO plugin v26.9 - https:\/\/yoast.com\/product\/yoast-seo-wordpress\/ -->\n<title>The President of the Government inaugurates the debate sessions on the future Law on Climate Change and Energy Transition - Fundaci\u00f3n Biodiversidad<\/title>\n<meta name=\"robots\" content=\"index, follow, max-snippet:-1, max-image-preview:large, max-video-preview:-1\" \/>\n<link rel=\"canonical\" href=\"https:\/\/fundacion-biodiversidad.es\/en\/actualidad_home\/the-president-of-the-government-inaugurates-the-debate-sessions-on-the-future-law-on-climate-change-and-energy-transition\/\" \/>\n<meta property=\"og:locale\" content=\"en_US\" \/>\n<meta property=\"og:type\" content=\"article\" \/>\n<meta property=\"og:title\" content=\"The President of the Government inaugurates the debate sessions on the future Law on Climate Change and Energy Transition - Fundaci\u00f3n Biodiversidad\" \/>\n<meta property=\"og:description\" content=\"The debate days, which will establish the basis for the preparation of the draft Law on Climate Change and Energy Transition, were inaugurated today by [&hellip;]\" \/>\n<meta property=\"og:url\" content=\"https:\/\/fundacion-biodiversidad.es\/en\/actualidad_home\/the-president-of-the-government-inaugurates-the-debate-sessions-on-the-future-law-on-climate-change-and-energy-transition\/\" \/>\n<meta property=\"og:site_name\" content=\"Fundaci\u00f3n Biodiversidad\" \/>\n<meta property=\"og:image\" content=\"https:\/\/fundacion-biodiversidad.es\/wp-content\/uploads\/2023\/01\/2487661294_35330241_720x405.png\" \/>\n\t<meta property=\"og:image:width\" content=\"720\" \/>\n\t<meta property=\"og:image:height\" content=\"405\" \/>\n\t<meta property=\"og:image:type\" content=\"image\/png\" \/>\n<meta name=\"twitter:card\" content=\"summary_large_image\" \/>\n<meta name=\"twitter:label1\" content=\"Est. reading time\" \/>\n\t<meta name=\"twitter:data1\" content=\"1 minute\" \/>\n<script type=\"application\/ld+json\" class=\"yoast-schema-graph\">{\"@context\":\"https:\/\/schema.org\",\"@graph\":[{\"@type\":\"WebPage\",\"@id\":\"https:\/\/fundacion-biodiversidad.es\/en\/actualidad_home\/the-president-of-the-government-inaugurates-the-debate-sessions-on-the-future-law-on-climate-change-and-energy-transition\/\",\"url\":\"https:\/\/fundacion-biodiversidad.es\/en\/actualidad_home\/the-president-of-the-government-inaugurates-the-debate-sessions-on-the-future-law-on-climate-change-and-energy-transition\/\",\"name\":\"The President of the Government inaugurates the debate sessions on the future Law on Climate Change and Energy Transition - Fundaci\u00f3n Biodiversidad\",\"isPartOf\":{\"@id\":\"https:\/\/fundacion-biodiversidad.es\/en\/#website\"},\"primaryImageOfPage\":{\"@id\":\"https:\/\/fundacion-biodiversidad.es\/en\/actualidad_home\/the-president-of-the-government-inaugurates-the-debate-sessions-on-the-future-law-on-climate-change-and-energy-transition\/#primaryimage\"},\"image\":{\"@id\":\"https:\/\/fundacion-biodiversidad.es\/en\/actualidad_home\/the-president-of-the-government-inaugurates-the-debate-sessions-on-the-future-law-on-climate-change-and-energy-transition\/#primaryimage\"},\"thumbnailUrl\":\"https:\/\/fundacion-biodiversidad.es\/wp-content\/uploads\/2017\/05\/mariano-rajoy-en-lainauguracion-de-las-jornadas-espana-juntos-por-el-clima.jpg\",\"datePublished\":\"2017-05-25T09:29:43+00:00\",\"breadcrumb\":{\"@id\":\"https:\/\/fundacion-biodiversidad.es\/en\/actualidad_home\/the-president-of-the-government-inaugurates-the-debate-sessions-on-the-future-law-on-climate-change-and-energy-transition\/#breadcrumb\"},\"inLanguage\":\"en-US\",\"potentialAction\":[{\"@type\":\"ReadAction\",\"target\":[\"https:\/\/fundacion-biodiversidad.es\/en\/actualidad_home\/the-president-of-the-government-inaugurates-the-debate-sessions-on-the-future-law-on-climate-change-and-energy-transition\/\"]}]},{\"@type\":\"ImageObject\",\"inLanguage\":\"en-US\",\"@id\":\"https:\/\/fundacion-biodiversidad.es\/en\/actualidad_home\/the-president-of-the-government-inaugurates-the-debate-sessions-on-the-future-law-on-climate-change-and-energy-transition\/#primaryimage\",\"url\":\"https:\/\/fundacion-biodiversidad.es\/wp-content\/uploads\/2017\/05\/mariano-rajoy-en-lainauguracion-de-las-jornadas-espana-juntos-por-el-clima.jpg\",\"contentUrl\":\"https:\/\/fundacion-biodiversidad.es\/wp-content\/uploads\/2017\/05\/mariano-rajoy-en-lainauguracion-de-las-jornadas-espana-juntos-por-el-clima.jpg\",\"width\":1024,\"height\":682},{\"@type\":\"BreadcrumbList\",\"@id\":\"https:\/\/fundacion-biodiversidad.es\/en\/actualidad_home\/the-president-of-the-government-inaugurates-the-debate-sessions-on-the-future-law-on-climate-change-and-energy-transition\/#breadcrumb\",\"itemListElement\":[{\"@type\":\"ListItem\",\"position\":1,\"name\":\"Portada\",\"item\":\"https:\/\/fundacion-biodiversidad.es\/en\/inicio\/\"},{\"@type\":\"ListItem\",\"position\":2,\"name\":\"Noticias de actualidad\",\"item\":\"https:\/\/fundacion-biodiversidad.es\/en\/actualidad_home\/\"},{\"@type\":\"ListItem\",\"position\":3,\"name\":\"The President of the Government inaugurates the debate sessions on the future Law on Climate Change and Energy Transition\"}]},{\"@type\":\"WebSite\",\"@id\":\"https:\/\/fundacion-biodiversidad.es\/en\/#website\",\"url\":\"https:\/\/fundacion-biodiversidad.es\/en\/\",\"name\":\"Fundaci\u00f3n Biodiversidad\",\"description\":\"Fundaci\u00f3n p\u00fablica adscrita al Ministerio para la Transici\u00f3n Ecol\u00f3gica\",\"potentialAction\":[{\"@type\":\"SearchAction\",\"target\":{\"@type\":\"EntryPoint\",\"urlTemplate\":\"https:\/\/fundacion-biodiversidad.es\/en\/?s={search_term_string}\"},\"query-input\":{\"@type\":\"PropertyValueSpecification\",\"valueRequired\":true,\"valueName\":\"search_term_string\"}}],\"inLanguage\":\"en-US\"}]}<\/script>\n<!-- \/ Yoast SEO plugin. -->","yoast_head_json":{"title":"The President of the Government inaugurates the debate sessions on the future Law on Climate Change and Energy Transition - Fundaci\u00f3n Biodiversidad","robots":{"index":"index","follow":"follow","max-snippet":"max-snippet:-1","max-image-preview":"max-image-preview:large","max-video-preview":"max-video-preview:-1"},"canonical":"https:\/\/fundacion-biodiversidad.es\/en\/actualidad_home\/the-president-of-the-government-inaugurates-the-debate-sessions-on-the-future-law-on-climate-change-and-energy-transition\/","og_locale":"en_US","og_type":"article","og_title":"The President of the Government inaugurates the debate sessions on the future Law on Climate Change and Energy Transition - Fundaci\u00f3n Biodiversidad","og_description":"The debate days, which will establish the basis for the preparation of the draft Law on Climate Change and Energy Transition, were inaugurated today by [&hellip;]","og_url":"https:\/\/fundacion-biodiversidad.es\/en\/actualidad_home\/the-president-of-the-government-inaugurates-the-debate-sessions-on-the-future-law-on-climate-change-and-energy-transition\/","og_site_name":"Fundaci\u00f3n Biodiversidad","og_image":[{"width":720,"height":405,"url":"https:\/\/fundacion-biodiversidad.es\/wp-content\/uploads\/2023\/01\/2487661294_35330241_720x405.png","type":"image\/png"}],"twitter_card":"summary_large_image","twitter_misc":{"Est. reading time":"1 minute"},"schema":{"@context":"https:\/\/schema.org","@graph":[{"@type":"WebPage","@id":"https:\/\/fundacion-biodiversidad.es\/en\/actualidad_home\/the-president-of-the-government-inaugurates-the-debate-sessions-on-the-future-law-on-climate-change-and-energy-transition\/","url":"https:\/\/fundacion-biodiversidad.es\/en\/actualidad_home\/the-president-of-the-government-inaugurates-the-debate-sessions-on-the-future-law-on-climate-change-and-energy-transition\/","name":"The President of the Government inaugurates the debate sessions on the future Law on Climate Change and Energy Transition - Fundaci\u00f3n Biodiversidad","isPartOf":{"@id":"https:\/\/fundacion-biodiversidad.es\/en\/#website"},"primaryImageOfPage":{"@id":"https:\/\/fundacion-biodiversidad.es\/en\/actualidad_home\/the-president-of-the-government-inaugurates-the-debate-sessions-on-the-future-law-on-climate-change-and-energy-transition\/#primaryimage"},"image":{"@id":"https:\/\/fundacion-biodiversidad.es\/en\/actualidad_home\/the-president-of-the-government-inaugurates-the-debate-sessions-on-the-future-law-on-climate-change-and-energy-transition\/#primaryimage"},"thumbnailUrl":"https:\/\/fundacion-biodiversidad.es\/wp-content\/uploads\/2017\/05\/mariano-rajoy-en-lainauguracion-de-las-jornadas-espana-juntos-por-el-clima.jpg","datePublished":"2017-05-25T09:29:43+00:00","breadcrumb":{"@id":"https:\/\/fundacion-biodiversidad.es\/en\/actualidad_home\/the-president-of-the-government-inaugurates-the-debate-sessions-on-the-future-law-on-climate-change-and-energy-transition\/#breadcrumb"},"inLanguage":"en-US","potentialAction":[{"@type":"ReadAction","target":["https:\/\/fundacion-biodiversidad.es\/en\/actualidad_home\/the-president-of-the-government-inaugurates-the-debate-sessions-on-the-future-law-on-climate-change-and-energy-transition\/"]}]},{"@type":"ImageObject","inLanguage":"en-US","@id":"https:\/\/fundacion-biodiversidad.es\/en\/actualidad_home\/the-president-of-the-government-inaugurates-the-debate-sessions-on-the-future-law-on-climate-change-and-energy-transition\/#primaryimage","url":"https:\/\/fundacion-biodiversidad.es\/wp-content\/uploads\/2017\/05\/mariano-rajoy-en-lainauguracion-de-las-jornadas-espana-juntos-por-el-clima.jpg","contentUrl":"https:\/\/fundacion-biodiversidad.es\/wp-content\/uploads\/2017\/05\/mariano-rajoy-en-lainauguracion-de-las-jornadas-espana-juntos-por-el-clima.jpg","width":1024,"height":682},{"@type":"BreadcrumbList","@id":"https:\/\/fundacion-biodiversidad.es\/en\/actualidad_home\/the-president-of-the-government-inaugurates-the-debate-sessions-on-the-future-law-on-climate-change-and-energy-transition\/#breadcrumb","itemListElement":[{"@type":"ListItem","position":1,"name":"Portada","item":"https:\/\/fundacion-biodiversidad.es\/en\/inicio\/"},{"@type":"ListItem","position":2,"name":"Noticias de actualidad","item":"https:\/\/fundacion-biodiversidad.es\/en\/actualidad_home\/"},{"@type":"ListItem","position":3,"name":"The President of the Government inaugurates the debate sessions on the future Law on Climate Change and Energy Transition"}]},{"@type":"WebSite","@id":"https:\/\/fundacion-biodiversidad.es\/en\/#website","url":"https:\/\/fundacion-biodiversidad.es\/en\/","name":"Fundaci\u00f3n Biodiversidad","description":"Fundaci\u00f3n p\u00fablica adscrita al Ministerio para la Transici\u00f3n Ecol\u00f3gica","potentialAction":[{"@type":"SearchAction","target":{"@type":"EntryPoint","urlTemplate":"https:\/\/fundacion-biodiversidad.es\/en\/?s={search_term_string}"},"query-input":{"@type":"PropertyValueSpecification","valueRequired":true,"valueName":"search_term_string"}}],"inLanguage":"en-US"}]}},"_links":{"self":[{"href":"https:\/\/fundacion-biodiversidad.es\/en\/wp-json\/wp\/v2\/actualidad_home\/97858255","targetHints":{"allow":["GET"]}}],"collection":[{"href":"https:\/\/fundacion-biodiversidad.es\/en\/wp-json\/wp\/v2\/actualidad_home"}],"about":[{"href":"https:\/\/fundacion-biodiversidad.es\/en\/wp-json\/wp\/v2\/types\/actualidad_home"}],"author":[{"embeddable":true,"href":"https:\/\/fundacion-biodiversidad.es\/en\/wp-json\/wp\/v2\/users\/11"}],"wp:featuredmedia":[{"embeddable":true,"href":"https:\/\/fundacion-biodiversidad.es\/en\/wp-json\/wp\/v2\/media\/35827"}],"wp:attachment":[{"href":"https:\/\/fundacion-biodiversidad.es\/en\/wp-json\/wp\/v2\/media?parent=97858255"}],"wp:term":[{"taxonomy":"palabras_clave","embeddable":true,"href":"https:\/\/fundacion-biodiversidad.es\/en\/wp-json\/wp\/v2\/palabras_clave?post=97858255"}],"curies":[{"name":"wp","href":"https:\/\/api.w.org\/{rel}","templated":true}]}}