{"id":97858256,"date":"2017-05-22T10:44:12","date_gmt":"2017-05-22T08:44:12","guid":{"rendered":"https:\/\/fundacion-biodiversidad.es\/actualidad_home\/lab-impulsos-verdes-begins-a-social-innovation-program-to-create-green-teams\/"},"modified":"2017-05-22T10:44:12","modified_gmt":"2017-05-22T08:44:12","slug":"lab-impulsos-verdes-begins-a-social-innovation-program-to-create-green-teams","status":"publish","type":"actualidad_home","link":"https:\/\/fundacion-biodiversidad.es\/en\/actualidad_home\/lab-impulsos-verdes-begins-a-social-innovation-program-to-create-green-teams\/","title":{"rendered":"LAB Impulsos Verdes begins, a social innovation program to create green teams"},"content":{"rendered":"<p>Today, in Barcelona, the first edition of the <strong>#LabImpulsosVerdes Programme<\/strong> was launched, which was born from the<strong> collaboration between the Biodiversity Foundation of the Ministry of Agriculture and Fisheries, Food and the Environment, and Ecoembes,<\/strong> the non-profit organisation that cares for the environment through recycling and eco-design of packaging in Spain.<\/p>\n<p><strong>LAB Impulsos Verdes is a social innovation programme<\/strong> to promote collaborative working and learning groups for the creation of green and social companies in the field of prevention, reuse, recycling, eco-design or the circular economy. This programme is developed within the framework of the Red emprendeverde, the first platform specialising in green business aimed at entrepreneurs and investors, which<strong>is co-financed by the European Social Fund.<\/strong> <\/p>\n<p><strong>For 6 months, 18 unemployed people from all over Spain will participate in LAB Impulsos Verdes<\/strong>, which will combine training sessions and collective and individual accompaniment. In addition, they will have the support of consolidated companies. <\/p>\n<p>During the presentation day, the new programme was presented in detail by the entities that promote it and the team of mentors and experts who will guide the participants in this programme. The round table &#8220;The opportunities of green and social entrepreneurship&#8221; was also held, with the participation of four renowned entrepreneurs in the field of green and social entrepreneurship (Rafael Aparicio, CEO of &nbsp;<a href=\"http:\/\/www.biomival.com\/\" target=\"_blank\" rel=\"noopener\">Biomival<\/a> and founder of Biomimicry Iberia Association; Mireia Barba, director of&nbsp;<a href=\"http:\/\/www.espigoladors.cat\/es\/\" target=\"_blank\" rel=\"noopener\">Spigoladors<\/a>; Gast\u00f3n Villella, partner and director of innovation at&nbsp;<a href=\"http:\/\/www.zicla.com\/\" target=\"_blank\" rel=\"noopener\">Zicla<\/a>; and Jordi Mayals, founding partner of&nbsp;<a href=\"http:\/\/lestoc.com\/\" target=\"_blank\" rel=\"noopener\">L&#8217;estoc<\/a>).<\/p>\n","protected":false},"author":11,"featured_media":35826,"template":"","meta":{"_acf_changed":false},"palabras_clave":[],"class_list":["post-97858256","actualidad_home","type-actualidad_home","status-publish","has-post-thumbnail","hentry"],"acf":[],"yoast_head":"<!-- This site is optimized with the Yoast SEO plugin v26.9 - https:\/\/yoast.com\/product\/yoast-seo-wordpress\/ -->\n<title>LAB Impulsos Verdes begins, a social innovation program to create green teams - Fundaci\u00f3n Biodiversidad<\/title>\n<meta name=\"robots\" content=\"index, follow, max-snippet:-1, max-image-preview:large, max-video-preview:-1\" \/>\n<link rel=\"canonical\" href=\"https:\/\/fundacion-biodiversidad.es\/en\/actualidad_home\/lab-impulsos-verdes-begins-a-social-innovation-program-to-create-green-teams\/\" \/>\n<meta property=\"og:locale\" content=\"en_US\" \/>\n<meta property=\"og:type\" content=\"article\" \/>\n<meta property=\"og:title\" content=\"LAB Impulsos Verdes begins, a social innovation program to create green teams - Fundaci\u00f3n Biodiversidad\" \/>\n<meta property=\"og:description\" content=\"Today, in Barcelona, the first edition of the #LabImpulsosVerdes Programme was launched, which was born from the collaboration between the Biodiversity Foundation of the Ministry [&hellip;]\" \/>\n<meta property=\"og:url\" content=\"https:\/\/fundacion-biodiversidad.es\/en\/actualidad_home\/lab-impulsos-verdes-begins-a-social-innovation-program-to-create-green-teams\/\" \/>\n<meta property=\"og:site_name\" content=\"Fundaci\u00f3n Biodiversidad\" \/>\n<meta property=\"og:image\" content=\"https:\/\/fundacion-biodiversidad.es\/wp-content\/uploads\/2023\/01\/2487661294_35330241_720x405.png\" \/>\n\t<meta property=\"og:image:width\" content=\"720\" \/>\n\t<meta property=\"og:image:height\" content=\"405\" \/>\n\t<meta property=\"og:image:type\" content=\"image\/png\" \/>\n<meta name=\"twitter:card\" content=\"summary_large_image\" \/>\n<meta name=\"twitter:label1\" content=\"Est. reading time\" \/>\n\t<meta name=\"twitter:data1\" content=\"1 minute\" \/>\n<script type=\"application\/ld+json\" class=\"yoast-schema-graph\">{\"@context\":\"https:\/\/schema.org\",\"@graph\":[{\"@type\":\"WebPage\",\"@id\":\"https:\/\/fundacion-biodiversidad.es\/en\/actualidad_home\/lab-impulsos-verdes-begins-a-social-innovation-program-to-create-green-teams\/\",\"url\":\"https:\/\/fundacion-biodiversidad.es\/en\/actualidad_home\/lab-impulsos-verdes-begins-a-social-innovation-program-to-create-green-teams\/\",\"name\":\"LAB Impulsos Verdes begins, a social innovation program to create green teams - Fundaci\u00f3n Biodiversidad\",\"isPartOf\":{\"@id\":\"https:\/\/fundacion-biodiversidad.es\/en\/#website\"},\"primaryImageOfPage\":{\"@id\":\"https:\/\/fundacion-biodiversidad.es\/en\/actualidad_home\/lab-impulsos-verdes-begins-a-social-innovation-program-to-create-green-teams\/#primaryimage\"},\"image\":{\"@id\":\"https:\/\/fundacion-biodiversidad.es\/en\/actualidad_home\/lab-impulsos-verdes-begins-a-social-innovation-program-to-create-green-teams\/#primaryimage\"},\"thumbnailUrl\":\"https:\/\/fundacion-biodiversidad.es\/wp-content\/uploads\/2017\/05\/lab_bcn_0.jpg\",\"datePublished\":\"2017-05-22T08:44:12+00:00\",\"breadcrumb\":{\"@id\":\"https:\/\/fundacion-biodiversidad.es\/en\/actualidad_home\/lab-impulsos-verdes-begins-a-social-innovation-program-to-create-green-teams\/#breadcrumb\"},\"inLanguage\":\"en-US\",\"potentialAction\":[{\"@type\":\"ReadAction\",\"target\":[\"https:\/\/fundacion-biodiversidad.es\/en\/actualidad_home\/lab-impulsos-verdes-begins-a-social-innovation-program-to-create-green-teams\/\"]}]},{\"@type\":\"ImageObject\",\"inLanguage\":\"en-US\",\"@id\":\"https:\/\/fundacion-biodiversidad.es\/en\/actualidad_home\/lab-impulsos-verdes-begins-a-social-innovation-program-to-create-green-teams\/#primaryimage\",\"url\":\"https:\/\/fundacion-biodiversidad.es\/wp-content\/uploads\/2017\/05\/lab_bcn_0.jpg\",\"contentUrl\":\"https:\/\/fundacion-biodiversidad.es\/wp-content\/uploads\/2017\/05\/lab_bcn_0.jpg\",\"width\":747,\"height\":340},{\"@type\":\"BreadcrumbList\",\"@id\":\"https:\/\/fundacion-biodiversidad.es\/en\/actualidad_home\/lab-impulsos-verdes-begins-a-social-innovation-program-to-create-green-teams\/#breadcrumb\",\"itemListElement\":[{\"@type\":\"ListItem\",\"position\":1,\"name\":\"Portada\",\"item\":\"https:\/\/fundacion-biodiversidad.es\/en\/inicio\/\"},{\"@type\":\"ListItem\",\"position\":2,\"name\":\"Noticias de actualidad\",\"item\":\"https:\/\/fundacion-biodiversidad.es\/en\/actualidad_home\/\"},{\"@type\":\"ListItem\",\"position\":3,\"name\":\"LAB Impulsos Verdes begins, a social innovation program to create green teams\"}]},{\"@type\":\"WebSite\",\"@id\":\"https:\/\/fundacion-biodiversidad.es\/en\/#website\",\"url\":\"https:\/\/fundacion-biodiversidad.es\/en\/\",\"name\":\"Fundaci\u00f3n Biodiversidad\",\"description\":\"Fundaci\u00f3n p\u00fablica adscrita al Ministerio para la Transici\u00f3n Ecol\u00f3gica\",\"potentialAction\":[{\"@type\":\"SearchAction\",\"target\":{\"@type\":\"EntryPoint\",\"urlTemplate\":\"https:\/\/fundacion-biodiversidad.es\/en\/?s={search_term_string}\"},\"query-input\":{\"@type\":\"PropertyValueSpecification\",\"valueRequired\":true,\"valueName\":\"search_term_string\"}}],\"inLanguage\":\"en-US\"}]}<\/script>\n<!-- \/ Yoast SEO plugin. -->","yoast_head_json":{"title":"LAB Impulsos Verdes begins, a social innovation program to create green teams - Fundaci\u00f3n Biodiversidad","robots":{"index":"index","follow":"follow","max-snippet":"max-snippet:-1","max-image-preview":"max-image-preview:large","max-video-preview":"max-video-preview:-1"},"canonical":"https:\/\/fundacion-biodiversidad.es\/en\/actualidad_home\/lab-impulsos-verdes-begins-a-social-innovation-program-to-create-green-teams\/","og_locale":"en_US","og_type":"article","og_title":"LAB Impulsos Verdes begins, a social innovation program to create green teams - Fundaci\u00f3n Biodiversidad","og_description":"Today, in Barcelona, the first edition of the #LabImpulsosVerdes Programme was launched, which was born from the collaboration between the Biodiversity Foundation of the Ministry [&hellip;]","og_url":"https:\/\/fundacion-biodiversidad.es\/en\/actualidad_home\/lab-impulsos-verdes-begins-a-social-innovation-program-to-create-green-teams\/","og_site_name":"Fundaci\u00f3n Biodiversidad","og_image":[{"width":720,"height":405,"url":"https:\/\/fundacion-biodiversidad.es\/wp-content\/uploads\/2023\/01\/2487661294_35330241_720x405.png","type":"image\/png"}],"twitter_card":"summary_large_image","twitter_misc":{"Est. reading time":"1 minute"},"schema":{"@context":"https:\/\/schema.org","@graph":[{"@type":"WebPage","@id":"https:\/\/fundacion-biodiversidad.es\/en\/actualidad_home\/lab-impulsos-verdes-begins-a-social-innovation-program-to-create-green-teams\/","url":"https:\/\/fundacion-biodiversidad.es\/en\/actualidad_home\/lab-impulsos-verdes-begins-a-social-innovation-program-to-create-green-teams\/","name":"LAB Impulsos Verdes begins, a social innovation program to create green teams - Fundaci\u00f3n Biodiversidad","isPartOf":{"@id":"https:\/\/fundacion-biodiversidad.es\/en\/#website"},"primaryImageOfPage":{"@id":"https:\/\/fundacion-biodiversidad.es\/en\/actualidad_home\/lab-impulsos-verdes-begins-a-social-innovation-program-to-create-green-teams\/#primaryimage"},"image":{"@id":"https:\/\/fundacion-biodiversidad.es\/en\/actualidad_home\/lab-impulsos-verdes-begins-a-social-innovation-program-to-create-green-teams\/#primaryimage"},"thumbnailUrl":"https:\/\/fundacion-biodiversidad.es\/wp-content\/uploads\/2017\/05\/lab_bcn_0.jpg","datePublished":"2017-05-22T08:44:12+00:00","breadcrumb":{"@id":"https:\/\/fundacion-biodiversidad.es\/en\/actualidad_home\/lab-impulsos-verdes-begins-a-social-innovation-program-to-create-green-teams\/#breadcrumb"},"inLanguage":"en-US","potentialAction":[{"@type":"ReadAction","target":["https:\/\/fundacion-biodiversidad.es\/en\/actualidad_home\/lab-impulsos-verdes-begins-a-social-innovation-program-to-create-green-teams\/"]}]},{"@type":"ImageObject","inLanguage":"en-US","@id":"https:\/\/fundacion-biodiversidad.es\/en\/actualidad_home\/lab-impulsos-verdes-begins-a-social-innovation-program-to-create-green-teams\/#primaryimage","url":"https:\/\/fundacion-biodiversidad.es\/wp-content\/uploads\/2017\/05\/lab_bcn_0.jpg","contentUrl":"https:\/\/fundacion-biodiversidad.es\/wp-content\/uploads\/2017\/05\/lab_bcn_0.jpg","width":747,"height":340},{"@type":"BreadcrumbList","@id":"https:\/\/fundacion-biodiversidad.es\/en\/actualidad_home\/lab-impulsos-verdes-begins-a-social-innovation-program-to-create-green-teams\/#breadcrumb","itemListElement":[{"@type":"ListItem","position":1,"name":"Portada","item":"https:\/\/fundacion-biodiversidad.es\/en\/inicio\/"},{"@type":"ListItem","position":2,"name":"Noticias de actualidad","item":"https:\/\/fundacion-biodiversidad.es\/en\/actualidad_home\/"},{"@type":"ListItem","position":3,"name":"LAB Impulsos Verdes begins, a social innovation program to create green teams"}]},{"@type":"WebSite","@id":"https:\/\/fundacion-biodiversidad.es\/en\/#website","url":"https:\/\/fundacion-biodiversidad.es\/en\/","name":"Fundaci\u00f3n Biodiversidad","description":"Fundaci\u00f3n p\u00fablica adscrita al Ministerio para la Transici\u00f3n Ecol\u00f3gica","potentialAction":[{"@type":"SearchAction","target":{"@type":"EntryPoint","urlTemplate":"https:\/\/fundacion-biodiversidad.es\/en\/?s={search_term_string}"},"query-input":{"@type":"PropertyValueSpecification","valueRequired":true,"valueName":"search_term_string"}}],"inLanguage":"en-US"}]}},"_links":{"self":[{"href":"https:\/\/fundacion-biodiversidad.es\/en\/wp-json\/wp\/v2\/actualidad_home\/97858256","targetHints":{"allow":["GET"]}}],"collection":[{"href":"https:\/\/fundacion-biodiversidad.es\/en\/wp-json\/wp\/v2\/actualidad_home"}],"about":[{"href":"https:\/\/fundacion-biodiversidad.es\/en\/wp-json\/wp\/v2\/types\/actualidad_home"}],"author":[{"embeddable":true,"href":"https:\/\/fundacion-biodiversidad.es\/en\/wp-json\/wp\/v2\/users\/11"}],"wp:featuredmedia":[{"embeddable":true,"href":"https:\/\/fundacion-biodiversidad.es\/en\/wp-json\/wp\/v2\/media\/35826"}],"wp:attachment":[{"href":"https:\/\/fundacion-biodiversidad.es\/en\/wp-json\/wp\/v2\/media?parent=97858256"}],"wp:term":[{"taxonomy":"palabras_clave","embeddable":true,"href":"https:\/\/fundacion-biodiversidad.es\/en\/wp-json\/wp\/v2\/palabras_clave?post=97858256"}],"curies":[{"name":"wp","href":"https:\/\/api.w.org\/{rel}","templated":true}]}}