{"id":97858262,"date":"2017-05-10T11:41:19","date_gmt":"2017-05-10T09:41:19","guid":{"rendered":"https:\/\/fundacion-biodiversidad.es\/actualidad_home\/the-european-commission-visits-the-life-desmania-proceedings\/"},"modified":"2017-05-10T11:41:19","modified_gmt":"2017-05-10T09:41:19","slug":"the-european-commission-visits-the-life-desmania-proceedings","status":"publish","type":"actualidad_home","link":"https:\/\/fundacion-biodiversidad.es\/en\/actualidad_home\/the-european-commission-visits-the-life-desmania-proceedings\/","title":{"rendered":"The European Commission visits the LIFE+ Desmania proceedings"},"content":{"rendered":"<p>From 8 to 10 May, the European Commission visited the areas of action of the LIFE+ Desmania project, coordinated by the Biodiversity Foundation.<br \/>\n<!--more--><\/p>\n<p>From 8 to 10 May, <strong>the European Commission visited the areas of action of the <a href=\"http:\/\/www.lifedesman.es\/es\" target=\"_blank\" rel=\"noopener\">LIFE+ Desmania<\/a> project<\/strong>, coordinated by the Biodiversity Foundation of the Ministry of Agriculture and Fisheries, Food and the Environment. The visit was also attended by representatives of other institutions that are part of the project, such as the Junta de Castilla y Le\u00f3n, the Natural Heritage Foundation of Castilla y Le\u00f3n and CESEFOR. The objective of this trip has been to visit the different works carried out, already completed, and executed within the framework of the project during the years 2015, 2016 and 2017, and thus evaluate the progress in its execution.  &nbsp;  In addition, two meetings have been held, one of a technical nature and the other administrative, to discuss matters of operation of the project.<\/p>\n<p>During the first of the days, <strong>different works were visited<\/strong> in the region of Sanabria (Zamora), on the Trefacio and Truchas rivers, such as the reconstruction of three semi-submerged dams, the partial restoration of a dam in an irrigation canal and the removal of wood remains and other materials that blocked the river, all in order to improve the longitudinal connectivity of the habitat of the Iberian desman and facilitate its mobility throughout the river. length of the riverbed.<\/p>\n<p>On Tuesday, May 9, <strong>various actions were visited<\/strong> in the province of Le\u00f3n, such as a <strong>cutting of alders<\/strong> (<em>Alnus glutinosa<\/em>) in the Selmo River (in the SAC Riberas del R\u00edo Sil and tributaries) infected by <em>Phytophthora alni<\/em>, a fungus that has effects on riverside vegetation, which indirectly means a decrease in the trophic quality and refuge of the habitat for desman. Subsequently, the team has moved to the SACs Monta\u00f1a Central de Le\u00f3n and Hoces de Vegacervera to visit actions on the River Tor\u00edo, such as the construction of small dikes, the restoration of a waste dump, the <strong>removal of rubbish in the riverbed<\/strong> and the development of silvicultural treatments, all with the aim of improving the riverside habitat.  reduce non-natural threats to desman and reduce threats in priority habitats. <\/p>\n<p>The third and last day of the visit has been dedicated to seeing different works in the SAC Picos de Europa in Castilla y Le\u00f3n, such as the cuttinging of different points of the course of the Mara\u00f1a, Esla, Lechada, Valponguero and Yuso rivers with seedlings of the <em>Salix <\/em>genus, and garbage removal actions, all to improve the river and riverside habitat of this species.  as well as the site of the Portilla de la Reina dam, which will be demolished throughout this summer.<\/p>\n<p>&nbsp;<\/p>\n","protected":false},"author":11,"featured_media":35822,"template":"","meta":{"_acf_changed":false},"palabras_clave":[],"class_list":["post-97858262","actualidad_home","type-actualidad_home","status-publish","has-post-thumbnail","hentry"],"acf":[],"yoast_head":"<!-- This site is optimized with the Yoast SEO plugin v26.9 - https:\/\/yoast.com\/product\/yoast-seo-wordpress\/ -->\n<title>The European Commission visits the LIFE+ Desmania proceedings - Fundaci\u00f3n Biodiversidad<\/title>\n<meta name=\"robots\" content=\"index, follow, max-snippet:-1, max-image-preview:large, max-video-preview:-1\" \/>\n<link rel=\"canonical\" href=\"https:\/\/fundacion-biodiversidad.es\/en\/actualidad_home\/the-european-commission-visits-the-life-desmania-proceedings\/\" \/>\n<meta property=\"og:locale\" content=\"en_US\" \/>\n<meta property=\"og:type\" content=\"article\" \/>\n<meta property=\"og:title\" content=\"The European Commission visits the LIFE+ Desmania proceedings - Fundaci\u00f3n Biodiversidad\" \/>\n<meta property=\"og:description\" content=\"From 8 to 10 May, the European Commission visited the areas of action of the LIFE+ Desmania project, coordinated by the Biodiversity Foundation.\" \/>\n<meta property=\"og:url\" content=\"https:\/\/fundacion-biodiversidad.es\/en\/actualidad_home\/the-european-commission-visits-the-life-desmania-proceedings\/\" \/>\n<meta property=\"og:site_name\" content=\"Fundaci\u00f3n Biodiversidad\" \/>\n<meta property=\"og:image\" content=\"https:\/\/fundacion-biodiversidad.es\/wp-content\/uploads\/2023\/01\/2487661294_35330241_720x405.png\" \/>\n\t<meta property=\"og:image:width\" content=\"720\" \/>\n\t<meta property=\"og:image:height\" content=\"405\" \/>\n\t<meta property=\"og:image:type\" content=\"image\/png\" \/>\n<meta name=\"twitter:card\" content=\"summary_large_image\" \/>\n<meta name=\"twitter:label1\" content=\"Est. reading time\" \/>\n\t<meta name=\"twitter:data1\" content=\"2 minutes\" \/>\n<script type=\"application\/ld+json\" class=\"yoast-schema-graph\">{\"@context\":\"https:\/\/schema.org\",\"@graph\":[{\"@type\":\"WebPage\",\"@id\":\"https:\/\/fundacion-biodiversidad.es\/en\/actualidad_home\/the-european-commission-visits-the-life-desmania-proceedings\/\",\"url\":\"https:\/\/fundacion-biodiversidad.es\/en\/actualidad_home\/the-european-commission-visits-the-life-desmania-proceedings\/\",\"name\":\"The European Commission visits the LIFE+ Desmania proceedings - Fundaci\u00f3n Biodiversidad\",\"isPartOf\":{\"@id\":\"https:\/\/fundacion-biodiversidad.es\/en\/#website\"},\"primaryImageOfPage\":{\"@id\":\"https:\/\/fundacion-biodiversidad.es\/en\/actualidad_home\/the-european-commission-visits-the-life-desmania-proceedings\/#primaryimage\"},\"image\":{\"@id\":\"https:\/\/fundacion-biodiversidad.es\/en\/actualidad_home\/the-european-commission-visits-the-life-desmania-proceedings\/#primaryimage\"},\"thumbnailUrl\":\"https:\/\/fundacion-biodiversidad.es\/wp-content\/uploads\/2017\/05\/visita-lifedesmania.jpg\",\"datePublished\":\"2017-05-10T09:41:19+00:00\",\"breadcrumb\":{\"@id\":\"https:\/\/fundacion-biodiversidad.es\/en\/actualidad_home\/the-european-commission-visits-the-life-desmania-proceedings\/#breadcrumb\"},\"inLanguage\":\"en-US\",\"potentialAction\":[{\"@type\":\"ReadAction\",\"target\":[\"https:\/\/fundacion-biodiversidad.es\/en\/actualidad_home\/the-european-commission-visits-the-life-desmania-proceedings\/\"]}]},{\"@type\":\"ImageObject\",\"inLanguage\":\"en-US\",\"@id\":\"https:\/\/fundacion-biodiversidad.es\/en\/actualidad_home\/the-european-commission-visits-the-life-desmania-proceedings\/#primaryimage\",\"url\":\"https:\/\/fundacion-biodiversidad.es\/wp-content\/uploads\/2017\/05\/visita-lifedesmania.jpg\",\"contentUrl\":\"https:\/\/fundacion-biodiversidad.es\/wp-content\/uploads\/2017\/05\/visita-lifedesmania.jpg\",\"width\":747,\"height\":340},{\"@type\":\"BreadcrumbList\",\"@id\":\"https:\/\/fundacion-biodiversidad.es\/en\/actualidad_home\/the-european-commission-visits-the-life-desmania-proceedings\/#breadcrumb\",\"itemListElement\":[{\"@type\":\"ListItem\",\"position\":1,\"name\":\"Portada\",\"item\":\"https:\/\/fundacion-biodiversidad.es\/en\/inicio\/\"},{\"@type\":\"ListItem\",\"position\":2,\"name\":\"Noticias de actualidad\",\"item\":\"https:\/\/fundacion-biodiversidad.es\/en\/actualidad_home\/\"},{\"@type\":\"ListItem\",\"position\":3,\"name\":\"The European Commission visits the LIFE+ Desmania proceedings\"}]},{\"@type\":\"WebSite\",\"@id\":\"https:\/\/fundacion-biodiversidad.es\/en\/#website\",\"url\":\"https:\/\/fundacion-biodiversidad.es\/en\/\",\"name\":\"Fundaci\u00f3n Biodiversidad\",\"description\":\"Fundaci\u00f3n p\u00fablica adscrita al Ministerio para la Transici\u00f3n Ecol\u00f3gica\",\"potentialAction\":[{\"@type\":\"SearchAction\",\"target\":{\"@type\":\"EntryPoint\",\"urlTemplate\":\"https:\/\/fundacion-biodiversidad.es\/en\/?s={search_term_string}\"},\"query-input\":{\"@type\":\"PropertyValueSpecification\",\"valueRequired\":true,\"valueName\":\"search_term_string\"}}],\"inLanguage\":\"en-US\"}]}<\/script>\n<!-- \/ Yoast SEO plugin. -->","yoast_head_json":{"title":"The European Commission visits the LIFE+ Desmania proceedings - Fundaci\u00f3n Biodiversidad","robots":{"index":"index","follow":"follow","max-snippet":"max-snippet:-1","max-image-preview":"max-image-preview:large","max-video-preview":"max-video-preview:-1"},"canonical":"https:\/\/fundacion-biodiversidad.es\/en\/actualidad_home\/the-european-commission-visits-the-life-desmania-proceedings\/","og_locale":"en_US","og_type":"article","og_title":"The European Commission visits the LIFE+ Desmania proceedings - Fundaci\u00f3n Biodiversidad","og_description":"From 8 to 10 May, the European Commission visited the areas of action of the LIFE+ Desmania project, coordinated by the Biodiversity Foundation.","og_url":"https:\/\/fundacion-biodiversidad.es\/en\/actualidad_home\/the-european-commission-visits-the-life-desmania-proceedings\/","og_site_name":"Fundaci\u00f3n Biodiversidad","og_image":[{"width":720,"height":405,"url":"https:\/\/fundacion-biodiversidad.es\/wp-content\/uploads\/2023\/01\/2487661294_35330241_720x405.png","type":"image\/png"}],"twitter_card":"summary_large_image","twitter_misc":{"Est. reading time":"2 minutes"},"schema":{"@context":"https:\/\/schema.org","@graph":[{"@type":"WebPage","@id":"https:\/\/fundacion-biodiversidad.es\/en\/actualidad_home\/the-european-commission-visits-the-life-desmania-proceedings\/","url":"https:\/\/fundacion-biodiversidad.es\/en\/actualidad_home\/the-european-commission-visits-the-life-desmania-proceedings\/","name":"The European Commission visits the LIFE+ Desmania proceedings - Fundaci\u00f3n Biodiversidad","isPartOf":{"@id":"https:\/\/fundacion-biodiversidad.es\/en\/#website"},"primaryImageOfPage":{"@id":"https:\/\/fundacion-biodiversidad.es\/en\/actualidad_home\/the-european-commission-visits-the-life-desmania-proceedings\/#primaryimage"},"image":{"@id":"https:\/\/fundacion-biodiversidad.es\/en\/actualidad_home\/the-european-commission-visits-the-life-desmania-proceedings\/#primaryimage"},"thumbnailUrl":"https:\/\/fundacion-biodiversidad.es\/wp-content\/uploads\/2017\/05\/visita-lifedesmania.jpg","datePublished":"2017-05-10T09:41:19+00:00","breadcrumb":{"@id":"https:\/\/fundacion-biodiversidad.es\/en\/actualidad_home\/the-european-commission-visits-the-life-desmania-proceedings\/#breadcrumb"},"inLanguage":"en-US","potentialAction":[{"@type":"ReadAction","target":["https:\/\/fundacion-biodiversidad.es\/en\/actualidad_home\/the-european-commission-visits-the-life-desmania-proceedings\/"]}]},{"@type":"ImageObject","inLanguage":"en-US","@id":"https:\/\/fundacion-biodiversidad.es\/en\/actualidad_home\/the-european-commission-visits-the-life-desmania-proceedings\/#primaryimage","url":"https:\/\/fundacion-biodiversidad.es\/wp-content\/uploads\/2017\/05\/visita-lifedesmania.jpg","contentUrl":"https:\/\/fundacion-biodiversidad.es\/wp-content\/uploads\/2017\/05\/visita-lifedesmania.jpg","width":747,"height":340},{"@type":"BreadcrumbList","@id":"https:\/\/fundacion-biodiversidad.es\/en\/actualidad_home\/the-european-commission-visits-the-life-desmania-proceedings\/#breadcrumb","itemListElement":[{"@type":"ListItem","position":1,"name":"Portada","item":"https:\/\/fundacion-biodiversidad.es\/en\/inicio\/"},{"@type":"ListItem","position":2,"name":"Noticias de actualidad","item":"https:\/\/fundacion-biodiversidad.es\/en\/actualidad_home\/"},{"@type":"ListItem","position":3,"name":"The European Commission visits the LIFE+ Desmania proceedings"}]},{"@type":"WebSite","@id":"https:\/\/fundacion-biodiversidad.es\/en\/#website","url":"https:\/\/fundacion-biodiversidad.es\/en\/","name":"Fundaci\u00f3n Biodiversidad","description":"Fundaci\u00f3n p\u00fablica adscrita al Ministerio para la Transici\u00f3n Ecol\u00f3gica","potentialAction":[{"@type":"SearchAction","target":{"@type":"EntryPoint","urlTemplate":"https:\/\/fundacion-biodiversidad.es\/en\/?s={search_term_string}"},"query-input":{"@type":"PropertyValueSpecification","valueRequired":true,"valueName":"search_term_string"}}],"inLanguage":"en-US"}]}},"_links":{"self":[{"href":"https:\/\/fundacion-biodiversidad.es\/en\/wp-json\/wp\/v2\/actualidad_home\/97858262","targetHints":{"allow":["GET"]}}],"collection":[{"href":"https:\/\/fundacion-biodiversidad.es\/en\/wp-json\/wp\/v2\/actualidad_home"}],"about":[{"href":"https:\/\/fundacion-biodiversidad.es\/en\/wp-json\/wp\/v2\/types\/actualidad_home"}],"author":[{"embeddable":true,"href":"https:\/\/fundacion-biodiversidad.es\/en\/wp-json\/wp\/v2\/users\/11"}],"wp:featuredmedia":[{"embeddable":true,"href":"https:\/\/fundacion-biodiversidad.es\/en\/wp-json\/wp\/v2\/media\/35822"}],"wp:attachment":[{"href":"https:\/\/fundacion-biodiversidad.es\/en\/wp-json\/wp\/v2\/media?parent=97858262"}],"wp:term":[{"taxonomy":"palabras_clave","embeddable":true,"href":"https:\/\/fundacion-biodiversidad.es\/en\/wp-json\/wp\/v2\/palabras_clave?post=97858262"}],"curies":[{"name":"wp","href":"https:\/\/api.w.org\/{rel}","templated":true}]}}