{"id":97858263,"date":"2017-05-29T10:56:11","date_gmt":"2017-05-29T08:56:11","guid":{"rendered":"https:\/\/fundacion-biodiversidad.es\/actualidad_home\/the-first-scientific-committee-of-the-life-ip-intemares-project-was-held\/"},"modified":"2017-05-29T10:56:11","modified_gmt":"2017-05-29T08:56:11","slug":"the-first-scientific-committee-of-the-life-ip-intemares-project-was-held","status":"publish","type":"actualidad_home","link":"https:\/\/fundacion-biodiversidad.es\/en\/actualidad_home\/the-first-scientific-committee-of-the-life-ip-intemares-project-was-held\/","title":{"rendered":"The first Scientific Committee of the LIFE IP INTEMARES project was held"},"content":{"rendered":"<p>The Ministry of Agriculture and Fisheries, Food and the Environment today hosted the first Scientific Committee of the L<strong>IFE IP INTEMARES project, the largest marine environment conservation project in Spain<\/strong>, coordinated by the Ministry through the Biodiversity Foundation, for the <strong>effective management of an entire network of marine protected areas<\/strong>.<\/p>\n<p>The Ministry&#8217;s Director General of Coastal and Sea Sustainability, Raquel Orts, inaugurated this committee, which was attended by representatives of the General Secretariat for Fisheries, as well as leading scientists and experts from more than twenty research centres, universities, conservation organisations, associations and companies linked to the marine environment.&nbsp;&nbsp;<\/p>\n<p>In the field of research and conservation, the LIFE IP INTEMARES has the challenge, in the next eight years, of improving the knowledge of the <strong>Natura 2000 Network in the marine environment<\/strong>, its species and habitats in order to manage these spaces in an effective and participatory way.&nbsp;&nbsp;<\/p>\n<p>To this end, oceanographic campaigns will be carried out in marine areas not studied in order to improve the connectivity and representativeness of the Natura 2000 Network. It is also &nbsp;&nbsp;They will study in a complementary way those areas already declared and in which it is essential to have more information to draw up coherent management plans. In addition, the creation of 9 new spaces will be proposed. <\/p>\n<p><strong>Innovation is one of the main axes of the project<\/strong> and, in this line, the use of new observation, data analysis and information management technologies will be explored to contribute to an efficient monitoring and surveillance of the Natura 2000 Network in the marine environment.<\/p>\n<p>The society will also participate in improving knowledge of the marine environment. With the <strong>citizen science <\/strong>programme, a scientific research network will be created made up of citizens, scientists and professionals to provide and validate data referring to this Natura 2000 Network of habitats, species and impacts. <\/p>\n<p>These actions have been addressed in this first meeting of the Scientific Committee, an advisory and consultative body that aims to provide scientific, environmental and technical criteria for decision-making on the actions of the project.<\/p>\n","protected":false},"author":11,"featured_media":35828,"template":"","meta":{"_acf_changed":false},"palabras_clave":[],"class_list":["post-97858263","actualidad_home","type-actualidad_home","status-publish","has-post-thumbnail","hentry"],"acf":[],"yoast_head":"<!-- This site is optimized with the Yoast SEO plugin v26.9 - https:\/\/yoast.com\/product\/yoast-seo-wordpress\/ -->\n<title>The first Scientific Committee of the LIFE IP INTEMARES project was held - Fundaci\u00f3n Biodiversidad<\/title>\n<meta name=\"robots\" content=\"index, follow, max-snippet:-1, max-image-preview:large, max-video-preview:-1\" \/>\n<link rel=\"canonical\" href=\"https:\/\/fundacion-biodiversidad.es\/en\/actualidad_home\/the-first-scientific-committee-of-the-life-ip-intemares-project-was-held\/\" \/>\n<meta property=\"og:locale\" content=\"en_US\" \/>\n<meta property=\"og:type\" content=\"article\" \/>\n<meta property=\"og:title\" content=\"The first Scientific Committee of the LIFE IP INTEMARES project was held - Fundaci\u00f3n Biodiversidad\" \/>\n<meta property=\"og:description\" content=\"The Ministry of Agriculture and Fisheries, Food and the Environment today hosted the first Scientific Committee of the LIFE IP INTEMARES project, the largest marine [&hellip;]\" \/>\n<meta property=\"og:url\" content=\"https:\/\/fundacion-biodiversidad.es\/en\/actualidad_home\/the-first-scientific-committee-of-the-life-ip-intemares-project-was-held\/\" \/>\n<meta property=\"og:site_name\" content=\"Fundaci\u00f3n Biodiversidad\" \/>\n<meta property=\"og:image\" content=\"https:\/\/fundacion-biodiversidad.es\/wp-content\/uploads\/2023\/01\/2487661294_35330241_720x405.png\" \/>\n\t<meta property=\"og:image:width\" content=\"720\" \/>\n\t<meta property=\"og:image:height\" content=\"405\" \/>\n\t<meta property=\"og:image:type\" content=\"image\/png\" \/>\n<meta name=\"twitter:card\" content=\"summary_large_image\" \/>\n<meta name=\"twitter:label1\" content=\"Est. reading time\" \/>\n\t<meta name=\"twitter:data1\" content=\"2 minutes\" \/>\n<script type=\"application\/ld+json\" class=\"yoast-schema-graph\">{\"@context\":\"https:\/\/schema.org\",\"@graph\":[{\"@type\":\"WebPage\",\"@id\":\"https:\/\/fundacion-biodiversidad.es\/en\/actualidad_home\/the-first-scientific-committee-of-the-life-ip-intemares-project-was-held\/\",\"url\":\"https:\/\/fundacion-biodiversidad.es\/en\/actualidad_home\/the-first-scientific-committee-of-the-life-ip-intemares-project-was-held\/\",\"name\":\"The first Scientific Committee of the LIFE IP INTEMARES project was held - Fundaci\u00f3n Biodiversidad\",\"isPartOf\":{\"@id\":\"https:\/\/fundacion-biodiversidad.es\/en\/#website\"},\"primaryImageOfPage\":{\"@id\":\"https:\/\/fundacion-biodiversidad.es\/en\/actualidad_home\/the-first-scientific-committee-of-the-life-ip-intemares-project-was-held\/#primaryimage\"},\"image\":{\"@id\":\"https:\/\/fundacion-biodiversidad.es\/en\/actualidad_home\/the-first-scientific-committee-of-the-life-ip-intemares-project-was-held\/#primaryimage\"},\"thumbnailUrl\":\"https:\/\/fundacion-biodiversidad.es\/wp-content\/uploads\/2017\/05\/29052017_raquel-orts-cc-intemares-scaled.jpg\",\"datePublished\":\"2017-05-29T08:56:11+00:00\",\"breadcrumb\":{\"@id\":\"https:\/\/fundacion-biodiversidad.es\/en\/actualidad_home\/the-first-scientific-committee-of-the-life-ip-intemares-project-was-held\/#breadcrumb\"},\"inLanguage\":\"en-US\",\"potentialAction\":[{\"@type\":\"ReadAction\",\"target\":[\"https:\/\/fundacion-biodiversidad.es\/en\/actualidad_home\/the-first-scientific-committee-of-the-life-ip-intemares-project-was-held\/\"]}]},{\"@type\":\"ImageObject\",\"inLanguage\":\"en-US\",\"@id\":\"https:\/\/fundacion-biodiversidad.es\/en\/actualidad_home\/the-first-scientific-committee-of-the-life-ip-intemares-project-was-held\/#primaryimage\",\"url\":\"https:\/\/fundacion-biodiversidad.es\/wp-content\/uploads\/2017\/05\/29052017_raquel-orts-cc-intemares-scaled.jpg\",\"contentUrl\":\"https:\/\/fundacion-biodiversidad.es\/wp-content\/uploads\/2017\/05\/29052017_raquel-orts-cc-intemares-scaled.jpg\",\"width\":2560,\"height\":1845},{\"@type\":\"BreadcrumbList\",\"@id\":\"https:\/\/fundacion-biodiversidad.es\/en\/actualidad_home\/the-first-scientific-committee-of-the-life-ip-intemares-project-was-held\/#breadcrumb\",\"itemListElement\":[{\"@type\":\"ListItem\",\"position\":1,\"name\":\"Portada\",\"item\":\"https:\/\/fundacion-biodiversidad.es\/en\/inicio\/\"},{\"@type\":\"ListItem\",\"position\":2,\"name\":\"Noticias de actualidad\",\"item\":\"https:\/\/fundacion-biodiversidad.es\/en\/actualidad_home\/\"},{\"@type\":\"ListItem\",\"position\":3,\"name\":\"The first Scientific Committee of the LIFE IP INTEMARES project was held\"}]},{\"@type\":\"WebSite\",\"@id\":\"https:\/\/fundacion-biodiversidad.es\/en\/#website\",\"url\":\"https:\/\/fundacion-biodiversidad.es\/en\/\",\"name\":\"Fundaci\u00f3n Biodiversidad\",\"description\":\"Fundaci\u00f3n p\u00fablica adscrita al Ministerio para la Transici\u00f3n Ecol\u00f3gica\",\"potentialAction\":[{\"@type\":\"SearchAction\",\"target\":{\"@type\":\"EntryPoint\",\"urlTemplate\":\"https:\/\/fundacion-biodiversidad.es\/en\/?s={search_term_string}\"},\"query-input\":{\"@type\":\"PropertyValueSpecification\",\"valueRequired\":true,\"valueName\":\"search_term_string\"}}],\"inLanguage\":\"en-US\"}]}<\/script>\n<!-- \/ Yoast SEO plugin. -->","yoast_head_json":{"title":"The first Scientific Committee of the LIFE IP INTEMARES project was held - Fundaci\u00f3n Biodiversidad","robots":{"index":"index","follow":"follow","max-snippet":"max-snippet:-1","max-image-preview":"max-image-preview:large","max-video-preview":"max-video-preview:-1"},"canonical":"https:\/\/fundacion-biodiversidad.es\/en\/actualidad_home\/the-first-scientific-committee-of-the-life-ip-intemares-project-was-held\/","og_locale":"en_US","og_type":"article","og_title":"The first Scientific Committee of the LIFE IP INTEMARES project was held - Fundaci\u00f3n Biodiversidad","og_description":"The Ministry of Agriculture and Fisheries, Food and the Environment today hosted the first Scientific Committee of the LIFE IP INTEMARES project, the largest marine [&hellip;]","og_url":"https:\/\/fundacion-biodiversidad.es\/en\/actualidad_home\/the-first-scientific-committee-of-the-life-ip-intemares-project-was-held\/","og_site_name":"Fundaci\u00f3n Biodiversidad","og_image":[{"width":720,"height":405,"url":"https:\/\/fundacion-biodiversidad.es\/wp-content\/uploads\/2023\/01\/2487661294_35330241_720x405.png","type":"image\/png"}],"twitter_card":"summary_large_image","twitter_misc":{"Est. reading time":"2 minutes"},"schema":{"@context":"https:\/\/schema.org","@graph":[{"@type":"WebPage","@id":"https:\/\/fundacion-biodiversidad.es\/en\/actualidad_home\/the-first-scientific-committee-of-the-life-ip-intemares-project-was-held\/","url":"https:\/\/fundacion-biodiversidad.es\/en\/actualidad_home\/the-first-scientific-committee-of-the-life-ip-intemares-project-was-held\/","name":"The first Scientific Committee of the LIFE IP INTEMARES project was held - Fundaci\u00f3n Biodiversidad","isPartOf":{"@id":"https:\/\/fundacion-biodiversidad.es\/en\/#website"},"primaryImageOfPage":{"@id":"https:\/\/fundacion-biodiversidad.es\/en\/actualidad_home\/the-first-scientific-committee-of-the-life-ip-intemares-project-was-held\/#primaryimage"},"image":{"@id":"https:\/\/fundacion-biodiversidad.es\/en\/actualidad_home\/the-first-scientific-committee-of-the-life-ip-intemares-project-was-held\/#primaryimage"},"thumbnailUrl":"https:\/\/fundacion-biodiversidad.es\/wp-content\/uploads\/2017\/05\/29052017_raquel-orts-cc-intemares-scaled.jpg","datePublished":"2017-05-29T08:56:11+00:00","breadcrumb":{"@id":"https:\/\/fundacion-biodiversidad.es\/en\/actualidad_home\/the-first-scientific-committee-of-the-life-ip-intemares-project-was-held\/#breadcrumb"},"inLanguage":"en-US","potentialAction":[{"@type":"ReadAction","target":["https:\/\/fundacion-biodiversidad.es\/en\/actualidad_home\/the-first-scientific-committee-of-the-life-ip-intemares-project-was-held\/"]}]},{"@type":"ImageObject","inLanguage":"en-US","@id":"https:\/\/fundacion-biodiversidad.es\/en\/actualidad_home\/the-first-scientific-committee-of-the-life-ip-intemares-project-was-held\/#primaryimage","url":"https:\/\/fundacion-biodiversidad.es\/wp-content\/uploads\/2017\/05\/29052017_raquel-orts-cc-intemares-scaled.jpg","contentUrl":"https:\/\/fundacion-biodiversidad.es\/wp-content\/uploads\/2017\/05\/29052017_raquel-orts-cc-intemares-scaled.jpg","width":2560,"height":1845},{"@type":"BreadcrumbList","@id":"https:\/\/fundacion-biodiversidad.es\/en\/actualidad_home\/the-first-scientific-committee-of-the-life-ip-intemares-project-was-held\/#breadcrumb","itemListElement":[{"@type":"ListItem","position":1,"name":"Portada","item":"https:\/\/fundacion-biodiversidad.es\/en\/inicio\/"},{"@type":"ListItem","position":2,"name":"Noticias de actualidad","item":"https:\/\/fundacion-biodiversidad.es\/en\/actualidad_home\/"},{"@type":"ListItem","position":3,"name":"The first Scientific Committee of the LIFE IP INTEMARES project was held"}]},{"@type":"WebSite","@id":"https:\/\/fundacion-biodiversidad.es\/en\/#website","url":"https:\/\/fundacion-biodiversidad.es\/en\/","name":"Fundaci\u00f3n Biodiversidad","description":"Fundaci\u00f3n p\u00fablica adscrita al Ministerio para la Transici\u00f3n Ecol\u00f3gica","potentialAction":[{"@type":"SearchAction","target":{"@type":"EntryPoint","urlTemplate":"https:\/\/fundacion-biodiversidad.es\/en\/?s={search_term_string}"},"query-input":{"@type":"PropertyValueSpecification","valueRequired":true,"valueName":"search_term_string"}}],"inLanguage":"en-US"}]}},"_links":{"self":[{"href":"https:\/\/fundacion-biodiversidad.es\/en\/wp-json\/wp\/v2\/actualidad_home\/97858263","targetHints":{"allow":["GET"]}}],"collection":[{"href":"https:\/\/fundacion-biodiversidad.es\/en\/wp-json\/wp\/v2\/actualidad_home"}],"about":[{"href":"https:\/\/fundacion-biodiversidad.es\/en\/wp-json\/wp\/v2\/types\/actualidad_home"}],"author":[{"embeddable":true,"href":"https:\/\/fundacion-biodiversidad.es\/en\/wp-json\/wp\/v2\/users\/11"}],"wp:featuredmedia":[{"embeddable":true,"href":"https:\/\/fundacion-biodiversidad.es\/en\/wp-json\/wp\/v2\/media\/35828"}],"wp:attachment":[{"href":"https:\/\/fundacion-biodiversidad.es\/en\/wp-json\/wp\/v2\/media?parent=97858263"}],"wp:term":[{"taxonomy":"palabras_clave","embeddable":true,"href":"https:\/\/fundacion-biodiversidad.es\/en\/wp-json\/wp\/v2\/palabras_clave?post=97858263"}],"curies":[{"name":"wp","href":"https:\/\/api.w.org\/{rel}","templated":true}]}}