{"id":97858274,"date":"2017-03-21T14:40:19","date_gmt":"2017-03-21T13:40:19","guid":{"rendered":"https:\/\/fundacion-biodiversidad.es\/actualidad_home\/the-life-ip-intemares-project-kicks-off\/"},"modified":"2017-03-21T14:40:19","modified_gmt":"2017-03-21T13:40:19","slug":"the-life-ip-intemares-project-kicks-off","status":"publish","type":"actualidad_home","link":"https:\/\/fundacion-biodiversidad.es\/en\/actualidad_home\/the-life-ip-intemares-project-kicks-off\/","title":{"rendered":"The LIFE IP INTEMARES project kicks off"},"content":{"rendered":"<p>The European Commission has selected the project &#8220;<strong>Integrated, innovative and participatory management of the Natura 2000 Network in the Spanish marine environment (LIFE IP INTEMARES)&#8221;<\/strong> that the Biodiversity Foundation of the Ministry of Agriculture and Fisheries, Food and Environment presented last April to the LIFE call for Integrated Projects.<\/p>\n<p>The <strong>LIFE IP INTEMARES<\/strong> project, the <strong>first and only integrated nature project in Spain<\/strong>, aims to achieve a <a href=\"http:\/\/fundacion-biodiversidad.es\/es\/prensa\/notas-de-prensa\/el-ministerio-de-agricultura-y-pesca-alimentacion-y-medio-ambiente-coordina\" target=\"_blank\" rel=\"noopener\"><strong>consolidated network of marine areas in the Natura 2000 Network<\/strong><\/a> managed in an effective and integrated way, with the active participation of the sectors involved and with research as basic tools for decision-making.<\/p>\n<p>Coordinated by the <strong>Biodiversity Foundation<\/strong>, it has as <strong>partners<\/strong> the Ministry of Agriculture and Fisheries, Food and Environment, the Spanish Institute of Oceanography, WWF-Spain, SEO\/BirdLife, and CEPESCA and the support of the National Federation of Fishermen&#8217;s Guilds.<\/p>\n<p>The actions, which will be carried out <strong>until 31 December 2024<\/strong>, have a <strong>total cost of 49.8 million euros<\/strong>, of which 27.3 million correspond to the contribution of the European Commission through the LIFE Programme. The project will also mobilise other funds: 10.3 million euros from the European Social Fund, 11 million from the European Maritime and Fisheries Fund, and 1.2 million from the calls for general aid managed by the Biodiversity Foundation. <\/p>\n<p>Another relevant aspect of the project is that it has the <strong>collaboration and participation of four other Ministries <\/strong>(of Development, Interior, Foreign Affairs and Cooperation, and Defence), of all the coastal Autonomous Communities and Cities and of the neighbouring countries (Portugal and France) to achieve its objectives. Likewise, throughout the project, different formulas will be implemented to involve many other actors in achieving the challenges of this ambitious initiative. <\/p>\n","protected":false},"author":11,"featured_media":35811,"template":"","meta":{"_acf_changed":false},"palabras_clave":[463,68,49,200],"class_list":["post-97858274","actualidad_home","type-actualidad_home","status-publish","has-post-thumbnail","hentry","palabras_clave-integrado","palabras_clave-intemares","palabras_clave-marina","palabras_clave-red-natura-2000"],"acf":[],"yoast_head":"<!-- This site is optimized with the Yoast SEO plugin v26.9 - https:\/\/yoast.com\/product\/yoast-seo-wordpress\/ -->\n<title>The LIFE IP INTEMARES project kicks off - Fundaci\u00f3n Biodiversidad<\/title>\n<meta name=\"robots\" content=\"index, follow, max-snippet:-1, max-image-preview:large, max-video-preview:-1\" \/>\n<link rel=\"canonical\" href=\"https:\/\/fundacion-biodiversidad.es\/en\/actualidad_home\/the-life-ip-intemares-project-kicks-off\/\" \/>\n<meta property=\"og:locale\" content=\"en_US\" \/>\n<meta property=\"og:type\" content=\"article\" \/>\n<meta property=\"og:title\" content=\"The LIFE IP INTEMARES project kicks off - Fundaci\u00f3n Biodiversidad\" \/>\n<meta property=\"og:description\" content=\"The European Commission has selected the project &#8220;Integrated, innovative and participatory management of the Natura 2000 Network in the Spanish marine environment (LIFE IP INTEMARES)&#8221; [&hellip;]\" \/>\n<meta property=\"og:url\" content=\"https:\/\/fundacion-biodiversidad.es\/en\/actualidad_home\/the-life-ip-intemares-project-kicks-off\/\" \/>\n<meta property=\"og:site_name\" content=\"Fundaci\u00f3n Biodiversidad\" \/>\n<meta property=\"og:image\" content=\"https:\/\/fundacion-biodiversidad.es\/wp-content\/uploads\/2023\/01\/2487661294_35330241_720x405.png\" \/>\n\t<meta property=\"og:image:width\" content=\"720\" \/>\n\t<meta property=\"og:image:height\" content=\"405\" \/>\n\t<meta property=\"og:image:type\" content=\"image\/png\" \/>\n<meta name=\"twitter:card\" content=\"summary_large_image\" \/>\n<meta name=\"twitter:label1\" content=\"Est. reading time\" \/>\n\t<meta name=\"twitter:data1\" content=\"1 minute\" \/>\n<script type=\"application\/ld+json\" class=\"yoast-schema-graph\">{\"@context\":\"https:\/\/schema.org\",\"@graph\":[{\"@type\":\"WebPage\",\"@id\":\"https:\/\/fundacion-biodiversidad.es\/en\/actualidad_home\/the-life-ip-intemares-project-kicks-off\/\",\"url\":\"https:\/\/fundacion-biodiversidad.es\/en\/actualidad_home\/the-life-ip-intemares-project-kicks-off\/\",\"name\":\"The LIFE IP INTEMARES project kicks off - Fundaci\u00f3n Biodiversidad\",\"isPartOf\":{\"@id\":\"https:\/\/fundacion-biodiversidad.es\/en\/#website\"},\"primaryImageOfPage\":{\"@id\":\"https:\/\/fundacion-biodiversidad.es\/en\/actualidad_home\/the-life-ip-intemares-project-kicks-off\/#primaryimage\"},\"image\":{\"@id\":\"https:\/\/fundacion-biodiversidad.es\/en\/actualidad_home\/the-life-ip-intemares-project-kicks-off\/#primaryimage\"},\"thumbnailUrl\":\"https:\/\/fundacion-biodiversidad.es\/wp-content\/uploads\/2017\/03\/imagen_intemares-scaled.jpg\",\"datePublished\":\"2017-03-21T13:40:19+00:00\",\"breadcrumb\":{\"@id\":\"https:\/\/fundacion-biodiversidad.es\/en\/actualidad_home\/the-life-ip-intemares-project-kicks-off\/#breadcrumb\"},\"inLanguage\":\"en-US\",\"potentialAction\":[{\"@type\":\"ReadAction\",\"target\":[\"https:\/\/fundacion-biodiversidad.es\/en\/actualidad_home\/the-life-ip-intemares-project-kicks-off\/\"]}]},{\"@type\":\"ImageObject\",\"inLanguage\":\"en-US\",\"@id\":\"https:\/\/fundacion-biodiversidad.es\/en\/actualidad_home\/the-life-ip-intemares-project-kicks-off\/#primaryimage\",\"url\":\"https:\/\/fundacion-biodiversidad.es\/wp-content\/uploads\/2017\/03\/imagen_intemares-scaled.jpg\",\"contentUrl\":\"https:\/\/fundacion-biodiversidad.es\/wp-content\/uploads\/2017\/03\/imagen_intemares-scaled.jpg\",\"width\":2560,\"height\":1674},{\"@type\":\"BreadcrumbList\",\"@id\":\"https:\/\/fundacion-biodiversidad.es\/en\/actualidad_home\/the-life-ip-intemares-project-kicks-off\/#breadcrumb\",\"itemListElement\":[{\"@type\":\"ListItem\",\"position\":1,\"name\":\"Portada\",\"item\":\"https:\/\/fundacion-biodiversidad.es\/en\/inicio\/\"},{\"@type\":\"ListItem\",\"position\":2,\"name\":\"Noticias de actualidad\",\"item\":\"https:\/\/fundacion-biodiversidad.es\/en\/actualidad_home\/\"},{\"@type\":\"ListItem\",\"position\":3,\"name\":\"The LIFE IP INTEMARES project kicks off\"}]},{\"@type\":\"WebSite\",\"@id\":\"https:\/\/fundacion-biodiversidad.es\/en\/#website\",\"url\":\"https:\/\/fundacion-biodiversidad.es\/en\/\",\"name\":\"Fundaci\u00f3n Biodiversidad\",\"description\":\"Fundaci\u00f3n p\u00fablica adscrita al Ministerio para la Transici\u00f3n Ecol\u00f3gica\",\"potentialAction\":[{\"@type\":\"SearchAction\",\"target\":{\"@type\":\"EntryPoint\",\"urlTemplate\":\"https:\/\/fundacion-biodiversidad.es\/en\/?s={search_term_string}\"},\"query-input\":{\"@type\":\"PropertyValueSpecification\",\"valueRequired\":true,\"valueName\":\"search_term_string\"}}],\"inLanguage\":\"en-US\"}]}<\/script>\n<!-- \/ Yoast SEO plugin. -->","yoast_head_json":{"title":"The LIFE IP INTEMARES project kicks off - Fundaci\u00f3n Biodiversidad","robots":{"index":"index","follow":"follow","max-snippet":"max-snippet:-1","max-image-preview":"max-image-preview:large","max-video-preview":"max-video-preview:-1"},"canonical":"https:\/\/fundacion-biodiversidad.es\/en\/actualidad_home\/the-life-ip-intemares-project-kicks-off\/","og_locale":"en_US","og_type":"article","og_title":"The LIFE IP INTEMARES project kicks off - Fundaci\u00f3n Biodiversidad","og_description":"The European Commission has selected the project &#8220;Integrated, innovative and participatory management of the Natura 2000 Network in the Spanish marine environment (LIFE IP INTEMARES)&#8221; [&hellip;]","og_url":"https:\/\/fundacion-biodiversidad.es\/en\/actualidad_home\/the-life-ip-intemares-project-kicks-off\/","og_site_name":"Fundaci\u00f3n Biodiversidad","og_image":[{"width":720,"height":405,"url":"https:\/\/fundacion-biodiversidad.es\/wp-content\/uploads\/2023\/01\/2487661294_35330241_720x405.png","type":"image\/png"}],"twitter_card":"summary_large_image","twitter_misc":{"Est. reading time":"1 minute"},"schema":{"@context":"https:\/\/schema.org","@graph":[{"@type":"WebPage","@id":"https:\/\/fundacion-biodiversidad.es\/en\/actualidad_home\/the-life-ip-intemares-project-kicks-off\/","url":"https:\/\/fundacion-biodiversidad.es\/en\/actualidad_home\/the-life-ip-intemares-project-kicks-off\/","name":"The LIFE IP INTEMARES project kicks off - Fundaci\u00f3n Biodiversidad","isPartOf":{"@id":"https:\/\/fundacion-biodiversidad.es\/en\/#website"},"primaryImageOfPage":{"@id":"https:\/\/fundacion-biodiversidad.es\/en\/actualidad_home\/the-life-ip-intemares-project-kicks-off\/#primaryimage"},"image":{"@id":"https:\/\/fundacion-biodiversidad.es\/en\/actualidad_home\/the-life-ip-intemares-project-kicks-off\/#primaryimage"},"thumbnailUrl":"https:\/\/fundacion-biodiversidad.es\/wp-content\/uploads\/2017\/03\/imagen_intemares-scaled.jpg","datePublished":"2017-03-21T13:40:19+00:00","breadcrumb":{"@id":"https:\/\/fundacion-biodiversidad.es\/en\/actualidad_home\/the-life-ip-intemares-project-kicks-off\/#breadcrumb"},"inLanguage":"en-US","potentialAction":[{"@type":"ReadAction","target":["https:\/\/fundacion-biodiversidad.es\/en\/actualidad_home\/the-life-ip-intemares-project-kicks-off\/"]}]},{"@type":"ImageObject","inLanguage":"en-US","@id":"https:\/\/fundacion-biodiversidad.es\/en\/actualidad_home\/the-life-ip-intemares-project-kicks-off\/#primaryimage","url":"https:\/\/fundacion-biodiversidad.es\/wp-content\/uploads\/2017\/03\/imagen_intemares-scaled.jpg","contentUrl":"https:\/\/fundacion-biodiversidad.es\/wp-content\/uploads\/2017\/03\/imagen_intemares-scaled.jpg","width":2560,"height":1674},{"@type":"BreadcrumbList","@id":"https:\/\/fundacion-biodiversidad.es\/en\/actualidad_home\/the-life-ip-intemares-project-kicks-off\/#breadcrumb","itemListElement":[{"@type":"ListItem","position":1,"name":"Portada","item":"https:\/\/fundacion-biodiversidad.es\/en\/inicio\/"},{"@type":"ListItem","position":2,"name":"Noticias de actualidad","item":"https:\/\/fundacion-biodiversidad.es\/en\/actualidad_home\/"},{"@type":"ListItem","position":3,"name":"The LIFE IP INTEMARES project kicks off"}]},{"@type":"WebSite","@id":"https:\/\/fundacion-biodiversidad.es\/en\/#website","url":"https:\/\/fundacion-biodiversidad.es\/en\/","name":"Fundaci\u00f3n Biodiversidad","description":"Fundaci\u00f3n p\u00fablica adscrita al Ministerio para la Transici\u00f3n Ecol\u00f3gica","potentialAction":[{"@type":"SearchAction","target":{"@type":"EntryPoint","urlTemplate":"https:\/\/fundacion-biodiversidad.es\/en\/?s={search_term_string}"},"query-input":{"@type":"PropertyValueSpecification","valueRequired":true,"valueName":"search_term_string"}}],"inLanguage":"en-US"}]}},"_links":{"self":[{"href":"https:\/\/fundacion-biodiversidad.es\/en\/wp-json\/wp\/v2\/actualidad_home\/97858274","targetHints":{"allow":["GET"]}}],"collection":[{"href":"https:\/\/fundacion-biodiversidad.es\/en\/wp-json\/wp\/v2\/actualidad_home"}],"about":[{"href":"https:\/\/fundacion-biodiversidad.es\/en\/wp-json\/wp\/v2\/types\/actualidad_home"}],"author":[{"embeddable":true,"href":"https:\/\/fundacion-biodiversidad.es\/en\/wp-json\/wp\/v2\/users\/11"}],"wp:featuredmedia":[{"embeddable":true,"href":"https:\/\/fundacion-biodiversidad.es\/en\/wp-json\/wp\/v2\/media\/35811"}],"wp:attachment":[{"href":"https:\/\/fundacion-biodiversidad.es\/en\/wp-json\/wp\/v2\/media?parent=97858274"}],"wp:term":[{"taxonomy":"palabras_clave","embeddable":true,"href":"https:\/\/fundacion-biodiversidad.es\/en\/wp-json\/wp\/v2\/palabras_clave?post=97858274"}],"curies":[{"name":"wp","href":"https:\/\/api.w.org\/{rel}","templated":true}]}}