{"id":97858277,"date":"2017-03-21T08:00:00","date_gmt":"2017-03-21T07:00:00","guid":{"rendered":"https:\/\/fundacion-biodiversidad.es\/actualidad_home\/first-births-of-iberian-lynx-within-the-ex-situ-conservation-program-of-the-species\/"},"modified":"2017-03-21T08:00:00","modified_gmt":"2017-03-21T07:00:00","slug":"first-births-of-iberian-lynx-within-the-ex-situ-conservation-program-of-the-species","status":"publish","type":"actualidad_home","link":"https:\/\/fundacion-biodiversidad.es\/en\/actualidad_home\/first-births-of-iberian-lynx-within-the-ex-situ-conservation-program-of-the-species\/","title":{"rendered":"First births of Iberian lynx within the ex situ conservation program of the species"},"content":{"rendered":"<p>The Breeding Centers of the Autonomous Organization of National Parks (OAPN) of the <strong>Ministry of Agriculture and Fisheries, Food and the Environment<\/strong>, have witnessed the <strong>first births of Iberian lynx<\/strong>, within the ex situ conservation program of this species, which has established <strong>23 breeding pairs<\/strong> for the current breeding season.<\/p>\n<p>Taking into account the reproductive parameters recorded in the program to date, it is estimated to obtain a figure between 29 and 41 cubs. In the <strong>last breeding season 2016<\/strong>, the program established 23 breeding pairs based on the recommendations established by the different administrations involved in the conservation of this species. These 23 pairs resulted in the birth of 58 puppies, 48 of which have made it through and <strong>40 are being prepared for release in the first months of 2017 within the framework of the LIFE+ Iberlinc Program<\/strong>in the Iberian Peninsula, whose reintroductions began on January 25 in the area of Guarrizas, Ja\u00e9n. &nbsp;<\/p>\n<p>As in previous years, most of the specimens born in 2017 will be <strong>prepared for release into the wild <\/strong>and the rest will become part of the breeding stock of the breeding program with the aim of maintaining adequate genetic diversity and an adequate demographic balance.<\/p>\n<p>On <strong>March 6<\/strong> , the first calving of the season took place for the breeding center of Zarza de Granadilla, in the province of C\u00e1ceres, managed by the <strong>Autonomous Organization of National Parks (MAPAMA).<\/strong> The lynx Haima gave birth to <strong>two cubs<\/strong> to which she is taking care of perfectly. On the morning <strong>of last Thursday, March 9<\/strong> , the second birth of the season took place in the center of Extremadura. The birth went smoothly and the mother is taking perfect care of the puppies, despite being her first litter. <strong>On Saturday, March 11<\/strong> , the first calving of the season took place at the Iberian lynx breeding center of El Acebuche, in the Do\u00f1ana National Park, managed by the Autonomous Organization of National Parks (MAPAMA). The birth went smoothly and she finally had only one puppy, which she is caring for perfectly.     <\/p>\n<p>&nbsp;<\/p>\n","protected":false},"author":11,"featured_media":35805,"template":"","meta":{"_acf_changed":false},"palabras_clave":[347,461,462,349],"class_list":["post-97858277","actualidad_home","type-actualidad_home","status-publish","has-post-thumbnail","hentry","palabras_clave-donana","palabras_clave-lince","palabras_clave-nacimiento","palabras_clave-oapn"],"acf":[],"yoast_head":"<!-- This site is optimized with the Yoast SEO plugin v26.9 - https:\/\/yoast.com\/product\/yoast-seo-wordpress\/ -->\n<title>First births of Iberian lynx within the ex situ conservation program of the species - Fundaci\u00f3n Biodiversidad<\/title>\n<meta name=\"robots\" content=\"index, follow, max-snippet:-1, max-image-preview:large, max-video-preview:-1\" \/>\n<link rel=\"canonical\" href=\"https:\/\/fundacion-biodiversidad.es\/en\/actualidad_home\/first-births-of-iberian-lynx-within-the-ex-situ-conservation-program-of-the-species\/\" \/>\n<meta property=\"og:locale\" content=\"en_US\" \/>\n<meta property=\"og:type\" content=\"article\" \/>\n<meta property=\"og:title\" content=\"First births of Iberian lynx within the ex situ conservation program of the species - Fundaci\u00f3n Biodiversidad\" \/>\n<meta property=\"og:description\" content=\"The Breeding Centers of the Autonomous Organization of National Parks (OAPN) of the Ministry of Agriculture and Fisheries, Food and the Environment, have witnessed the [&hellip;]\" \/>\n<meta property=\"og:url\" content=\"https:\/\/fundacion-biodiversidad.es\/en\/actualidad_home\/first-births-of-iberian-lynx-within-the-ex-situ-conservation-program-of-the-species\/\" \/>\n<meta property=\"og:site_name\" content=\"Fundaci\u00f3n Biodiversidad\" \/>\n<meta property=\"og:image\" content=\"https:\/\/fundacion-biodiversidad.es\/wp-content\/uploads\/2023\/01\/2487661294_35330241_720x405.png\" \/>\n\t<meta property=\"og:image:width\" content=\"720\" \/>\n\t<meta property=\"og:image:height\" content=\"405\" \/>\n\t<meta property=\"og:image:type\" content=\"image\/png\" \/>\n<meta name=\"twitter:card\" content=\"summary_large_image\" \/>\n<meta name=\"twitter:label1\" content=\"Est. reading time\" \/>\n\t<meta name=\"twitter:data1\" content=\"2 minutes\" \/>\n<script type=\"application\/ld+json\" class=\"yoast-schema-graph\">{\"@context\":\"https:\/\/schema.org\",\"@graph\":[{\"@type\":\"WebPage\",\"@id\":\"https:\/\/fundacion-biodiversidad.es\/en\/actualidad_home\/first-births-of-iberian-lynx-within-the-ex-situ-conservation-program-of-the-species\/\",\"url\":\"https:\/\/fundacion-biodiversidad.es\/en\/actualidad_home\/first-births-of-iberian-lynx-within-the-ex-situ-conservation-program-of-the-species\/\",\"name\":\"First births of Iberian lynx within the ex situ conservation program of the species - Fundaci\u00f3n Biodiversidad\",\"isPartOf\":{\"@id\":\"https:\/\/fundacion-biodiversidad.es\/en\/#website\"},\"primaryImageOfPage\":{\"@id\":\"https:\/\/fundacion-biodiversidad.es\/en\/actualidad_home\/first-births-of-iberian-lynx-within-the-ex-situ-conservation-program-of-the-species\/#primaryimage\"},\"image\":{\"@id\":\"https:\/\/fundacion-biodiversidad.es\/en\/actualidad_home\/first-births-of-iberian-lynx-within-the-ex-situ-conservation-program-of-the-species\/#primaryimage\"},\"thumbnailUrl\":\"https:\/\/fundacion-biodiversidad.es\/wp-content\/uploads\/2017\/03\/15032017_nacimiento_lince_iberico.jpg\",\"datePublished\":\"2017-03-21T07:00:00+00:00\",\"breadcrumb\":{\"@id\":\"https:\/\/fundacion-biodiversidad.es\/en\/actualidad_home\/first-births-of-iberian-lynx-within-the-ex-situ-conservation-program-of-the-species\/#breadcrumb\"},\"inLanguage\":\"en-US\",\"potentialAction\":[{\"@type\":\"ReadAction\",\"target\":[\"https:\/\/fundacion-biodiversidad.es\/en\/actualidad_home\/first-births-of-iberian-lynx-within-the-ex-situ-conservation-program-of-the-species\/\"]}]},{\"@type\":\"ImageObject\",\"inLanguage\":\"en-US\",\"@id\":\"https:\/\/fundacion-biodiversidad.es\/en\/actualidad_home\/first-births-of-iberian-lynx-within-the-ex-situ-conservation-program-of-the-species\/#primaryimage\",\"url\":\"https:\/\/fundacion-biodiversidad.es\/wp-content\/uploads\/2017\/03\/15032017_nacimiento_lince_iberico.jpg\",\"contentUrl\":\"https:\/\/fundacion-biodiversidad.es\/wp-content\/uploads\/2017\/03\/15032017_nacimiento_lince_iberico.jpg\",\"width\":720,\"height\":479},{\"@type\":\"BreadcrumbList\",\"@id\":\"https:\/\/fundacion-biodiversidad.es\/en\/actualidad_home\/first-births-of-iberian-lynx-within-the-ex-situ-conservation-program-of-the-species\/#breadcrumb\",\"itemListElement\":[{\"@type\":\"ListItem\",\"position\":1,\"name\":\"Portada\",\"item\":\"https:\/\/fundacion-biodiversidad.es\/en\/inicio\/\"},{\"@type\":\"ListItem\",\"position\":2,\"name\":\"Noticias de actualidad\",\"item\":\"https:\/\/fundacion-biodiversidad.es\/en\/actualidad_home\/\"},{\"@type\":\"ListItem\",\"position\":3,\"name\":\"First births of Iberian lynx within the ex situ conservation program of the species\"}]},{\"@type\":\"WebSite\",\"@id\":\"https:\/\/fundacion-biodiversidad.es\/en\/#website\",\"url\":\"https:\/\/fundacion-biodiversidad.es\/en\/\",\"name\":\"Fundaci\u00f3n Biodiversidad\",\"description\":\"Fundaci\u00f3n p\u00fablica adscrita al Ministerio para la Transici\u00f3n Ecol\u00f3gica\",\"potentialAction\":[{\"@type\":\"SearchAction\",\"target\":{\"@type\":\"EntryPoint\",\"urlTemplate\":\"https:\/\/fundacion-biodiversidad.es\/en\/?s={search_term_string}\"},\"query-input\":{\"@type\":\"PropertyValueSpecification\",\"valueRequired\":true,\"valueName\":\"search_term_string\"}}],\"inLanguage\":\"en-US\"}]}<\/script>\n<!-- \/ Yoast SEO plugin. -->","yoast_head_json":{"title":"First births of Iberian lynx within the ex situ conservation program of the species - Fundaci\u00f3n Biodiversidad","robots":{"index":"index","follow":"follow","max-snippet":"max-snippet:-1","max-image-preview":"max-image-preview:large","max-video-preview":"max-video-preview:-1"},"canonical":"https:\/\/fundacion-biodiversidad.es\/en\/actualidad_home\/first-births-of-iberian-lynx-within-the-ex-situ-conservation-program-of-the-species\/","og_locale":"en_US","og_type":"article","og_title":"First births of Iberian lynx within the ex situ conservation program of the species - Fundaci\u00f3n Biodiversidad","og_description":"The Breeding Centers of the Autonomous Organization of National Parks (OAPN) of the Ministry of Agriculture and Fisheries, Food and the Environment, have witnessed the [&hellip;]","og_url":"https:\/\/fundacion-biodiversidad.es\/en\/actualidad_home\/first-births-of-iberian-lynx-within-the-ex-situ-conservation-program-of-the-species\/","og_site_name":"Fundaci\u00f3n Biodiversidad","og_image":[{"width":720,"height":405,"url":"https:\/\/fundacion-biodiversidad.es\/wp-content\/uploads\/2023\/01\/2487661294_35330241_720x405.png","type":"image\/png"}],"twitter_card":"summary_large_image","twitter_misc":{"Est. reading time":"2 minutes"},"schema":{"@context":"https:\/\/schema.org","@graph":[{"@type":"WebPage","@id":"https:\/\/fundacion-biodiversidad.es\/en\/actualidad_home\/first-births-of-iberian-lynx-within-the-ex-situ-conservation-program-of-the-species\/","url":"https:\/\/fundacion-biodiversidad.es\/en\/actualidad_home\/first-births-of-iberian-lynx-within-the-ex-situ-conservation-program-of-the-species\/","name":"First births of Iberian lynx within the ex situ conservation program of the species - Fundaci\u00f3n Biodiversidad","isPartOf":{"@id":"https:\/\/fundacion-biodiversidad.es\/en\/#website"},"primaryImageOfPage":{"@id":"https:\/\/fundacion-biodiversidad.es\/en\/actualidad_home\/first-births-of-iberian-lynx-within-the-ex-situ-conservation-program-of-the-species\/#primaryimage"},"image":{"@id":"https:\/\/fundacion-biodiversidad.es\/en\/actualidad_home\/first-births-of-iberian-lynx-within-the-ex-situ-conservation-program-of-the-species\/#primaryimage"},"thumbnailUrl":"https:\/\/fundacion-biodiversidad.es\/wp-content\/uploads\/2017\/03\/15032017_nacimiento_lince_iberico.jpg","datePublished":"2017-03-21T07:00:00+00:00","breadcrumb":{"@id":"https:\/\/fundacion-biodiversidad.es\/en\/actualidad_home\/first-births-of-iberian-lynx-within-the-ex-situ-conservation-program-of-the-species\/#breadcrumb"},"inLanguage":"en-US","potentialAction":[{"@type":"ReadAction","target":["https:\/\/fundacion-biodiversidad.es\/en\/actualidad_home\/first-births-of-iberian-lynx-within-the-ex-situ-conservation-program-of-the-species\/"]}]},{"@type":"ImageObject","inLanguage":"en-US","@id":"https:\/\/fundacion-biodiversidad.es\/en\/actualidad_home\/first-births-of-iberian-lynx-within-the-ex-situ-conservation-program-of-the-species\/#primaryimage","url":"https:\/\/fundacion-biodiversidad.es\/wp-content\/uploads\/2017\/03\/15032017_nacimiento_lince_iberico.jpg","contentUrl":"https:\/\/fundacion-biodiversidad.es\/wp-content\/uploads\/2017\/03\/15032017_nacimiento_lince_iberico.jpg","width":720,"height":479},{"@type":"BreadcrumbList","@id":"https:\/\/fundacion-biodiversidad.es\/en\/actualidad_home\/first-births-of-iberian-lynx-within-the-ex-situ-conservation-program-of-the-species\/#breadcrumb","itemListElement":[{"@type":"ListItem","position":1,"name":"Portada","item":"https:\/\/fundacion-biodiversidad.es\/en\/inicio\/"},{"@type":"ListItem","position":2,"name":"Noticias de actualidad","item":"https:\/\/fundacion-biodiversidad.es\/en\/actualidad_home\/"},{"@type":"ListItem","position":3,"name":"First births of Iberian lynx within the ex situ conservation program of the species"}]},{"@type":"WebSite","@id":"https:\/\/fundacion-biodiversidad.es\/en\/#website","url":"https:\/\/fundacion-biodiversidad.es\/en\/","name":"Fundaci\u00f3n Biodiversidad","description":"Fundaci\u00f3n p\u00fablica adscrita al Ministerio para la Transici\u00f3n Ecol\u00f3gica","potentialAction":[{"@type":"SearchAction","target":{"@type":"EntryPoint","urlTemplate":"https:\/\/fundacion-biodiversidad.es\/en\/?s={search_term_string}"},"query-input":{"@type":"PropertyValueSpecification","valueRequired":true,"valueName":"search_term_string"}}],"inLanguage":"en-US"}]}},"_links":{"self":[{"href":"https:\/\/fundacion-biodiversidad.es\/en\/wp-json\/wp\/v2\/actualidad_home\/97858277","targetHints":{"allow":["GET"]}}],"collection":[{"href":"https:\/\/fundacion-biodiversidad.es\/en\/wp-json\/wp\/v2\/actualidad_home"}],"about":[{"href":"https:\/\/fundacion-biodiversidad.es\/en\/wp-json\/wp\/v2\/types\/actualidad_home"}],"author":[{"embeddable":true,"href":"https:\/\/fundacion-biodiversidad.es\/en\/wp-json\/wp\/v2\/users\/11"}],"wp:featuredmedia":[{"embeddable":true,"href":"https:\/\/fundacion-biodiversidad.es\/en\/wp-json\/wp\/v2\/media\/35805"}],"wp:attachment":[{"href":"https:\/\/fundacion-biodiversidad.es\/en\/wp-json\/wp\/v2\/media?parent=97858277"}],"wp:term":[{"taxonomy":"palabras_clave","embeddable":true,"href":"https:\/\/fundacion-biodiversidad.es\/en\/wp-json\/wp\/v2\/palabras_clave?post=97858277"}],"curies":[{"name":"wp","href":"https:\/\/api.w.org\/{rel}","templated":true}]}}