{"id":97858281,"date":"2017-03-20T08:00:00","date_gmt":"2017-03-20T07:00:00","guid":{"rendered":"https:\/\/fundacion-biodiversidad.es\/actualidad_home\/63-new-climate-projects-to-reduce-emissions\/"},"modified":"2017-03-20T08:00:00","modified_gmt":"2017-03-20T07:00:00","slug":"63-new-climate-projects-to-reduce-emissions","status":"publish","type":"actualidad_home","link":"https:\/\/fundacion-biodiversidad.es\/en\/actualidad_home\/63-new-climate-projects-to-reduce-emissions\/","title":{"rendered":"63 new Climate Projects to reduce emissions"},"content":{"rendered":"<p>The Minister of Agriculture and Fisheries, Food and the Environment, Isabel Garc\u00eda Tejerina, has presented the <strong>Climate Projects 2016<\/strong>, which are celebrating their fifth edition and are aimed at <strong>reducing emissions <\/strong>in diffuse sectors, fluorinated gases or industry not subject to the emissions trading system. These projects &#8220;have proven to be a <strong>useful tool in the fight against climate change<\/strong>, as they contribute to promoting the reduction of greenhouse gas emissions in the so-called diffuse sectors (transport, residential, waste&#8230;), responsible for just over 60% of total emissions in our country and in the European Union,&#8221; said the Minister. <\/p>\n<p>In the five editions of the Climate Projects, 250 projects have been selected, going from 37 in 2012 to <strong>63 in this edition<\/strong>, with the promoter entities of all sizes and belonging to both the public and private sectors. Garc\u00eda Tejerina highlighted the contribution of the Climate Projects to the reduction of emissions, since since their implementation in 2012, they have led to a total reduction in CO2 equivalent emissions of <strong>more than 7.4 million tonnes<\/strong>. <\/p>\n<p>Garc\u00eda Tejerina announced that Spain is already working on the <strong>National Integrated Energy and Climate Plan for the period 2021-2030<\/strong>, as well as on the future <strong>Law on Climate Change and Energy Transition<\/strong>. In its preparation, the Ministry will have the opinions and contributions of everyone, because, the minister added, &#8220;the fight against climate change must be, by definition, a choral effort&#8221;. <\/p>\n<p>In addition, the Ministry of Agriculture and Fisheries, Food and Environment has already opened the <strong>sixth call for Climate Projects. <\/strong>The phase of presentation of expressions of interest will end on May 15.<\/p>\n<p>&nbsp;&nbsp;&nbsp;&nbsp;&nbsp;&nbsp;&nbsp;&nbsp;&nbsp;&nbsp;&nbsp;&nbsp;&nbsp;&nbsp;&nbsp;&nbsp;&nbsp;&nbsp;&nbsp;&nbsp;&nbsp;&nbsp;&nbsp; &nbsp;&nbsp;&nbsp;&nbsp;&nbsp;&nbsp;&nbsp;&nbsp;&nbsp;&nbsp;&nbsp;&nbsp;&nbsp;&nbsp;<\/p>\n<p>&nbsp;<\/p>\n","protected":false},"author":11,"featured_media":35803,"template":"","meta":{"_acf_changed":false},"palabras_clave":[331,162,460],"class_list":["post-97858281","actualidad_home","type-actualidad_home","status-publish","has-post-thumbnail","hentry","palabras_clave-clima","palabras_clave-emisiones","palabras_clave-gei"],"acf":[],"yoast_head":"<!-- This site is optimized with the Yoast SEO plugin v26.9 - https:\/\/yoast.com\/product\/yoast-seo-wordpress\/ -->\n<title>63 new Climate Projects to reduce emissions - Fundaci\u00f3n Biodiversidad<\/title>\n<meta name=\"robots\" content=\"index, follow, max-snippet:-1, max-image-preview:large, max-video-preview:-1\" \/>\n<link rel=\"canonical\" href=\"https:\/\/fundacion-biodiversidad.es\/en\/actualidad_home\/63-new-climate-projects-to-reduce-emissions\/\" \/>\n<meta property=\"og:locale\" content=\"en_US\" \/>\n<meta property=\"og:type\" content=\"article\" \/>\n<meta property=\"og:title\" content=\"63 new Climate Projects to reduce emissions - Fundaci\u00f3n Biodiversidad\" \/>\n<meta property=\"og:description\" content=\"The Minister of Agriculture and Fisheries, Food and the Environment, Isabel Garc\u00eda Tejerina, has presented the Climate Projects 2016, which are celebrating their fifth edition [&hellip;]\" \/>\n<meta property=\"og:url\" content=\"https:\/\/fundacion-biodiversidad.es\/en\/actualidad_home\/63-new-climate-projects-to-reduce-emissions\/\" \/>\n<meta property=\"og:site_name\" content=\"Fundaci\u00f3n Biodiversidad\" \/>\n<meta property=\"og:image\" content=\"https:\/\/fundacion-biodiversidad.es\/wp-content\/uploads\/2023\/01\/2487661294_35330241_720x405.png\" \/>\n\t<meta property=\"og:image:width\" content=\"720\" \/>\n\t<meta property=\"og:image:height\" content=\"405\" \/>\n\t<meta property=\"og:image:type\" content=\"image\/png\" \/>\n<meta name=\"twitter:card\" content=\"summary_large_image\" \/>\n<meta name=\"twitter:label1\" content=\"Est. reading time\" \/>\n\t<meta name=\"twitter:data1\" content=\"2 minutes\" \/>\n<script type=\"application\/ld+json\" class=\"yoast-schema-graph\">{\"@context\":\"https:\/\/schema.org\",\"@graph\":[{\"@type\":\"WebPage\",\"@id\":\"https:\/\/fundacion-biodiversidad.es\/en\/actualidad_home\/63-new-climate-projects-to-reduce-emissions\/\",\"url\":\"https:\/\/fundacion-biodiversidad.es\/en\/actualidad_home\/63-new-climate-projects-to-reduce-emissions\/\",\"name\":\"63 new Climate Projects to reduce emissions - Fundaci\u00f3n Biodiversidad\",\"isPartOf\":{\"@id\":\"https:\/\/fundacion-biodiversidad.es\/en\/#website\"},\"primaryImageOfPage\":{\"@id\":\"https:\/\/fundacion-biodiversidad.es\/en\/actualidad_home\/63-new-climate-projects-to-reduce-emissions\/#primaryimage\"},\"image\":{\"@id\":\"https:\/\/fundacion-biodiversidad.es\/en\/actualidad_home\/63-new-climate-projects-to-reduce-emissions\/#primaryimage\"},\"thumbnailUrl\":\"https:\/\/fundacion-biodiversidad.es\/wp-content\/uploads\/2017\/03\/13032017_proyectos_clima-scaled.jpg\",\"datePublished\":\"2017-03-20T07:00:00+00:00\",\"breadcrumb\":{\"@id\":\"https:\/\/fundacion-biodiversidad.es\/en\/actualidad_home\/63-new-climate-projects-to-reduce-emissions\/#breadcrumb\"},\"inLanguage\":\"en-US\",\"potentialAction\":[{\"@type\":\"ReadAction\",\"target\":[\"https:\/\/fundacion-biodiversidad.es\/en\/actualidad_home\/63-new-climate-projects-to-reduce-emissions\/\"]}]},{\"@type\":\"ImageObject\",\"inLanguage\":\"en-US\",\"@id\":\"https:\/\/fundacion-biodiversidad.es\/en\/actualidad_home\/63-new-climate-projects-to-reduce-emissions\/#primaryimage\",\"url\":\"https:\/\/fundacion-biodiversidad.es\/wp-content\/uploads\/2017\/03\/13032017_proyectos_clima-scaled.jpg\",\"contentUrl\":\"https:\/\/fundacion-biodiversidad.es\/wp-content\/uploads\/2017\/03\/13032017_proyectos_clima-scaled.jpg\",\"width\":2560,\"height\":1707},{\"@type\":\"BreadcrumbList\",\"@id\":\"https:\/\/fundacion-biodiversidad.es\/en\/actualidad_home\/63-new-climate-projects-to-reduce-emissions\/#breadcrumb\",\"itemListElement\":[{\"@type\":\"ListItem\",\"position\":1,\"name\":\"Portada\",\"item\":\"https:\/\/fundacion-biodiversidad.es\/en\/inicio\/\"},{\"@type\":\"ListItem\",\"position\":2,\"name\":\"Noticias de actualidad\",\"item\":\"https:\/\/fundacion-biodiversidad.es\/en\/actualidad_home\/\"},{\"@type\":\"ListItem\",\"position\":3,\"name\":\"63 new Climate Projects to reduce emissions\"}]},{\"@type\":\"WebSite\",\"@id\":\"https:\/\/fundacion-biodiversidad.es\/en\/#website\",\"url\":\"https:\/\/fundacion-biodiversidad.es\/en\/\",\"name\":\"Fundaci\u00f3n Biodiversidad\",\"description\":\"Fundaci\u00f3n p\u00fablica adscrita al Ministerio para la Transici\u00f3n Ecol\u00f3gica\",\"potentialAction\":[{\"@type\":\"SearchAction\",\"target\":{\"@type\":\"EntryPoint\",\"urlTemplate\":\"https:\/\/fundacion-biodiversidad.es\/en\/?s={search_term_string}\"},\"query-input\":{\"@type\":\"PropertyValueSpecification\",\"valueRequired\":true,\"valueName\":\"search_term_string\"}}],\"inLanguage\":\"en-US\"}]}<\/script>\n<!-- \/ Yoast SEO plugin. -->","yoast_head_json":{"title":"63 new Climate Projects to reduce emissions - Fundaci\u00f3n Biodiversidad","robots":{"index":"index","follow":"follow","max-snippet":"max-snippet:-1","max-image-preview":"max-image-preview:large","max-video-preview":"max-video-preview:-1"},"canonical":"https:\/\/fundacion-biodiversidad.es\/en\/actualidad_home\/63-new-climate-projects-to-reduce-emissions\/","og_locale":"en_US","og_type":"article","og_title":"63 new Climate Projects to reduce emissions - Fundaci\u00f3n Biodiversidad","og_description":"The Minister of Agriculture and Fisheries, Food and the Environment, Isabel Garc\u00eda Tejerina, has presented the Climate Projects 2016, which are celebrating their fifth edition [&hellip;]","og_url":"https:\/\/fundacion-biodiversidad.es\/en\/actualidad_home\/63-new-climate-projects-to-reduce-emissions\/","og_site_name":"Fundaci\u00f3n Biodiversidad","og_image":[{"width":720,"height":405,"url":"https:\/\/fundacion-biodiversidad.es\/wp-content\/uploads\/2023\/01\/2487661294_35330241_720x405.png","type":"image\/png"}],"twitter_card":"summary_large_image","twitter_misc":{"Est. reading time":"2 minutes"},"schema":{"@context":"https:\/\/schema.org","@graph":[{"@type":"WebPage","@id":"https:\/\/fundacion-biodiversidad.es\/en\/actualidad_home\/63-new-climate-projects-to-reduce-emissions\/","url":"https:\/\/fundacion-biodiversidad.es\/en\/actualidad_home\/63-new-climate-projects-to-reduce-emissions\/","name":"63 new Climate Projects to reduce emissions - Fundaci\u00f3n Biodiversidad","isPartOf":{"@id":"https:\/\/fundacion-biodiversidad.es\/en\/#website"},"primaryImageOfPage":{"@id":"https:\/\/fundacion-biodiversidad.es\/en\/actualidad_home\/63-new-climate-projects-to-reduce-emissions\/#primaryimage"},"image":{"@id":"https:\/\/fundacion-biodiversidad.es\/en\/actualidad_home\/63-new-climate-projects-to-reduce-emissions\/#primaryimage"},"thumbnailUrl":"https:\/\/fundacion-biodiversidad.es\/wp-content\/uploads\/2017\/03\/13032017_proyectos_clima-scaled.jpg","datePublished":"2017-03-20T07:00:00+00:00","breadcrumb":{"@id":"https:\/\/fundacion-biodiversidad.es\/en\/actualidad_home\/63-new-climate-projects-to-reduce-emissions\/#breadcrumb"},"inLanguage":"en-US","potentialAction":[{"@type":"ReadAction","target":["https:\/\/fundacion-biodiversidad.es\/en\/actualidad_home\/63-new-climate-projects-to-reduce-emissions\/"]}]},{"@type":"ImageObject","inLanguage":"en-US","@id":"https:\/\/fundacion-biodiversidad.es\/en\/actualidad_home\/63-new-climate-projects-to-reduce-emissions\/#primaryimage","url":"https:\/\/fundacion-biodiversidad.es\/wp-content\/uploads\/2017\/03\/13032017_proyectos_clima-scaled.jpg","contentUrl":"https:\/\/fundacion-biodiversidad.es\/wp-content\/uploads\/2017\/03\/13032017_proyectos_clima-scaled.jpg","width":2560,"height":1707},{"@type":"BreadcrumbList","@id":"https:\/\/fundacion-biodiversidad.es\/en\/actualidad_home\/63-new-climate-projects-to-reduce-emissions\/#breadcrumb","itemListElement":[{"@type":"ListItem","position":1,"name":"Portada","item":"https:\/\/fundacion-biodiversidad.es\/en\/inicio\/"},{"@type":"ListItem","position":2,"name":"Noticias de actualidad","item":"https:\/\/fundacion-biodiversidad.es\/en\/actualidad_home\/"},{"@type":"ListItem","position":3,"name":"63 new Climate Projects to reduce emissions"}]},{"@type":"WebSite","@id":"https:\/\/fundacion-biodiversidad.es\/en\/#website","url":"https:\/\/fundacion-biodiversidad.es\/en\/","name":"Fundaci\u00f3n Biodiversidad","description":"Fundaci\u00f3n p\u00fablica adscrita al Ministerio para la Transici\u00f3n Ecol\u00f3gica","potentialAction":[{"@type":"SearchAction","target":{"@type":"EntryPoint","urlTemplate":"https:\/\/fundacion-biodiversidad.es\/en\/?s={search_term_string}"},"query-input":{"@type":"PropertyValueSpecification","valueRequired":true,"valueName":"search_term_string"}}],"inLanguage":"en-US"}]}},"_links":{"self":[{"href":"https:\/\/fundacion-biodiversidad.es\/en\/wp-json\/wp\/v2\/actualidad_home\/97858281","targetHints":{"allow":["GET"]}}],"collection":[{"href":"https:\/\/fundacion-biodiversidad.es\/en\/wp-json\/wp\/v2\/actualidad_home"}],"about":[{"href":"https:\/\/fundacion-biodiversidad.es\/en\/wp-json\/wp\/v2\/types\/actualidad_home"}],"author":[{"embeddable":true,"href":"https:\/\/fundacion-biodiversidad.es\/en\/wp-json\/wp\/v2\/users\/11"}],"wp:featuredmedia":[{"embeddable":true,"href":"https:\/\/fundacion-biodiversidad.es\/en\/wp-json\/wp\/v2\/media\/35803"}],"wp:attachment":[{"href":"https:\/\/fundacion-biodiversidad.es\/en\/wp-json\/wp\/v2\/media?parent=97858281"}],"wp:term":[{"taxonomy":"palabras_clave","embeddable":true,"href":"https:\/\/fundacion-biodiversidad.es\/en\/wp-json\/wp\/v2\/palabras_clave?post=97858281"}],"curies":[{"name":"wp","href":"https:\/\/api.w.org\/{rel}","templated":true}]}}