{"id":97858282,"date":"2017-04-07T07:00:00","date_gmt":"2017-04-07T05:00:00","guid":{"rendered":"https:\/\/fundacion-biodiversidad.es\/actualidad_home\/an-initiative-to-recover-the-rockrose-of-cartagena\/"},"modified":"2017-04-07T07:00:00","modified_gmt":"2017-04-07T05:00:00","slug":"an-initiative-to-recover-the-rockrose-of-cartagena","status":"publish","type":"actualidad_home","link":"https:\/\/fundacion-biodiversidad.es\/en\/actualidad_home\/an-initiative-to-recover-the-rockrose-of-cartagena\/","title":{"rendered":"An initiative to recover the rockrose of Cartagena"},"content":{"rendered":"<p>The recovery and conservation of the rockrose of Cartagena is the objective of an initiative that the University of Cartagena has launched.<br \/>\n<!--more--><\/p>\n<p>The <strong>recovery and conservation of the rockrose of Cartagena<\/strong> is the objective of a project that the <strong>University of Cartagena<\/strong> has launched thanks to the call for grants from the Biodiversity Foundation of the Ministry of Agriculture and Fisheries, Food and the Environment.<\/p>\n<p>The initiative includes actions that will work on the <strong>recovery and conservation of this plant species<\/strong>, trying to increase the number of population centers and safeguarding the genetic diversity of the species.<\/p>\n<p>Another aspect of the project is that of <strong>raising awareness to publicize the situation<\/strong> in which this plant is found, whose only known wild populations are found in the Region of Murcia and in areas of the Valencian Community, specifically in the Llano del Real and La Pobla de Valbona. In fact, it is an <strong>endangered species<\/strong> that has experienced a situation of continuous decline for decades. <\/p>\n<p>To safeguard the rockrose of Cartagena, the project includes various actions such as the molecular characterization of the wild population or the <strong>production of the plant in a nursery<\/strong>, through the development of <em>in situ<\/em> conservation strategies such as <strong>reintroductions and introductions<\/strong>. On the ground, habitat improvement actions will also be launched with selective clearing of the pasture. <strong>Seed conservation<\/strong> is another conservation task that will be carried out.  <\/p>\n<p>In addition, the project includes the <strong>publication of informative materials<\/strong>, including a monograph, a children&#8217;s publication and the edition of audiovisual material.  Environmental<strong> volunteering<\/strong> actions and the <strong>celebration of a technical conference for the scientific community<\/strong> are other actions that seek to raise awareness of the delicate situation in which the conservation of this plant is located.<\/p>\n","protected":false},"author":11,"featured_media":35807,"template":"","meta":{"_acf_changed":false},"palabras_clave":[395,453,469,470],"class_list":["post-97858282","actualidad_home","type-actualidad_home","status-publish","has-post-thumbnail","hentry","palabras_clave-ayudas","palabras_clave-convocatoria","palabras_clave-jara-cartagena","palabras_clave-planta"],"acf":[],"yoast_head":"<!-- This site is optimized with the Yoast SEO plugin v26.9 - https:\/\/yoast.com\/product\/yoast-seo-wordpress\/ -->\n<title>An initiative to recover the rockrose of Cartagena - Fundaci\u00f3n Biodiversidad<\/title>\n<meta name=\"robots\" content=\"index, follow, max-snippet:-1, max-image-preview:large, max-video-preview:-1\" \/>\n<link rel=\"canonical\" href=\"https:\/\/fundacion-biodiversidad.es\/en\/actualidad_home\/an-initiative-to-recover-the-rockrose-of-cartagena\/\" \/>\n<meta property=\"og:locale\" content=\"en_US\" \/>\n<meta property=\"og:type\" content=\"article\" \/>\n<meta property=\"og:title\" content=\"An initiative to recover the rockrose of Cartagena - Fundaci\u00f3n Biodiversidad\" \/>\n<meta property=\"og:description\" content=\"The recovery and conservation of the rockrose of Cartagena is the objective of an initiative that the University of Cartagena has launched.\" \/>\n<meta property=\"og:url\" content=\"https:\/\/fundacion-biodiversidad.es\/en\/actualidad_home\/an-initiative-to-recover-the-rockrose-of-cartagena\/\" \/>\n<meta property=\"og:site_name\" content=\"Fundaci\u00f3n Biodiversidad\" \/>\n<meta property=\"og:image\" content=\"https:\/\/fundacion-biodiversidad.es\/wp-content\/uploads\/2023\/01\/2487661294_35330241_720x405.png\" \/>\n\t<meta property=\"og:image:width\" content=\"720\" \/>\n\t<meta property=\"og:image:height\" content=\"405\" \/>\n\t<meta property=\"og:image:type\" content=\"image\/png\" \/>\n<meta name=\"twitter:card\" content=\"summary_large_image\" \/>\n<meta name=\"twitter:label1\" content=\"Est. reading time\" \/>\n\t<meta name=\"twitter:data1\" content=\"1 minute\" \/>\n<script type=\"application\/ld+json\" class=\"yoast-schema-graph\">{\"@context\":\"https:\/\/schema.org\",\"@graph\":[{\"@type\":\"WebPage\",\"@id\":\"https:\/\/fundacion-biodiversidad.es\/en\/actualidad_home\/an-initiative-to-recover-the-rockrose-of-cartagena\/\",\"url\":\"https:\/\/fundacion-biodiversidad.es\/en\/actualidad_home\/an-initiative-to-recover-the-rockrose-of-cartagena\/\",\"name\":\"An initiative to recover the rockrose of Cartagena - Fundaci\u00f3n Biodiversidad\",\"isPartOf\":{\"@id\":\"https:\/\/fundacion-biodiversidad.es\/en\/#website\"},\"primaryImageOfPage\":{\"@id\":\"https:\/\/fundacion-biodiversidad.es\/en\/actualidad_home\/an-initiative-to-recover-the-rockrose-of-cartagena\/#primaryimage\"},\"image\":{\"@id\":\"https:\/\/fundacion-biodiversidad.es\/en\/actualidad_home\/an-initiative-to-recover-the-rockrose-of-cartagena\/#primaryimage\"},\"thumbnailUrl\":\"https:\/\/fundacion-biodiversidad.es\/wp-content\/uploads\/2017\/04\/cistus-heterophyllus-carthaginensis-3.jpg\",\"datePublished\":\"2017-04-07T05:00:00+00:00\",\"breadcrumb\":{\"@id\":\"https:\/\/fundacion-biodiversidad.es\/en\/actualidad_home\/an-initiative-to-recover-the-rockrose-of-cartagena\/#breadcrumb\"},\"inLanguage\":\"en-US\",\"potentialAction\":[{\"@type\":\"ReadAction\",\"target\":[\"https:\/\/fundacion-biodiversidad.es\/en\/actualidad_home\/an-initiative-to-recover-the-rockrose-of-cartagena\/\"]}]},{\"@type\":\"ImageObject\",\"inLanguage\":\"en-US\",\"@id\":\"https:\/\/fundacion-biodiversidad.es\/en\/actualidad_home\/an-initiative-to-recover-the-rockrose-of-cartagena\/#primaryimage\",\"url\":\"https:\/\/fundacion-biodiversidad.es\/wp-content\/uploads\/2017\/04\/cistus-heterophyllus-carthaginensis-3.jpg\",\"contentUrl\":\"https:\/\/fundacion-biodiversidad.es\/wp-content\/uploads\/2017\/04\/cistus-heterophyllus-carthaginensis-3.jpg\",\"width\":1063,\"height\":797},{\"@type\":\"BreadcrumbList\",\"@id\":\"https:\/\/fundacion-biodiversidad.es\/en\/actualidad_home\/an-initiative-to-recover-the-rockrose-of-cartagena\/#breadcrumb\",\"itemListElement\":[{\"@type\":\"ListItem\",\"position\":1,\"name\":\"Portada\",\"item\":\"https:\/\/fundacion-biodiversidad.es\/en\/inicio\/\"},{\"@type\":\"ListItem\",\"position\":2,\"name\":\"Noticias de actualidad\",\"item\":\"https:\/\/fundacion-biodiversidad.es\/en\/actualidad_home\/\"},{\"@type\":\"ListItem\",\"position\":3,\"name\":\"An initiative to recover the rockrose of Cartagena\"}]},{\"@type\":\"WebSite\",\"@id\":\"https:\/\/fundacion-biodiversidad.es\/en\/#website\",\"url\":\"https:\/\/fundacion-biodiversidad.es\/en\/\",\"name\":\"Fundaci\u00f3n Biodiversidad\",\"description\":\"Fundaci\u00f3n p\u00fablica adscrita al Ministerio para la Transici\u00f3n Ecol\u00f3gica\",\"potentialAction\":[{\"@type\":\"SearchAction\",\"target\":{\"@type\":\"EntryPoint\",\"urlTemplate\":\"https:\/\/fundacion-biodiversidad.es\/en\/?s={search_term_string}\"},\"query-input\":{\"@type\":\"PropertyValueSpecification\",\"valueRequired\":true,\"valueName\":\"search_term_string\"}}],\"inLanguage\":\"en-US\"}]}<\/script>\n<!-- \/ Yoast SEO plugin. -->","yoast_head_json":{"title":"An initiative to recover the rockrose of Cartagena - Fundaci\u00f3n Biodiversidad","robots":{"index":"index","follow":"follow","max-snippet":"max-snippet:-1","max-image-preview":"max-image-preview:large","max-video-preview":"max-video-preview:-1"},"canonical":"https:\/\/fundacion-biodiversidad.es\/en\/actualidad_home\/an-initiative-to-recover-the-rockrose-of-cartagena\/","og_locale":"en_US","og_type":"article","og_title":"An initiative to recover the rockrose of Cartagena - Fundaci\u00f3n Biodiversidad","og_description":"The recovery and conservation of the rockrose of Cartagena is the objective of an initiative that the University of Cartagena has launched.","og_url":"https:\/\/fundacion-biodiversidad.es\/en\/actualidad_home\/an-initiative-to-recover-the-rockrose-of-cartagena\/","og_site_name":"Fundaci\u00f3n Biodiversidad","og_image":[{"width":720,"height":405,"url":"https:\/\/fundacion-biodiversidad.es\/wp-content\/uploads\/2023\/01\/2487661294_35330241_720x405.png","type":"image\/png"}],"twitter_card":"summary_large_image","twitter_misc":{"Est. reading time":"1 minute"},"schema":{"@context":"https:\/\/schema.org","@graph":[{"@type":"WebPage","@id":"https:\/\/fundacion-biodiversidad.es\/en\/actualidad_home\/an-initiative-to-recover-the-rockrose-of-cartagena\/","url":"https:\/\/fundacion-biodiversidad.es\/en\/actualidad_home\/an-initiative-to-recover-the-rockrose-of-cartagena\/","name":"An initiative to recover the rockrose of Cartagena - Fundaci\u00f3n Biodiversidad","isPartOf":{"@id":"https:\/\/fundacion-biodiversidad.es\/en\/#website"},"primaryImageOfPage":{"@id":"https:\/\/fundacion-biodiversidad.es\/en\/actualidad_home\/an-initiative-to-recover-the-rockrose-of-cartagena\/#primaryimage"},"image":{"@id":"https:\/\/fundacion-biodiversidad.es\/en\/actualidad_home\/an-initiative-to-recover-the-rockrose-of-cartagena\/#primaryimage"},"thumbnailUrl":"https:\/\/fundacion-biodiversidad.es\/wp-content\/uploads\/2017\/04\/cistus-heterophyllus-carthaginensis-3.jpg","datePublished":"2017-04-07T05:00:00+00:00","breadcrumb":{"@id":"https:\/\/fundacion-biodiversidad.es\/en\/actualidad_home\/an-initiative-to-recover-the-rockrose-of-cartagena\/#breadcrumb"},"inLanguage":"en-US","potentialAction":[{"@type":"ReadAction","target":["https:\/\/fundacion-biodiversidad.es\/en\/actualidad_home\/an-initiative-to-recover-the-rockrose-of-cartagena\/"]}]},{"@type":"ImageObject","inLanguage":"en-US","@id":"https:\/\/fundacion-biodiversidad.es\/en\/actualidad_home\/an-initiative-to-recover-the-rockrose-of-cartagena\/#primaryimage","url":"https:\/\/fundacion-biodiversidad.es\/wp-content\/uploads\/2017\/04\/cistus-heterophyllus-carthaginensis-3.jpg","contentUrl":"https:\/\/fundacion-biodiversidad.es\/wp-content\/uploads\/2017\/04\/cistus-heterophyllus-carthaginensis-3.jpg","width":1063,"height":797},{"@type":"BreadcrumbList","@id":"https:\/\/fundacion-biodiversidad.es\/en\/actualidad_home\/an-initiative-to-recover-the-rockrose-of-cartagena\/#breadcrumb","itemListElement":[{"@type":"ListItem","position":1,"name":"Portada","item":"https:\/\/fundacion-biodiversidad.es\/en\/inicio\/"},{"@type":"ListItem","position":2,"name":"Noticias de actualidad","item":"https:\/\/fundacion-biodiversidad.es\/en\/actualidad_home\/"},{"@type":"ListItem","position":3,"name":"An initiative to recover the rockrose of Cartagena"}]},{"@type":"WebSite","@id":"https:\/\/fundacion-biodiversidad.es\/en\/#website","url":"https:\/\/fundacion-biodiversidad.es\/en\/","name":"Fundaci\u00f3n Biodiversidad","description":"Fundaci\u00f3n p\u00fablica adscrita al Ministerio para la Transici\u00f3n Ecol\u00f3gica","potentialAction":[{"@type":"SearchAction","target":{"@type":"EntryPoint","urlTemplate":"https:\/\/fundacion-biodiversidad.es\/en\/?s={search_term_string}"},"query-input":{"@type":"PropertyValueSpecification","valueRequired":true,"valueName":"search_term_string"}}],"inLanguage":"en-US"}]}},"_links":{"self":[{"href":"https:\/\/fundacion-biodiversidad.es\/en\/wp-json\/wp\/v2\/actualidad_home\/97858282","targetHints":{"allow":["GET"]}}],"collection":[{"href":"https:\/\/fundacion-biodiversidad.es\/en\/wp-json\/wp\/v2\/actualidad_home"}],"about":[{"href":"https:\/\/fundacion-biodiversidad.es\/en\/wp-json\/wp\/v2\/types\/actualidad_home"}],"author":[{"embeddable":true,"href":"https:\/\/fundacion-biodiversidad.es\/en\/wp-json\/wp\/v2\/users\/11"}],"wp:featuredmedia":[{"embeddable":true,"href":"https:\/\/fundacion-biodiversidad.es\/en\/wp-json\/wp\/v2\/media\/35807"}],"wp:attachment":[{"href":"https:\/\/fundacion-biodiversidad.es\/en\/wp-json\/wp\/v2\/media?parent=97858282"}],"wp:term":[{"taxonomy":"palabras_clave","embeddable":true,"href":"https:\/\/fundacion-biodiversidad.es\/en\/wp-json\/wp\/v2\/palabras_clave?post=97858282"}],"curies":[{"name":"wp","href":"https:\/\/api.w.org\/{rel}","templated":true}]}}