{"id":97858283,"date":"2017-03-14T10:28:37","date_gmt":"2017-03-14T09:28:37","guid":{"rendered":"https:\/\/fundacion-biodiversidad.es\/actualidad_home\/meeting-of-the-management-committee-of-the-life-desmania-project\/"},"modified":"2017-03-14T10:28:37","modified_gmt":"2017-03-14T09:28:37","slug":"meeting-of-the-management-committee-of-the-life-desmania-project","status":"publish","type":"actualidad_home","link":"https:\/\/fundacion-biodiversidad.es\/en\/actualidad_home\/meeting-of-the-management-committee-of-the-life-desmania-project\/","title":{"rendered":"Meeting of the management committee of the LIFE+ Desmania project"},"content":{"rendered":"<p>The management committee of the LIFE+ Desmania project met today at the headquarters of the Biodiversity Foundation in Madrid to analyse its actions.<br \/>\n<!--more--><\/p>\n<p>The <strong>management committee of<\/strong> the <a href=\"http:\/\/www.lifedesman.es\">LIFE+ Desmania<\/a> project, an initiative whose objective is the recovery of the Iberian desman, <strong>met today <\/strong>in Madrid at the headquarters of the Biodiversity Foundation of the Ministry of Agriculture and Fisheries, Food and the Environment. The meeting addressed the evolution of the <strong>project&#8217;s actions<\/strong> and the approval of the plans for the recovery of the desman. <\/p>\n<p>The session, which was attended by representatives of the project partners, served to <strong>learn about the general state of the project<\/strong> and to learn about the specific conservation and informative actions that are being developed. In addition, the Committee has addressed the <strong>preparation of the Fourth LIFE+ Desmania technical seminar<\/strong>, which will allow attendees to increase their knowledge of the problems surrounding the species, as well as the exchange of experiences on the management of its habitat. <\/p>\n<p>Finally, the <strong>final phase of the project<\/strong> has been planned, which will be developed in the coming months.<\/p>\n<p>The Iberian desman (<em>Galemys pirenaicus<\/em>) is a <strong>semi-aquatic insectivorous mammal<\/strong> that is distributed throughout the northern half of the Iberian Peninsula. It is an endemic species currently in a <strong>situation of vulnerability<\/strong>, except in the <strong>Central System, where it is considered in danger of extinction<\/strong>. The main reasons for their population decline are due to the deterioration and fragmentation of their habitat, often as a result of human action.  <\/p>\n<p>In order to stop this trend, the LIFE+ Desmania project has arisen, an initiative that has been underway since 2012 and whose goals are the recovery and conservation of this species. Coordinated by the Biodiversity Foundation of the Ministry of Agriculture and Fisheries, Food and the Environment, it is <strong>50% co-financed by the European Commission<\/strong> through the LIFE+ funds. In addition to the Ministry itself, the Regional Government of Castilla y Le\u00f3n, the Regional Government of Extremadura, CESEFOR, the Natural Heritage Foundation and SOMACYL participate as partners in this project. Likewise, LIFE + Desmania also receives the support of the Mi\u00f1o-Sil, Tagus and Duero Hydrographic Confederations, town councils, research centres and fishermen&#8217;s associations.   <\/p>\n","protected":false},"author":11,"featured_media":35802,"template":"","meta":{"_acf_changed":false},"palabras_clave":[],"class_list":["post-97858283","actualidad_home","type-actualidad_home","status-publish","has-post-thumbnail","hentry"],"acf":[],"yoast_head":"<!-- This site is optimized with the Yoast SEO plugin v26.9 - https:\/\/yoast.com\/product\/yoast-seo-wordpress\/ -->\n<title>Meeting of the management committee of the LIFE+ Desmania project - Fundaci\u00f3n Biodiversidad<\/title>\n<meta name=\"robots\" content=\"index, follow, max-snippet:-1, max-image-preview:large, max-video-preview:-1\" \/>\n<link rel=\"canonical\" href=\"https:\/\/fundacion-biodiversidad.es\/en\/actualidad_home\/meeting-of-the-management-committee-of-the-life-desmania-project\/\" \/>\n<meta property=\"og:locale\" content=\"en_US\" \/>\n<meta property=\"og:type\" content=\"article\" \/>\n<meta property=\"og:title\" content=\"Meeting of the management committee of the LIFE+ Desmania project - Fundaci\u00f3n Biodiversidad\" \/>\n<meta property=\"og:description\" content=\"The management committee of the LIFE+ Desmania project met today at the headquarters of the Biodiversity Foundation in Madrid to analyse its actions.\" \/>\n<meta property=\"og:url\" content=\"https:\/\/fundacion-biodiversidad.es\/en\/actualidad_home\/meeting-of-the-management-committee-of-the-life-desmania-project\/\" \/>\n<meta property=\"og:site_name\" content=\"Fundaci\u00f3n Biodiversidad\" \/>\n<meta property=\"og:image\" content=\"https:\/\/fundacion-biodiversidad.es\/wp-content\/uploads\/2023\/01\/2487661294_35330241_720x405.png\" \/>\n\t<meta property=\"og:image:width\" content=\"720\" \/>\n\t<meta property=\"og:image:height\" content=\"405\" \/>\n\t<meta property=\"og:image:type\" content=\"image\/png\" \/>\n<meta name=\"twitter:card\" content=\"summary_large_image\" \/>\n<meta name=\"twitter:label1\" content=\"Est. reading time\" \/>\n\t<meta name=\"twitter:data1\" content=\"2 minutes\" \/>\n<script type=\"application\/ld+json\" class=\"yoast-schema-graph\">{\"@context\":\"https:\/\/schema.org\",\"@graph\":[{\"@type\":\"WebPage\",\"@id\":\"https:\/\/fundacion-biodiversidad.es\/en\/actualidad_home\/meeting-of-the-management-committee-of-the-life-desmania-project\/\",\"url\":\"https:\/\/fundacion-biodiversidad.es\/en\/actualidad_home\/meeting-of-the-management-committee-of-the-life-desmania-project\/\",\"name\":\"Meeting of the management committee of the LIFE+ Desmania project - Fundaci\u00f3n Biodiversidad\",\"isPartOf\":{\"@id\":\"https:\/\/fundacion-biodiversidad.es\/en\/#website\"},\"primaryImageOfPage\":{\"@id\":\"https:\/\/fundacion-biodiversidad.es\/en\/actualidad_home\/meeting-of-the-management-committee-of-the-life-desmania-project\/#primaryimage\"},\"image\":{\"@id\":\"https:\/\/fundacion-biodiversidad.es\/en\/actualidad_home\/meeting-of-the-management-committee-of-the-life-desmania-project\/#primaryimage\"},\"thumbnailUrl\":\"https:\/\/fundacion-biodiversidad.es\/wp-content\/uploads\/2017\/03\/foto_de_familia_life_desman1-scaled.jpg\",\"datePublished\":\"2017-03-14T09:28:37+00:00\",\"breadcrumb\":{\"@id\":\"https:\/\/fundacion-biodiversidad.es\/en\/actualidad_home\/meeting-of-the-management-committee-of-the-life-desmania-project\/#breadcrumb\"},\"inLanguage\":\"en-US\",\"potentialAction\":[{\"@type\":\"ReadAction\",\"target\":[\"https:\/\/fundacion-biodiversidad.es\/en\/actualidad_home\/meeting-of-the-management-committee-of-the-life-desmania-project\/\"]}]},{\"@type\":\"ImageObject\",\"inLanguage\":\"en-US\",\"@id\":\"https:\/\/fundacion-biodiversidad.es\/en\/actualidad_home\/meeting-of-the-management-committee-of-the-life-desmania-project\/#primaryimage\",\"url\":\"https:\/\/fundacion-biodiversidad.es\/wp-content\/uploads\/2017\/03\/foto_de_familia_life_desman1-scaled.jpg\",\"contentUrl\":\"https:\/\/fundacion-biodiversidad.es\/wp-content\/uploads\/2017\/03\/foto_de_familia_life_desman1-scaled.jpg\",\"width\":2560,\"height\":1422},{\"@type\":\"BreadcrumbList\",\"@id\":\"https:\/\/fundacion-biodiversidad.es\/en\/actualidad_home\/meeting-of-the-management-committee-of-the-life-desmania-project\/#breadcrumb\",\"itemListElement\":[{\"@type\":\"ListItem\",\"position\":1,\"name\":\"Portada\",\"item\":\"https:\/\/fundacion-biodiversidad.es\/en\/inicio\/\"},{\"@type\":\"ListItem\",\"position\":2,\"name\":\"Noticias de actualidad\",\"item\":\"https:\/\/fundacion-biodiversidad.es\/en\/actualidad_home\/\"},{\"@type\":\"ListItem\",\"position\":3,\"name\":\"Meeting of the management committee of the LIFE+ Desmania project\"}]},{\"@type\":\"WebSite\",\"@id\":\"https:\/\/fundacion-biodiversidad.es\/en\/#website\",\"url\":\"https:\/\/fundacion-biodiversidad.es\/en\/\",\"name\":\"Fundaci\u00f3n Biodiversidad\",\"description\":\"Fundaci\u00f3n p\u00fablica adscrita al Ministerio para la Transici\u00f3n Ecol\u00f3gica\",\"potentialAction\":[{\"@type\":\"SearchAction\",\"target\":{\"@type\":\"EntryPoint\",\"urlTemplate\":\"https:\/\/fundacion-biodiversidad.es\/en\/?s={search_term_string}\"},\"query-input\":{\"@type\":\"PropertyValueSpecification\",\"valueRequired\":true,\"valueName\":\"search_term_string\"}}],\"inLanguage\":\"en-US\"}]}<\/script>\n<!-- \/ Yoast SEO plugin. -->","yoast_head_json":{"title":"Meeting of the management committee of the LIFE+ Desmania project - Fundaci\u00f3n Biodiversidad","robots":{"index":"index","follow":"follow","max-snippet":"max-snippet:-1","max-image-preview":"max-image-preview:large","max-video-preview":"max-video-preview:-1"},"canonical":"https:\/\/fundacion-biodiversidad.es\/en\/actualidad_home\/meeting-of-the-management-committee-of-the-life-desmania-project\/","og_locale":"en_US","og_type":"article","og_title":"Meeting of the management committee of the LIFE+ Desmania project - Fundaci\u00f3n Biodiversidad","og_description":"The management committee of the LIFE+ Desmania project met today at the headquarters of the Biodiversity Foundation in Madrid to analyse its actions.","og_url":"https:\/\/fundacion-biodiversidad.es\/en\/actualidad_home\/meeting-of-the-management-committee-of-the-life-desmania-project\/","og_site_name":"Fundaci\u00f3n Biodiversidad","og_image":[{"width":720,"height":405,"url":"https:\/\/fundacion-biodiversidad.es\/wp-content\/uploads\/2023\/01\/2487661294_35330241_720x405.png","type":"image\/png"}],"twitter_card":"summary_large_image","twitter_misc":{"Est. reading time":"2 minutes"},"schema":{"@context":"https:\/\/schema.org","@graph":[{"@type":"WebPage","@id":"https:\/\/fundacion-biodiversidad.es\/en\/actualidad_home\/meeting-of-the-management-committee-of-the-life-desmania-project\/","url":"https:\/\/fundacion-biodiversidad.es\/en\/actualidad_home\/meeting-of-the-management-committee-of-the-life-desmania-project\/","name":"Meeting of the management committee of the LIFE+ Desmania project - Fundaci\u00f3n Biodiversidad","isPartOf":{"@id":"https:\/\/fundacion-biodiversidad.es\/en\/#website"},"primaryImageOfPage":{"@id":"https:\/\/fundacion-biodiversidad.es\/en\/actualidad_home\/meeting-of-the-management-committee-of-the-life-desmania-project\/#primaryimage"},"image":{"@id":"https:\/\/fundacion-biodiversidad.es\/en\/actualidad_home\/meeting-of-the-management-committee-of-the-life-desmania-project\/#primaryimage"},"thumbnailUrl":"https:\/\/fundacion-biodiversidad.es\/wp-content\/uploads\/2017\/03\/foto_de_familia_life_desman1-scaled.jpg","datePublished":"2017-03-14T09:28:37+00:00","breadcrumb":{"@id":"https:\/\/fundacion-biodiversidad.es\/en\/actualidad_home\/meeting-of-the-management-committee-of-the-life-desmania-project\/#breadcrumb"},"inLanguage":"en-US","potentialAction":[{"@type":"ReadAction","target":["https:\/\/fundacion-biodiversidad.es\/en\/actualidad_home\/meeting-of-the-management-committee-of-the-life-desmania-project\/"]}]},{"@type":"ImageObject","inLanguage":"en-US","@id":"https:\/\/fundacion-biodiversidad.es\/en\/actualidad_home\/meeting-of-the-management-committee-of-the-life-desmania-project\/#primaryimage","url":"https:\/\/fundacion-biodiversidad.es\/wp-content\/uploads\/2017\/03\/foto_de_familia_life_desman1-scaled.jpg","contentUrl":"https:\/\/fundacion-biodiversidad.es\/wp-content\/uploads\/2017\/03\/foto_de_familia_life_desman1-scaled.jpg","width":2560,"height":1422},{"@type":"BreadcrumbList","@id":"https:\/\/fundacion-biodiversidad.es\/en\/actualidad_home\/meeting-of-the-management-committee-of-the-life-desmania-project\/#breadcrumb","itemListElement":[{"@type":"ListItem","position":1,"name":"Portada","item":"https:\/\/fundacion-biodiversidad.es\/en\/inicio\/"},{"@type":"ListItem","position":2,"name":"Noticias de actualidad","item":"https:\/\/fundacion-biodiversidad.es\/en\/actualidad_home\/"},{"@type":"ListItem","position":3,"name":"Meeting of the management committee of the LIFE+ Desmania project"}]},{"@type":"WebSite","@id":"https:\/\/fundacion-biodiversidad.es\/en\/#website","url":"https:\/\/fundacion-biodiversidad.es\/en\/","name":"Fundaci\u00f3n Biodiversidad","description":"Fundaci\u00f3n p\u00fablica adscrita al Ministerio para la Transici\u00f3n Ecol\u00f3gica","potentialAction":[{"@type":"SearchAction","target":{"@type":"EntryPoint","urlTemplate":"https:\/\/fundacion-biodiversidad.es\/en\/?s={search_term_string}"},"query-input":{"@type":"PropertyValueSpecification","valueRequired":true,"valueName":"search_term_string"}}],"inLanguage":"en-US"}]}},"_links":{"self":[{"href":"https:\/\/fundacion-biodiversidad.es\/en\/wp-json\/wp\/v2\/actualidad_home\/97858283","targetHints":{"allow":["GET"]}}],"collection":[{"href":"https:\/\/fundacion-biodiversidad.es\/en\/wp-json\/wp\/v2\/actualidad_home"}],"about":[{"href":"https:\/\/fundacion-biodiversidad.es\/en\/wp-json\/wp\/v2\/types\/actualidad_home"}],"author":[{"embeddable":true,"href":"https:\/\/fundacion-biodiversidad.es\/en\/wp-json\/wp\/v2\/users\/11"}],"wp:featuredmedia":[{"embeddable":true,"href":"https:\/\/fundacion-biodiversidad.es\/en\/wp-json\/wp\/v2\/media\/35802"}],"wp:attachment":[{"href":"https:\/\/fundacion-biodiversidad.es\/en\/wp-json\/wp\/v2\/media?parent=97858283"}],"wp:term":[{"taxonomy":"palabras_clave","embeddable":true,"href":"https:\/\/fundacion-biodiversidad.es\/en\/wp-json\/wp\/v2\/palabras_clave?post=97858283"}],"curies":[{"name":"wp","href":"https:\/\/api.w.org\/{rel}","templated":true}]}}