{"id":97858297,"date":"2019-06-06T08:33:43","date_gmt":"2019-06-06T06:33:43","guid":{"rendered":"https:\/\/fundacion-biodiversidad.es\/actualidad_home\/we-talk-about-art-science-and-political-action-in-the-face-of-climate-change\/"},"modified":"2019-06-06T08:33:43","modified_gmt":"2019-06-06T06:33:43","slug":"we-talk-about-art-science-and-political-action-in-the-face-of-climate-change","status":"publish","type":"actualidad_home","link":"https:\/\/fundacion-biodiversidad.es\/en\/actualidad_home\/we-talk-about-art-science-and-political-action-in-the-face-of-climate-change\/","title":{"rendered":"We talk about art, science and political action in the face of climate change"},"content":{"rendered":"<p>Coinciding with the <strong>celebration of World Environment Day<\/strong>, we have organized, in collaboration with the Enaire Foundation, the conference &#8220;Art, science and political action in the face of climate change&#8221;, which took place at the Glorieta de los Casta\u00f1os of the Royal Botanical Garden of Madrid.<\/p>\n<p><strong>The acting Minister for Ecological Transition, Teresa Ribera,<\/strong> inaugurated this meeting; accompanied by Beatriz Montero de Espinosa, managing director of the Enaire Foundation; and Esteban Manrique, director of the Royal Botanical Garden. Ribera <strong>stressed that climate change is a problem in the history of humanity and despite this, institutions and governments have been behind science.<\/strong> <\/p>\n<p>The first <strong>conversation &#8220;Glaciers and climate change&#8221;<\/strong> was attended by the researcher Eduardo Lastrada; Sonia Casta\u00f1eda, director of the Biodiversity Foundation; and the photographer Javier Vallhonrat, who exhibits his latest project, La sombra incisa, at PHotoEspa\u00f1a 2019, the result of three years of work on the La Maladeta Glacier. Casta\u00f1eda highlighted the importance of glaciers as temperature regulators and as water reserves. Only 10% of the planet is covered by glaciers and it is believed that by 2100 50% of them will disappear.  <\/p>\n<p>The second <strong>conversation &#8220;Forests and climate change&#8221;<\/strong> was attended by Joan Pino, director of the Centre for Ecological Research and Forestry Applications; Patricia Riquelme, co-director of the Sierra de Guadarrama National Park; and the photographer Jes\u00fas Rocandio, who has stated that photography has always fulfilled the task of denouncing the problems of our time and he, specifically, seeks to raise awareness about climate change.<\/p>\n<p>The closing of the conference was attended by Isabel Bombal, acting Director General of Rural Development, Innovation and Forestry Policy of the Ministry of Agriculture, Fisheries and Food; and <strong>the acting Secretary of State for the Environment, Hugo Mor\u00e1n<\/strong>, who pointed out that artists have always been a tool to transfer knowledge to citizens. <strong>&#8220;Today they translate the knowledge of science into the language of society, in this case climate change and loss of biodiversity,&#8221;<\/strong> he concluded.<\/p>\n","protected":false},"author":11,"featured_media":35991,"template":"","meta":{"_acf_changed":false},"palabras_clave":[],"class_list":["post-97858297","actualidad_home","type-actualidad_home","status-publish","has-post-thumbnail","hentry"],"acf":[],"yoast_head":"<!-- This site is optimized with the Yoast SEO plugin v26.9 - https:\/\/yoast.com\/product\/yoast-seo-wordpress\/ -->\n<title>We talk about art, science and political action in the face of climate change - Fundaci\u00f3n Biodiversidad<\/title>\n<meta name=\"robots\" content=\"index, follow, max-snippet:-1, max-image-preview:large, max-video-preview:-1\" \/>\n<link rel=\"canonical\" href=\"https:\/\/fundacion-biodiversidad.es\/en\/actualidad_home\/we-talk-about-art-science-and-political-action-in-the-face-of-climate-change\/\" \/>\n<meta property=\"og:locale\" content=\"en_US\" \/>\n<meta property=\"og:type\" content=\"article\" \/>\n<meta property=\"og:title\" content=\"We talk about art, science and political action in the face of climate change - Fundaci\u00f3n Biodiversidad\" \/>\n<meta property=\"og:description\" content=\"Coinciding with the celebration of World Environment Day, we have organized, in collaboration with the Enaire Foundation, the conference &#8220;Art, science and political action in [&hellip;]\" \/>\n<meta property=\"og:url\" content=\"https:\/\/fundacion-biodiversidad.es\/en\/actualidad_home\/we-talk-about-art-science-and-political-action-in-the-face-of-climate-change\/\" \/>\n<meta property=\"og:site_name\" content=\"Fundaci\u00f3n Biodiversidad\" \/>\n<meta property=\"og:image\" content=\"https:\/\/fundacion-biodiversidad.es\/wp-content\/uploads\/2023\/01\/2487661294_35330241_720x405.png\" \/>\n\t<meta property=\"og:image:width\" content=\"720\" \/>\n\t<meta property=\"og:image:height\" content=\"405\" \/>\n\t<meta property=\"og:image:type\" content=\"image\/png\" \/>\n<meta name=\"twitter:card\" content=\"summary_large_image\" \/>\n<meta name=\"twitter:label1\" content=\"Est. reading time\" \/>\n\t<meta name=\"twitter:data1\" content=\"2 minutes\" \/>\n<script type=\"application\/ld+json\" class=\"yoast-schema-graph\">{\"@context\":\"https:\/\/schema.org\",\"@graph\":[{\"@type\":\"WebPage\",\"@id\":\"https:\/\/fundacion-biodiversidad.es\/en\/actualidad_home\/we-talk-about-art-science-and-political-action-in-the-face-of-climate-change\/\",\"url\":\"https:\/\/fundacion-biodiversidad.es\/en\/actualidad_home\/we-talk-about-art-science-and-political-action-in-the-face-of-climate-change\/\",\"name\":\"We talk about art, science and political action in the face of climate change - Fundaci\u00f3n Biodiversidad\",\"isPartOf\":{\"@id\":\"https:\/\/fundacion-biodiversidad.es\/en\/#website\"},\"primaryImageOfPage\":{\"@id\":\"https:\/\/fundacion-biodiversidad.es\/en\/actualidad_home\/we-talk-about-art-science-and-political-action-in-the-face-of-climate-change\/#primaryimage\"},\"image\":{\"@id\":\"https:\/\/fundacion-biodiversidad.es\/en\/actualidad_home\/we-talk-about-art-science-and-political-action-in-the-face-of-climate-change\/#primaryimage\"},\"thumbnailUrl\":\"https:\/\/fundacion-biodiversidad.es\/wp-content\/uploads\/2019\/06\/arte_ciencia_y_accion_8.jpg\",\"datePublished\":\"2019-06-06T06:33:43+00:00\",\"breadcrumb\":{\"@id\":\"https:\/\/fundacion-biodiversidad.es\/en\/actualidad_home\/we-talk-about-art-science-and-political-action-in-the-face-of-climate-change\/#breadcrumb\"},\"inLanguage\":\"en-US\",\"potentialAction\":[{\"@type\":\"ReadAction\",\"target\":[\"https:\/\/fundacion-biodiversidad.es\/en\/actualidad_home\/we-talk-about-art-science-and-political-action-in-the-face-of-climate-change\/\"]}]},{\"@type\":\"ImageObject\",\"inLanguage\":\"en-US\",\"@id\":\"https:\/\/fundacion-biodiversidad.es\/en\/actualidad_home\/we-talk-about-art-science-and-political-action-in-the-face-of-climate-change\/#primaryimage\",\"url\":\"https:\/\/fundacion-biodiversidad.es\/wp-content\/uploads\/2019\/06\/arte_ciencia_y_accion_8.jpg\",\"contentUrl\":\"https:\/\/fundacion-biodiversidad.es\/wp-content\/uploads\/2019\/06\/arte_ciencia_y_accion_8.jpg\",\"width\":700,\"height\":333},{\"@type\":\"BreadcrumbList\",\"@id\":\"https:\/\/fundacion-biodiversidad.es\/en\/actualidad_home\/we-talk-about-art-science-and-political-action-in-the-face-of-climate-change\/#breadcrumb\",\"itemListElement\":[{\"@type\":\"ListItem\",\"position\":1,\"name\":\"Portada\",\"item\":\"https:\/\/fundacion-biodiversidad.es\/en\/inicio\/\"},{\"@type\":\"ListItem\",\"position\":2,\"name\":\"Noticias de actualidad\",\"item\":\"https:\/\/fundacion-biodiversidad.es\/en\/actualidad_home\/\"},{\"@type\":\"ListItem\",\"position\":3,\"name\":\"We talk about art, science and political action in the face of climate change\"}]},{\"@type\":\"WebSite\",\"@id\":\"https:\/\/fundacion-biodiversidad.es\/en\/#website\",\"url\":\"https:\/\/fundacion-biodiversidad.es\/en\/\",\"name\":\"Fundaci\u00f3n Biodiversidad\",\"description\":\"Fundaci\u00f3n p\u00fablica adscrita al Ministerio para la Transici\u00f3n Ecol\u00f3gica\",\"potentialAction\":[{\"@type\":\"SearchAction\",\"target\":{\"@type\":\"EntryPoint\",\"urlTemplate\":\"https:\/\/fundacion-biodiversidad.es\/en\/?s={search_term_string}\"},\"query-input\":{\"@type\":\"PropertyValueSpecification\",\"valueRequired\":true,\"valueName\":\"search_term_string\"}}],\"inLanguage\":\"en-US\"}]}<\/script>\n<!-- \/ Yoast SEO plugin. -->","yoast_head_json":{"title":"We talk about art, science and political action in the face of climate change - Fundaci\u00f3n Biodiversidad","robots":{"index":"index","follow":"follow","max-snippet":"max-snippet:-1","max-image-preview":"max-image-preview:large","max-video-preview":"max-video-preview:-1"},"canonical":"https:\/\/fundacion-biodiversidad.es\/en\/actualidad_home\/we-talk-about-art-science-and-political-action-in-the-face-of-climate-change\/","og_locale":"en_US","og_type":"article","og_title":"We talk about art, science and political action in the face of climate change - Fundaci\u00f3n Biodiversidad","og_description":"Coinciding with the celebration of World Environment Day, we have organized, in collaboration with the Enaire Foundation, the conference &#8220;Art, science and political action in [&hellip;]","og_url":"https:\/\/fundacion-biodiversidad.es\/en\/actualidad_home\/we-talk-about-art-science-and-political-action-in-the-face-of-climate-change\/","og_site_name":"Fundaci\u00f3n Biodiversidad","og_image":[{"width":720,"height":405,"url":"https:\/\/fundacion-biodiversidad.es\/wp-content\/uploads\/2023\/01\/2487661294_35330241_720x405.png","type":"image\/png"}],"twitter_card":"summary_large_image","twitter_misc":{"Est. reading time":"2 minutes"},"schema":{"@context":"https:\/\/schema.org","@graph":[{"@type":"WebPage","@id":"https:\/\/fundacion-biodiversidad.es\/en\/actualidad_home\/we-talk-about-art-science-and-political-action-in-the-face-of-climate-change\/","url":"https:\/\/fundacion-biodiversidad.es\/en\/actualidad_home\/we-talk-about-art-science-and-political-action-in-the-face-of-climate-change\/","name":"We talk about art, science and political action in the face of climate change - Fundaci\u00f3n Biodiversidad","isPartOf":{"@id":"https:\/\/fundacion-biodiversidad.es\/en\/#website"},"primaryImageOfPage":{"@id":"https:\/\/fundacion-biodiversidad.es\/en\/actualidad_home\/we-talk-about-art-science-and-political-action-in-the-face-of-climate-change\/#primaryimage"},"image":{"@id":"https:\/\/fundacion-biodiversidad.es\/en\/actualidad_home\/we-talk-about-art-science-and-political-action-in-the-face-of-climate-change\/#primaryimage"},"thumbnailUrl":"https:\/\/fundacion-biodiversidad.es\/wp-content\/uploads\/2019\/06\/arte_ciencia_y_accion_8.jpg","datePublished":"2019-06-06T06:33:43+00:00","breadcrumb":{"@id":"https:\/\/fundacion-biodiversidad.es\/en\/actualidad_home\/we-talk-about-art-science-and-political-action-in-the-face-of-climate-change\/#breadcrumb"},"inLanguage":"en-US","potentialAction":[{"@type":"ReadAction","target":["https:\/\/fundacion-biodiversidad.es\/en\/actualidad_home\/we-talk-about-art-science-and-political-action-in-the-face-of-climate-change\/"]}]},{"@type":"ImageObject","inLanguage":"en-US","@id":"https:\/\/fundacion-biodiversidad.es\/en\/actualidad_home\/we-talk-about-art-science-and-political-action-in-the-face-of-climate-change\/#primaryimage","url":"https:\/\/fundacion-biodiversidad.es\/wp-content\/uploads\/2019\/06\/arte_ciencia_y_accion_8.jpg","contentUrl":"https:\/\/fundacion-biodiversidad.es\/wp-content\/uploads\/2019\/06\/arte_ciencia_y_accion_8.jpg","width":700,"height":333},{"@type":"BreadcrumbList","@id":"https:\/\/fundacion-biodiversidad.es\/en\/actualidad_home\/we-talk-about-art-science-and-political-action-in-the-face-of-climate-change\/#breadcrumb","itemListElement":[{"@type":"ListItem","position":1,"name":"Portada","item":"https:\/\/fundacion-biodiversidad.es\/en\/inicio\/"},{"@type":"ListItem","position":2,"name":"Noticias de actualidad","item":"https:\/\/fundacion-biodiversidad.es\/en\/actualidad_home\/"},{"@type":"ListItem","position":3,"name":"We talk about art, science and political action in the face of climate change"}]},{"@type":"WebSite","@id":"https:\/\/fundacion-biodiversidad.es\/en\/#website","url":"https:\/\/fundacion-biodiversidad.es\/en\/","name":"Fundaci\u00f3n Biodiversidad","description":"Fundaci\u00f3n p\u00fablica adscrita al Ministerio para la Transici\u00f3n Ecol\u00f3gica","potentialAction":[{"@type":"SearchAction","target":{"@type":"EntryPoint","urlTemplate":"https:\/\/fundacion-biodiversidad.es\/en\/?s={search_term_string}"},"query-input":{"@type":"PropertyValueSpecification","valueRequired":true,"valueName":"search_term_string"}}],"inLanguage":"en-US"}]}},"_links":{"self":[{"href":"https:\/\/fundacion-biodiversidad.es\/en\/wp-json\/wp\/v2\/actualidad_home\/97858297","targetHints":{"allow":["GET"]}}],"collection":[{"href":"https:\/\/fundacion-biodiversidad.es\/en\/wp-json\/wp\/v2\/actualidad_home"}],"about":[{"href":"https:\/\/fundacion-biodiversidad.es\/en\/wp-json\/wp\/v2\/types\/actualidad_home"}],"author":[{"embeddable":true,"href":"https:\/\/fundacion-biodiversidad.es\/en\/wp-json\/wp\/v2\/users\/11"}],"wp:featuredmedia":[{"embeddable":true,"href":"https:\/\/fundacion-biodiversidad.es\/en\/wp-json\/wp\/v2\/media\/35991"}],"wp:attachment":[{"href":"https:\/\/fundacion-biodiversidad.es\/en\/wp-json\/wp\/v2\/media?parent=97858297"}],"wp:term":[{"taxonomy":"palabras_clave","embeddable":true,"href":"https:\/\/fundacion-biodiversidad.es\/en\/wp-json\/wp\/v2\/palabras_clave?post=97858297"}],"curies":[{"name":"wp","href":"https:\/\/api.w.org\/{rel}","templated":true}]}}