{"id":97858302,"date":"2019-05-24T08:11:12","date_gmt":"2019-05-24T06:11:12","guid":{"rendered":"https:\/\/fundacion-biodiversidad.es\/actualidad_home\/nature-our-treasure-is-the-motto-of-the-european-parks-day\/"},"modified":"2019-05-24T08:11:12","modified_gmt":"2019-05-24T06:11:12","slug":"nature-our-treasure-is-the-motto-of-the-european-parks-day","status":"publish","type":"actualidad_home","link":"https:\/\/fundacion-biodiversidad.es\/en\/actualidad_home\/nature-our-treasure-is-the-motto-of-the-european-parks-day\/","title":{"rendered":"&#8220;Nature, our treasure&#8221; is the motto of the European Parks Day"},"content":{"rendered":"<p>From the Biodiversity Foundation we support different projects that are developed in our National Parks.<br \/>\n<!--more--><\/p>\n<p>The <a href=\"https:\/\/www.europarc.org\/\">EUROPARC Federation<\/a> promotes once again the <strong>celebration <a href=\"https:\/\/www.europarc.org\/nature\/european-day-of-parks\/\">of the European Parks Day<\/a>, which has taken place every May 24 since 1999<\/strong>. This event commemorates the declaration of the first national parks in Europe, specifically in Sweden in 1909. This year it is promoted under the slogan &#8220;Nature, our treasure&#8221;, a call to reconnect with nature, to highlight the natural treasures that make parks such special spaces.  <\/p>\n<p>From the Biodiversity Foundation we support different <strong>projects that are developed in our National Parks<\/strong>, the most prestigious protection figure in our country, our natural treasures. Since 2005 we have allocated <strong>almost 9 million euros to more than 60 projects<\/strong>, of which eight are currently underway. <\/p>\n<p>Thus, the Institute of Agricultural and Food Research and Technology (INIA) is developing the <a href=\"https:\/\/fundacion-biodiversidad.es\/es\/cambio-climatico-y-calidad-ambiental\/proyectos-convocatoria-ayudas\/qumature-vulnerabilidad-y\">QuMATURE<\/a> project to analyse the functional, genetic, structural and compositional changes in mature Mediterranean Quercus forests in the <strong>Monfrag\u00fce and Caba\u00f1eros national parks<\/strong>, considering the effects of ageing and the absence of management on the reproductive potential and viability of progeny.  forest dynamics and vulnerability to climate change.<\/p>\n<p>For its part, the Geological and Mining Institute of Spain (IGME) promotes improving the knowledge necessary for the management <strong>of the Las Tablas de Daimiel National Park<\/strong> in the search for sustainable ecological restoration to recover the usual biological diversity of the park, since it currently has an anomalous biodiversity, with a low population of native herbivorous waterbirds and a high population of invasive exotic fish.<\/p>\n<p>The <a href=\"http:\/\/www.ciemat.es\/portal.do?IDM=61&amp;NM=2&amp;identificador=1506\">Centre for Energy, Environmental and Technological Research (CIEMAT)<\/a> is studying the risk induced by air pollution in the conservation of the most representative and vulnerable species of the subalpine pasture communities of the Iberian peaks, within a framework of global change, in the <strong>Sierra de Guadarrama National Park<\/strong>.<\/p>\n<p>In <strong>the Atlantic Islands Maritime-Terrestrial National Park <\/strong>we collaborate with different entities in several projects framed in the <a href=\"https:\/\/www.programapleamar.es\/\">Pleamar Programme<\/a>, co-financed by the European Maritime and Fisheries Fund (EMFF). The Colexio Oficial de Bi\u00f3logos de Galicia develops <a href=\"https:\/\/www.programapleamar.es\/proyectos\/ii-red-para-la-recuperacion-de-los-ecosistemas-marinos-en-el-pnmt-illas-atlanticas-de\">awareness-raising actions<\/a> focused on marine litter and the conservation of biodiversity and marine ecosystems. The <a href=\"https:\/\/www.programapleamar.es\/proyectos\/repescaplas-valorizacion-material-de-residuos-plasticos-recuperados-del-mar-1\">Association for Research on Plastic and Related Materials<\/a> (AIMPLAS) collects, recycles and obtains recycled products from the plastic fraction of marine litter. In addition, the University of Vigo <a href=\"https:\/\/www.programapleamar.es\/proyectos\/alganat2000\">studies the abundance and ecological status of macroalgae<\/a> with the aim of contributing to the sustainable management of marine protected areas with fishing activity and the monitoring and maintenance of marine biodiversity, through the development of new methodologies that allow the mapping of macroalgae and the evaluation of their physiological and conservation status.   <\/p>\n<p>In the vicinity <strong>of the Do\u00f1ana National Park,<\/strong> the University of Cadiz is working, also within the framework of the High Tide Programme, on <a href=\"https:\/\/www.programapleamar.es\/proyectos\/proyecto-ecofish-estrategias-eco-innovadoras-para-una-pesqueria-sostenible-en-la-zepa-del\">strategies to develop more environmentally sustainable fisheries<\/a> in the Gulf of Cadiz SPA.<\/p>\n<p>Finally, in the<strong> Maritime-Terrestrial National Park of the Cabrera Archipelago<\/strong> , SEO\/Birdlife is developing a<a href=\"https:\/\/www.programapleamar.es\/proyectos\/zepamed-pesca-aves-y-red-natura-2000-tendiendo-puentes-para-la-gestion-de-las-zepa-en-el\"> project<\/a> aimed at integrating the fishing sector in the future management of marine SPAs in the Spanish Mediterranean.<\/p>\n","protected":false},"author":11,"featured_media":35988,"template":"","meta":{"_acf_changed":false},"palabras_clave":[],"class_list":["post-97858302","actualidad_home","type-actualidad_home","status-publish","has-post-thumbnail","hentry"],"acf":[],"yoast_head":"<!-- This site is optimized with the Yoast SEO plugin v26.9 - https:\/\/yoast.com\/product\/yoast-seo-wordpress\/ -->\n<title>&quot;Nature, our treasure&quot; is the motto of the European Parks Day - Fundaci\u00f3n Biodiversidad<\/title>\n<meta name=\"robots\" content=\"index, follow, max-snippet:-1, max-image-preview:large, max-video-preview:-1\" \/>\n<link rel=\"canonical\" href=\"https:\/\/fundacion-biodiversidad.es\/en\/actualidad_home\/nature-our-treasure-is-the-motto-of-the-european-parks-day\/\" \/>\n<meta property=\"og:locale\" content=\"en_US\" \/>\n<meta property=\"og:type\" content=\"article\" \/>\n<meta property=\"og:title\" content=\"&quot;Nature, our treasure&quot; is the motto of the European Parks Day - Fundaci\u00f3n Biodiversidad\" \/>\n<meta property=\"og:description\" content=\"From the Biodiversity Foundation we support different projects that are developed in our National Parks.\" \/>\n<meta property=\"og:url\" content=\"https:\/\/fundacion-biodiversidad.es\/en\/actualidad_home\/nature-our-treasure-is-the-motto-of-the-european-parks-day\/\" \/>\n<meta property=\"og:site_name\" content=\"Fundaci\u00f3n Biodiversidad\" \/>\n<meta property=\"og:image\" content=\"https:\/\/fundacion-biodiversidad.es\/wp-content\/uploads\/2023\/01\/2487661294_35330241_720x405.png\" \/>\n\t<meta property=\"og:image:width\" content=\"720\" \/>\n\t<meta property=\"og:image:height\" content=\"405\" \/>\n\t<meta property=\"og:image:type\" content=\"image\/png\" \/>\n<meta name=\"twitter:card\" content=\"summary_large_image\" \/>\n<meta name=\"twitter:label1\" content=\"Est. reading time\" \/>\n\t<meta name=\"twitter:data1\" content=\"3 minutes\" \/>\n<script type=\"application\/ld+json\" class=\"yoast-schema-graph\">{\"@context\":\"https:\/\/schema.org\",\"@graph\":[{\"@type\":\"WebPage\",\"@id\":\"https:\/\/fundacion-biodiversidad.es\/en\/actualidad_home\/nature-our-treasure-is-the-motto-of-the-european-parks-day\/\",\"url\":\"https:\/\/fundacion-biodiversidad.es\/en\/actualidad_home\/nature-our-treasure-is-the-motto-of-the-european-parks-day\/\",\"name\":\"\\\"Nature, our treasure\\\" is the motto of the European Parks Day - Fundaci\u00f3n Biodiversidad\",\"isPartOf\":{\"@id\":\"https:\/\/fundacion-biodiversidad.es\/en\/#website\"},\"primaryImageOfPage\":{\"@id\":\"https:\/\/fundacion-biodiversidad.es\/en\/actualidad_home\/nature-our-treasure-is-the-motto-of-the-european-parks-day\/#primaryimage\"},\"image\":{\"@id\":\"https:\/\/fundacion-biodiversidad.es\/en\/actualidad_home\/nature-our-treasure-is-the-motto-of-the-european-parks-day\/#primaryimage\"},\"thumbnailUrl\":\"https:\/\/fundacion-biodiversidad.es\/wp-content\/uploads\/2019\/05\/adobestock_104101298-scaled.jpeg\",\"datePublished\":\"2019-05-24T06:11:12+00:00\",\"breadcrumb\":{\"@id\":\"https:\/\/fundacion-biodiversidad.es\/en\/actualidad_home\/nature-our-treasure-is-the-motto-of-the-european-parks-day\/#breadcrumb\"},\"inLanguage\":\"en-US\",\"potentialAction\":[{\"@type\":\"ReadAction\",\"target\":[\"https:\/\/fundacion-biodiversidad.es\/en\/actualidad_home\/nature-our-treasure-is-the-motto-of-the-european-parks-day\/\"]}]},{\"@type\":\"ImageObject\",\"inLanguage\":\"en-US\",\"@id\":\"https:\/\/fundacion-biodiversidad.es\/en\/actualidad_home\/nature-our-treasure-is-the-motto-of-the-european-parks-day\/#primaryimage\",\"url\":\"https:\/\/fundacion-biodiversidad.es\/wp-content\/uploads\/2019\/05\/adobestock_104101298-scaled.jpeg\",\"contentUrl\":\"https:\/\/fundacion-biodiversidad.es\/wp-content\/uploads\/2019\/05\/adobestock_104101298-scaled.jpeg\",\"width\":2560,\"height\":1440},{\"@type\":\"BreadcrumbList\",\"@id\":\"https:\/\/fundacion-biodiversidad.es\/en\/actualidad_home\/nature-our-treasure-is-the-motto-of-the-european-parks-day\/#breadcrumb\",\"itemListElement\":[{\"@type\":\"ListItem\",\"position\":1,\"name\":\"Portada\",\"item\":\"https:\/\/fundacion-biodiversidad.es\/en\/inicio\/\"},{\"@type\":\"ListItem\",\"position\":2,\"name\":\"Noticias de actualidad\",\"item\":\"https:\/\/fundacion-biodiversidad.es\/en\/actualidad_home\/\"},{\"@type\":\"ListItem\",\"position\":3,\"name\":\"&#8220;Nature, our treasure&#8221; is the motto of the European Parks Day\"}]},{\"@type\":\"WebSite\",\"@id\":\"https:\/\/fundacion-biodiversidad.es\/en\/#website\",\"url\":\"https:\/\/fundacion-biodiversidad.es\/en\/\",\"name\":\"Fundaci\u00f3n Biodiversidad\",\"description\":\"Fundaci\u00f3n p\u00fablica adscrita al Ministerio para la Transici\u00f3n Ecol\u00f3gica\",\"potentialAction\":[{\"@type\":\"SearchAction\",\"target\":{\"@type\":\"EntryPoint\",\"urlTemplate\":\"https:\/\/fundacion-biodiversidad.es\/en\/?s={search_term_string}\"},\"query-input\":{\"@type\":\"PropertyValueSpecification\",\"valueRequired\":true,\"valueName\":\"search_term_string\"}}],\"inLanguage\":\"en-US\"}]}<\/script>\n<!-- \/ Yoast SEO plugin. -->","yoast_head_json":{"title":"\"Nature, our treasure\" is the motto of the European Parks Day - Fundaci\u00f3n Biodiversidad","robots":{"index":"index","follow":"follow","max-snippet":"max-snippet:-1","max-image-preview":"max-image-preview:large","max-video-preview":"max-video-preview:-1"},"canonical":"https:\/\/fundacion-biodiversidad.es\/en\/actualidad_home\/nature-our-treasure-is-the-motto-of-the-european-parks-day\/","og_locale":"en_US","og_type":"article","og_title":"\"Nature, our treasure\" is the motto of the European Parks Day - Fundaci\u00f3n Biodiversidad","og_description":"From the Biodiversity Foundation we support different projects that are developed in our National Parks.","og_url":"https:\/\/fundacion-biodiversidad.es\/en\/actualidad_home\/nature-our-treasure-is-the-motto-of-the-european-parks-day\/","og_site_name":"Fundaci\u00f3n Biodiversidad","og_image":[{"width":720,"height":405,"url":"https:\/\/fundacion-biodiversidad.es\/wp-content\/uploads\/2023\/01\/2487661294_35330241_720x405.png","type":"image\/png"}],"twitter_card":"summary_large_image","twitter_misc":{"Est. reading time":"3 minutes"},"schema":{"@context":"https:\/\/schema.org","@graph":[{"@type":"WebPage","@id":"https:\/\/fundacion-biodiversidad.es\/en\/actualidad_home\/nature-our-treasure-is-the-motto-of-the-european-parks-day\/","url":"https:\/\/fundacion-biodiversidad.es\/en\/actualidad_home\/nature-our-treasure-is-the-motto-of-the-european-parks-day\/","name":"\"Nature, our treasure\" is the motto of the European Parks Day - Fundaci\u00f3n Biodiversidad","isPartOf":{"@id":"https:\/\/fundacion-biodiversidad.es\/en\/#website"},"primaryImageOfPage":{"@id":"https:\/\/fundacion-biodiversidad.es\/en\/actualidad_home\/nature-our-treasure-is-the-motto-of-the-european-parks-day\/#primaryimage"},"image":{"@id":"https:\/\/fundacion-biodiversidad.es\/en\/actualidad_home\/nature-our-treasure-is-the-motto-of-the-european-parks-day\/#primaryimage"},"thumbnailUrl":"https:\/\/fundacion-biodiversidad.es\/wp-content\/uploads\/2019\/05\/adobestock_104101298-scaled.jpeg","datePublished":"2019-05-24T06:11:12+00:00","breadcrumb":{"@id":"https:\/\/fundacion-biodiversidad.es\/en\/actualidad_home\/nature-our-treasure-is-the-motto-of-the-european-parks-day\/#breadcrumb"},"inLanguage":"en-US","potentialAction":[{"@type":"ReadAction","target":["https:\/\/fundacion-biodiversidad.es\/en\/actualidad_home\/nature-our-treasure-is-the-motto-of-the-european-parks-day\/"]}]},{"@type":"ImageObject","inLanguage":"en-US","@id":"https:\/\/fundacion-biodiversidad.es\/en\/actualidad_home\/nature-our-treasure-is-the-motto-of-the-european-parks-day\/#primaryimage","url":"https:\/\/fundacion-biodiversidad.es\/wp-content\/uploads\/2019\/05\/adobestock_104101298-scaled.jpeg","contentUrl":"https:\/\/fundacion-biodiversidad.es\/wp-content\/uploads\/2019\/05\/adobestock_104101298-scaled.jpeg","width":2560,"height":1440},{"@type":"BreadcrumbList","@id":"https:\/\/fundacion-biodiversidad.es\/en\/actualidad_home\/nature-our-treasure-is-the-motto-of-the-european-parks-day\/#breadcrumb","itemListElement":[{"@type":"ListItem","position":1,"name":"Portada","item":"https:\/\/fundacion-biodiversidad.es\/en\/inicio\/"},{"@type":"ListItem","position":2,"name":"Noticias de actualidad","item":"https:\/\/fundacion-biodiversidad.es\/en\/actualidad_home\/"},{"@type":"ListItem","position":3,"name":"&#8220;Nature, our treasure&#8221; is the motto of the European Parks Day"}]},{"@type":"WebSite","@id":"https:\/\/fundacion-biodiversidad.es\/en\/#website","url":"https:\/\/fundacion-biodiversidad.es\/en\/","name":"Fundaci\u00f3n Biodiversidad","description":"Fundaci\u00f3n p\u00fablica adscrita al Ministerio para la Transici\u00f3n Ecol\u00f3gica","potentialAction":[{"@type":"SearchAction","target":{"@type":"EntryPoint","urlTemplate":"https:\/\/fundacion-biodiversidad.es\/en\/?s={search_term_string}"},"query-input":{"@type":"PropertyValueSpecification","valueRequired":true,"valueName":"search_term_string"}}],"inLanguage":"en-US"}]}},"_links":{"self":[{"href":"https:\/\/fundacion-biodiversidad.es\/en\/wp-json\/wp\/v2\/actualidad_home\/97858302","targetHints":{"allow":["GET"]}}],"collection":[{"href":"https:\/\/fundacion-biodiversidad.es\/en\/wp-json\/wp\/v2\/actualidad_home"}],"about":[{"href":"https:\/\/fundacion-biodiversidad.es\/en\/wp-json\/wp\/v2\/types\/actualidad_home"}],"author":[{"embeddable":true,"href":"https:\/\/fundacion-biodiversidad.es\/en\/wp-json\/wp\/v2\/users\/11"}],"wp:featuredmedia":[{"embeddable":true,"href":"https:\/\/fundacion-biodiversidad.es\/en\/wp-json\/wp\/v2\/media\/35988"}],"wp:attachment":[{"href":"https:\/\/fundacion-biodiversidad.es\/en\/wp-json\/wp\/v2\/media?parent=97858302"}],"wp:term":[{"taxonomy":"palabras_clave","embeddable":true,"href":"https:\/\/fundacion-biodiversidad.es\/en\/wp-json\/wp\/v2\/palabras_clave?post=97858302"}],"curies":[{"name":"wp","href":"https:\/\/api.w.org\/{rel}","templated":true}]}}