{"id":97858308,"date":"2019-05-03T10:13:23","date_gmt":"2019-05-03T08:13:23","guid":{"rendered":"https:\/\/fundacion-biodiversidad.es\/actualidad_home\/we-participate-in-the-tuna-skin-festival-in-cadiz\/"},"modified":"2019-05-03T10:13:23","modified_gmt":"2019-05-03T08:13:23","slug":"we-participate-in-the-tuna-skin-festival-in-cadiz","status":"publish","type":"actualidad_home","link":"https:\/\/fundacion-biodiversidad.es\/en\/actualidad_home\/we-participate-in-the-tuna-skin-festival-in-cadiz\/","title":{"rendered":"We participate in the Tuna Skin festival in C\u00e1diz"},"content":{"rendered":"<p>We have presented the LIFE IP INTEMARES and its related projects for the protection of the sea at the Piel de Tuna festival, in C\u00e1diz.<br \/>\n<!--more--><\/p>\n<p>We have joined the celebration of the artistic, gastronomic, cultural and scientific festival <a href=\"https:\/\/pieldeatun.org\/\">Piel de At\u00fan<\/a>, which takes place in C\u00e1diz until May 5, with the aim of raising awareness in society of the importance of protecting marine life and acting in the face of global change.<\/p>\n<p>Within this framework, we have presented the <a href=\"http:\/\/intemares.es\/\">LIFE IP INTEMARES<\/a> project in the Contemporary Creation space of C\u00e1diz. V\u00edctor Guti\u00e9rrez, coordinator of European and LIFE projects of the Biodiversity Foundation of the Ministry for Ecological Transition, has made a tour of the challenges we face to conserve the marine Natura 2000 Network effectively and <strong>has asked young people to get involved in the protection of the sea<\/strong>. In the same way, Marta Mart\u00ednez-Gil, from the Sub-Directorate for the Protection of the Sea of the Ministry for Ecological Transition, explained<strong> the impacts of marine litter<\/strong> and shared with the attendees the decalogue of measures that any citizen can take to minimise this problem.  <\/p>\n<p>Within the framework of the projects linked to the LIFE IP INTEMARES project, <strong>various entities have presented projects co-financed by the Biodiversity Foundation, <\/strong>through the Pleamar (FEMP) and Empleaverde (FSE) programs and the call for marine biodiversity.<strong> &nbsp;<\/strong>Specifically, the secretary general of the Federation of Fishermen&#8217;s Guilds of C\u00e1diz, Nicol\u00e1s Fern\u00e1ndez, has highlighted the importance of working together in sustainable fishing with initiatives and spaces for dialogue and participation. This entity has launched a <strong>coordination network between the fishing and research sector<\/strong> in the Gulf of Cadiz. <\/p>\n<p>For his part, the founding scientist of the CIRCE research group, Renaud de Stephanis,<strong> explained why killer whales and tuna fishing maintain a survival relationship<\/strong>. During the day, the head of European Projects and Training at CEEI Bah\u00eda de C\u00e1diz, Ana Su\u00e1rez, announced a <strong>successful business initiative in the maritime-coastal tourism sector of the Bay of C\u00e1diz, <\/strong>as a result of the cooperation of various sectors, entities and public administrations. <\/p>\n<p>Finally, the researcher in the Food Technology Area of the University of C\u00e1diz, Ana Rold\u00e1n, has shown <strong>how innovative products, such as<em> garum-type<\/em> fish sauces, can be developed <\/strong>from fish products of low commercial value.<\/p>\n<p>These talks are part of the initiatives of the <a href=\"https:\/\/www.eugreenweek.eu\/\">EU Green Week 2019<\/a>, promoted by the European Commission.<\/p>\n<p>The festival <strong>is driven by the Tuna Skin movement<\/strong>, named after the migratory journey of tuna in which their skin becomes an indicator of the state of the sea. This organization aims to raise awareness among citizens of the importance of protecting marine life and involve them in achieving the UN Sustainable Development Goals set for 2030. <\/p>\n<p>Until 5 May, the city of C\u00e1diz hosts various educational, artistic, cultural and gastronomic activities in various spaces of the city.<\/p>\n<p><strong>LIFE IP INTERNARES<\/strong><\/p>\n<p>The LIFE IP INTEMARES project is coordinated by the Biodiversity Foundation of the Ministry for Ecological Transition. The General Directorate of Sustainability of the Coast and the Sea of the same ministry, the IEO, the Spanish Fisheries Confederation, SEO\/BirdLife and WWF-Spain participate as partners. It has the <strong>financial contribution of the European Union&#8217;s LIFE programme<\/strong>, among other sources of funding.  <\/p>\n<p><strong>Do you want to know more about the LIFE IP INTEMARES project?<\/strong><\/p>\n<p>You can follow our twitter profile <a href=\"mailto:@LifeIntemares\">@LifeIntemares<\/a>, the hashtag #INTEMARES and enter the <a href=\"http:\/\/www.intemares.es\/\">intemares.es<\/a> website, where we inform you of the latest news on the actions of the project and marine news.<\/p>\n","protected":false},"author":11,"featured_media":35980,"template":"","meta":{"_acf_changed":false},"palabras_clave":[],"class_list":["post-97858308","actualidad_home","type-actualidad_home","status-publish","has-post-thumbnail","hentry"],"acf":[],"yoast_head":"<!-- This site is optimized with the Yoast SEO plugin v26.9 - https:\/\/yoast.com\/product\/yoast-seo-wordpress\/ -->\n<title>We participate in the Tuna Skin festival in C\u00e1diz - Fundaci\u00f3n Biodiversidad<\/title>\n<meta name=\"robots\" content=\"index, follow, max-snippet:-1, max-image-preview:large, max-video-preview:-1\" \/>\n<link rel=\"canonical\" href=\"https:\/\/fundacion-biodiversidad.es\/en\/actualidad_home\/we-participate-in-the-tuna-skin-festival-in-cadiz\/\" \/>\n<meta property=\"og:locale\" content=\"en_US\" \/>\n<meta property=\"og:type\" content=\"article\" \/>\n<meta property=\"og:title\" content=\"We participate in the Tuna Skin festival in C\u00e1diz - Fundaci\u00f3n Biodiversidad\" \/>\n<meta property=\"og:description\" content=\"We have presented the LIFE IP INTEMARES and its related projects for the protection of the sea at the Piel de Tuna festival, in C\u00e1diz.\" \/>\n<meta property=\"og:url\" content=\"https:\/\/fundacion-biodiversidad.es\/en\/actualidad_home\/we-participate-in-the-tuna-skin-festival-in-cadiz\/\" \/>\n<meta property=\"og:site_name\" content=\"Fundaci\u00f3n Biodiversidad\" \/>\n<meta property=\"og:image\" content=\"https:\/\/fundacion-biodiversidad.es\/wp-content\/uploads\/2023\/01\/2487661294_35330241_720x405.png\" \/>\n\t<meta property=\"og:image:width\" content=\"720\" \/>\n\t<meta property=\"og:image:height\" content=\"405\" \/>\n\t<meta property=\"og:image:type\" content=\"image\/png\" \/>\n<meta name=\"twitter:card\" content=\"summary_large_image\" \/>\n<meta name=\"twitter:label1\" content=\"Est. reading time\" \/>\n\t<meta name=\"twitter:data1\" content=\"3 minutes\" \/>\n<script type=\"application\/ld+json\" class=\"yoast-schema-graph\">{\"@context\":\"https:\/\/schema.org\",\"@graph\":[{\"@type\":\"WebPage\",\"@id\":\"https:\/\/fundacion-biodiversidad.es\/en\/actualidad_home\/we-participate-in-the-tuna-skin-festival-in-cadiz\/\",\"url\":\"https:\/\/fundacion-biodiversidad.es\/en\/actualidad_home\/we-participate-in-the-tuna-skin-festival-in-cadiz\/\",\"name\":\"We participate in the Tuna Skin festival in C\u00e1diz - Fundaci\u00f3n Biodiversidad\",\"isPartOf\":{\"@id\":\"https:\/\/fundacion-biodiversidad.es\/en\/#website\"},\"primaryImageOfPage\":{\"@id\":\"https:\/\/fundacion-biodiversidad.es\/en\/actualidad_home\/we-participate-in-the-tuna-skin-festival-in-cadiz\/#primaryimage\"},\"image\":{\"@id\":\"https:\/\/fundacion-biodiversidad.es\/en\/actualidad_home\/we-participate-in-the-tuna-skin-festival-in-cadiz\/#primaryimage\"},\"thumbnailUrl\":\"https:\/\/fundacion-biodiversidad.es\/wp-content\/uploads\/2019\/05\/piel-atun-intemares-noticia.jpg\",\"datePublished\":\"2019-05-03T08:13:23+00:00\",\"breadcrumb\":{\"@id\":\"https:\/\/fundacion-biodiversidad.es\/en\/actualidad_home\/we-participate-in-the-tuna-skin-festival-in-cadiz\/#breadcrumb\"},\"inLanguage\":\"en-US\",\"potentialAction\":[{\"@type\":\"ReadAction\",\"target\":[\"https:\/\/fundacion-biodiversidad.es\/en\/actualidad_home\/we-participate-in-the-tuna-skin-festival-in-cadiz\/\"]}]},{\"@type\":\"ImageObject\",\"inLanguage\":\"en-US\",\"@id\":\"https:\/\/fundacion-biodiversidad.es\/en\/actualidad_home\/we-participate-in-the-tuna-skin-festival-in-cadiz\/#primaryimage\",\"url\":\"https:\/\/fundacion-biodiversidad.es\/wp-content\/uploads\/2019\/05\/piel-atun-intemares-noticia.jpg\",\"contentUrl\":\"https:\/\/fundacion-biodiversidad.es\/wp-content\/uploads\/2019\/05\/piel-atun-intemares-noticia.jpg\",\"width\":800,\"height\":482},{\"@type\":\"BreadcrumbList\",\"@id\":\"https:\/\/fundacion-biodiversidad.es\/en\/actualidad_home\/we-participate-in-the-tuna-skin-festival-in-cadiz\/#breadcrumb\",\"itemListElement\":[{\"@type\":\"ListItem\",\"position\":1,\"name\":\"Portada\",\"item\":\"https:\/\/fundacion-biodiversidad.es\/en\/inicio\/\"},{\"@type\":\"ListItem\",\"position\":2,\"name\":\"Noticias de actualidad\",\"item\":\"https:\/\/fundacion-biodiversidad.es\/en\/actualidad_home\/\"},{\"@type\":\"ListItem\",\"position\":3,\"name\":\"We participate in the Tuna Skin festival in C\u00e1diz\"}]},{\"@type\":\"WebSite\",\"@id\":\"https:\/\/fundacion-biodiversidad.es\/en\/#website\",\"url\":\"https:\/\/fundacion-biodiversidad.es\/en\/\",\"name\":\"Fundaci\u00f3n Biodiversidad\",\"description\":\"Fundaci\u00f3n p\u00fablica adscrita al Ministerio para la Transici\u00f3n Ecol\u00f3gica\",\"potentialAction\":[{\"@type\":\"SearchAction\",\"target\":{\"@type\":\"EntryPoint\",\"urlTemplate\":\"https:\/\/fundacion-biodiversidad.es\/en\/?s={search_term_string}\"},\"query-input\":{\"@type\":\"PropertyValueSpecification\",\"valueRequired\":true,\"valueName\":\"search_term_string\"}}],\"inLanguage\":\"en-US\"}]}<\/script>\n<!-- \/ Yoast SEO plugin. -->","yoast_head_json":{"title":"We participate in the Tuna Skin festival in C\u00e1diz - Fundaci\u00f3n Biodiversidad","robots":{"index":"index","follow":"follow","max-snippet":"max-snippet:-1","max-image-preview":"max-image-preview:large","max-video-preview":"max-video-preview:-1"},"canonical":"https:\/\/fundacion-biodiversidad.es\/en\/actualidad_home\/we-participate-in-the-tuna-skin-festival-in-cadiz\/","og_locale":"en_US","og_type":"article","og_title":"We participate in the Tuna Skin festival in C\u00e1diz - Fundaci\u00f3n Biodiversidad","og_description":"We have presented the LIFE IP INTEMARES and its related projects for the protection of the sea at the Piel de Tuna festival, in C\u00e1diz.","og_url":"https:\/\/fundacion-biodiversidad.es\/en\/actualidad_home\/we-participate-in-the-tuna-skin-festival-in-cadiz\/","og_site_name":"Fundaci\u00f3n Biodiversidad","og_image":[{"width":720,"height":405,"url":"https:\/\/fundacion-biodiversidad.es\/wp-content\/uploads\/2023\/01\/2487661294_35330241_720x405.png","type":"image\/png"}],"twitter_card":"summary_large_image","twitter_misc":{"Est. reading time":"3 minutes"},"schema":{"@context":"https:\/\/schema.org","@graph":[{"@type":"WebPage","@id":"https:\/\/fundacion-biodiversidad.es\/en\/actualidad_home\/we-participate-in-the-tuna-skin-festival-in-cadiz\/","url":"https:\/\/fundacion-biodiversidad.es\/en\/actualidad_home\/we-participate-in-the-tuna-skin-festival-in-cadiz\/","name":"We participate in the Tuna Skin festival in C\u00e1diz - Fundaci\u00f3n Biodiversidad","isPartOf":{"@id":"https:\/\/fundacion-biodiversidad.es\/en\/#website"},"primaryImageOfPage":{"@id":"https:\/\/fundacion-biodiversidad.es\/en\/actualidad_home\/we-participate-in-the-tuna-skin-festival-in-cadiz\/#primaryimage"},"image":{"@id":"https:\/\/fundacion-biodiversidad.es\/en\/actualidad_home\/we-participate-in-the-tuna-skin-festival-in-cadiz\/#primaryimage"},"thumbnailUrl":"https:\/\/fundacion-biodiversidad.es\/wp-content\/uploads\/2019\/05\/piel-atun-intemares-noticia.jpg","datePublished":"2019-05-03T08:13:23+00:00","breadcrumb":{"@id":"https:\/\/fundacion-biodiversidad.es\/en\/actualidad_home\/we-participate-in-the-tuna-skin-festival-in-cadiz\/#breadcrumb"},"inLanguage":"en-US","potentialAction":[{"@type":"ReadAction","target":["https:\/\/fundacion-biodiversidad.es\/en\/actualidad_home\/we-participate-in-the-tuna-skin-festival-in-cadiz\/"]}]},{"@type":"ImageObject","inLanguage":"en-US","@id":"https:\/\/fundacion-biodiversidad.es\/en\/actualidad_home\/we-participate-in-the-tuna-skin-festival-in-cadiz\/#primaryimage","url":"https:\/\/fundacion-biodiversidad.es\/wp-content\/uploads\/2019\/05\/piel-atun-intemares-noticia.jpg","contentUrl":"https:\/\/fundacion-biodiversidad.es\/wp-content\/uploads\/2019\/05\/piel-atun-intemares-noticia.jpg","width":800,"height":482},{"@type":"BreadcrumbList","@id":"https:\/\/fundacion-biodiversidad.es\/en\/actualidad_home\/we-participate-in-the-tuna-skin-festival-in-cadiz\/#breadcrumb","itemListElement":[{"@type":"ListItem","position":1,"name":"Portada","item":"https:\/\/fundacion-biodiversidad.es\/en\/inicio\/"},{"@type":"ListItem","position":2,"name":"Noticias de actualidad","item":"https:\/\/fundacion-biodiversidad.es\/en\/actualidad_home\/"},{"@type":"ListItem","position":3,"name":"We participate in the Tuna Skin festival in C\u00e1diz"}]},{"@type":"WebSite","@id":"https:\/\/fundacion-biodiversidad.es\/en\/#website","url":"https:\/\/fundacion-biodiversidad.es\/en\/","name":"Fundaci\u00f3n Biodiversidad","description":"Fundaci\u00f3n p\u00fablica adscrita al Ministerio para la Transici\u00f3n Ecol\u00f3gica","potentialAction":[{"@type":"SearchAction","target":{"@type":"EntryPoint","urlTemplate":"https:\/\/fundacion-biodiversidad.es\/en\/?s={search_term_string}"},"query-input":{"@type":"PropertyValueSpecification","valueRequired":true,"valueName":"search_term_string"}}],"inLanguage":"en-US"}]}},"_links":{"self":[{"href":"https:\/\/fundacion-biodiversidad.es\/en\/wp-json\/wp\/v2\/actualidad_home\/97858308","targetHints":{"allow":["GET"]}}],"collection":[{"href":"https:\/\/fundacion-biodiversidad.es\/en\/wp-json\/wp\/v2\/actualidad_home"}],"about":[{"href":"https:\/\/fundacion-biodiversidad.es\/en\/wp-json\/wp\/v2\/types\/actualidad_home"}],"author":[{"embeddable":true,"href":"https:\/\/fundacion-biodiversidad.es\/en\/wp-json\/wp\/v2\/users\/11"}],"wp:featuredmedia":[{"embeddable":true,"href":"https:\/\/fundacion-biodiversidad.es\/en\/wp-json\/wp\/v2\/media\/35980"}],"wp:attachment":[{"href":"https:\/\/fundacion-biodiversidad.es\/en\/wp-json\/wp\/v2\/media?parent=97858308"}],"wp:term":[{"taxonomy":"palabras_clave","embeddable":true,"href":"https:\/\/fundacion-biodiversidad.es\/en\/wp-json\/wp\/v2\/palabras_clave?post=97858308"}],"curies":[{"name":"wp","href":"https:\/\/api.w.org\/{rel}","templated":true}]}}