{"id":97858310,"date":"2019-04-30T09:17:00","date_gmt":"2019-04-30T07:17:00","guid":{"rendered":"https:\/\/fundacion-biodiversidad.es\/actualidad_home\/we-explore-the-depths-of-the-sea-of-the-menorca-channel\/"},"modified":"2019-04-30T09:17:00","modified_gmt":"2019-04-30T07:17:00","slug":"we-explore-the-depths-of-the-sea-of-the-menorca-channel","status":"publish","type":"actualidad_home","link":"https:\/\/fundacion-biodiversidad.es\/en\/actualidad_home\/we-explore-the-depths-of-the-sea-of-the-menorca-channel\/","title":{"rendered":"We explore the depths of the sea of the Menorca Channel"},"content":{"rendered":"<p class=\"Default\" style=\"text-align:justify\"><span style=\"font-size:11.0pt\">The fifth oceanographic campaign of the LIFE IP INTEMARES project has begun in the Balearic Islands to explore the Menorca Channel, an area between the islands of Mallorca and Menorca, which is home to a great wealth of species and habitats of community interest.<o:p><\/o:p><\/span><\/p>\n<p class=\"Default\" style=\"text-align:justify\"><span style=\"font-size:11.0pt\"><o:p><\/o:p>The campaign will be carried out for three weeks on the <b style=\"mso-bidi-font-weight: normal\">continental shelf of the Menorca Channel<\/b>, located between 50 and 100 meters deep. This area has large extensions of rhodoliths, calcareous red algae that form the ma\u00ebrl bottoms. <o:p><\/o:p><\/span><\/p>\n<p class=\"Default\" style=\"text-align:justify\"><span style=\"font-size:11.0pt\"><o:p><\/o:p>This habitat of community interest is also home to the large brown algae <i style=\"mso-bidi-font-style:normal\">Laminaria rodriguezii<\/i>, endemic to the Mediterranean, and dense forests of unique species, such as the gorgonians <i style=\"mso-bidi-font-style:normal\">Paramuricea macrospina<\/i>,<i style=\"mso-bidi-font-style:normal\"> Paramuricea clavata<\/i> and<i style=\"mso-bidi-font-style:normal\"> Eunicella singularis<\/i>, characteristic of the coralligenous seabed, as well as large sponges, such as <i style=\"mso-bidi-font-style:normal\">Axinella polypoides<\/i>.<o:p><\/o:p><\/span><\/p>\n<p class=\"Default\" style=\"text-align:justify\"><span style=\"font-size:11.0pt\"><o:p><\/o:p>The objective of this campaign is to evaluate the effects of artisanal fishing, mainly trammel fishing for lobster catch, on the coralligenous bottoms, and that of trawling on the ma\u00ebrl bottoms. To do this, samples will be taken and filmed from the seabed. In addition, high-resolution bathymetric data and geological profilers will be obtained and analysed with the aim of improving the geomorphological characterisation of the sampled areas.  <o:p><\/o:p><\/span><\/p>\n<p class=\"Default\" style=\"text-align:justify\"><span style=\"font-size:11.0pt\"><o:p><\/o:p>In this new expedition, which will end on May 10, researchers from the Spanish Institute of Oceanography will collect data and information <b style=\"mso-bidi-font-weight:normal\">to improve scientific knowledge on the effects of fishing activities<\/b><\/span> <span style=\"font-size: 11.0pt\">on protected habitats of this marine space of the Natura 2000 Network, declared a Site of Community Interest (SCI) and Fisheries Protection Area.<o:p><\/o:p><\/span><\/p>\n<p class=\"Default\" style=\"text-align:justify\"><span style=\"font-size:11.0pt\"><o:p><\/o:p>The information obtained will complement previous scientific studies, including the <\/span><a href=\"https:\/\/www.indemares.es\/\"><span style=\"font-size: 11.0pt\">LIFE +INDEMARES<\/span> project<\/a><span style=\"font-size:11.0pt\">  (2009-2014). En esta ocasi\u00f3n, la campa\u00f1a oceanogr\u00e1fica se enmarca en la acci\u00f3n del proyecto LIFE IP INTEMARES destinada a <b style=\"mso-bidi-font-weight:normal\">diagnosticar el impacto de las actividades humanas y del cambio clim\u00e1tico sobre la Red Natura 2000 marina<\/b> y proponer medidas para controlar, eliminar y mitigar sus efectos. <o:p><\/o:p><\/span><\/p>\n<p class=\"Default\" style=\"text-align:justify\"><span style=\"font-size:11.0pt\">Specifically, the results of this research campaign will be used to develop the future management plan for the area, based on a solid scientific basis. Knowing the impact of fishing activities on habitats on the rocky and sedimentary bottoms of the Menorca Channel will make it possible <b style=\"mso-bidi-font-weight:normal\">to develop measures that contribute to making the protection of these habitats, and their species, compatible with the development of sustainable fishing<\/b>. <o:p><\/o:p><\/span><\/p>\n<p class=\"Default\" style=\"text-align:justify\"><span style=\"font-size:11.0pt\"><o:p><\/o:p>The LIFE IP INTEMARES project, coordinated by the <b style=\"mso-bidi-font-weight: normal\">Biodiversity Foundation of the Ministry for Ecological Transition, aims to achieve effective management of the marine areas of the Natura 2000 Network, with science and the active participation of the sectors involved. <o:p><\/o:p><\/b> <\/span><\/p>\n<p class=\"Default\" style=\"text-align:justify\"><b style=\"mso-bidi-font-weight: normal\"><span style=\"font-size:11.0pt\"><o:p><\/o:p><\/span><\/b><span style=\"font-size:11.0pt\">The General Directorate of Sustainability of the Coast and the Sea of the Ministry itself, the IEO, the Spanish Fisheries Confederation, SEO\/BirdLife and WWF-Spain participate as partners. It has the <b style=\"mso-bidi-font-weight:normal\">financial contribution of the European Union&#8217;s LIFE programme<\/b>, among other sources of funding. <\/span><\/p>\n<p class=\"Default\" style=\"text-align:justify\"><b><span style=\"font-size:11.0pt\">Do you want to know more about the oceanographic campaigns of LIFE IP INTEMARES?<\/span><\/b><span style=\"font-size:11.0pt\"><o:p><\/o:p><\/span><\/p>\n<p class=\"Default\" style=\"text-align:justify\"><span style=\"font-size:11.0pt; mso-bidi-font-weight:bold\">You can follow our twitter profile <\/span><a href=\"mailto:@LifeIntemares\"><span style=\"font-size:11.0pt;mso-bidi-font-weight: bold\">@LifeIntemares<\/span><\/a><span style=\"font-size:11.0pt;mso-bidi-font-weight: bold\">, the hashtag #INTEMARES and enter the intemares.es website<\/span><a href=\"http:\/\/www.intemares.es\/\"><span style=\"font-size:11.0pt;mso-bidi-font-weight: bold\"><\/span><span style=\"font-size:11.0pt\">, where we inform you of the latest news on the actions of the project and marine news.<o:p><\/o:p><\/span><\/a><\/p>\n<p class=\"Default\" style=\"text-align:justify\"><span style=\"font-size:11.0pt\"><o:p><\/o:p><\/span><\/p>\n","protected":false},"author":11,"featured_media":35979,"template":"","meta":{"_acf_changed":false},"palabras_clave":[491,67,68,99,49],"class_list":["post-97858310","actualidad_home","type-actualidad_home","status-publish","has-post-thumbnail","hentry","palabras_clave-campana","palabras_clave-especies","palabras_clave-intemares","palabras_clave-mar","palabras_clave-marina"],"acf":[],"yoast_head":"<!-- This site is optimized with the Yoast SEO plugin v26.9 - https:\/\/yoast.com\/product\/yoast-seo-wordpress\/ -->\n<title>We explore the depths of the sea of the Menorca Channel - Fundaci\u00f3n Biodiversidad<\/title>\n<meta name=\"robots\" content=\"index, follow, max-snippet:-1, max-image-preview:large, max-video-preview:-1\" \/>\n<link rel=\"canonical\" href=\"https:\/\/fundacion-biodiversidad.es\/en\/actualidad_home\/we-explore-the-depths-of-the-sea-of-the-menorca-channel\/\" \/>\n<meta property=\"og:locale\" content=\"en_US\" \/>\n<meta property=\"og:type\" content=\"article\" \/>\n<meta property=\"og:title\" content=\"We explore the depths of the sea of the Menorca Channel - Fundaci\u00f3n Biodiversidad\" \/>\n<meta property=\"og:description\" content=\"The fifth oceanographic campaign of the LIFE IP INTEMARES project has begun in the Balearic Islands to explore the Menorca Channel, an area between the [&hellip;]\" \/>\n<meta property=\"og:url\" content=\"https:\/\/fundacion-biodiversidad.es\/en\/actualidad_home\/we-explore-the-depths-of-the-sea-of-the-menorca-channel\/\" \/>\n<meta property=\"og:site_name\" content=\"Fundaci\u00f3n Biodiversidad\" \/>\n<meta property=\"og:image\" content=\"https:\/\/fundacion-biodiversidad.es\/wp-content\/uploads\/2023\/01\/2487661294_35330241_720x405.png\" \/>\n\t<meta property=\"og:image:width\" content=\"720\" \/>\n\t<meta property=\"og:image:height\" content=\"405\" \/>\n\t<meta property=\"og:image:type\" content=\"image\/png\" \/>\n<meta name=\"twitter:card\" content=\"summary_large_image\" \/>\n<meta name=\"twitter:label1\" content=\"Est. reading time\" \/>\n\t<meta name=\"twitter:data1\" content=\"3 minutes\" \/>\n<script type=\"application\/ld+json\" class=\"yoast-schema-graph\">{\"@context\":\"https:\/\/schema.org\",\"@graph\":[{\"@type\":\"WebPage\",\"@id\":\"https:\/\/fundacion-biodiversidad.es\/en\/actualidad_home\/we-explore-the-depths-of-the-sea-of-the-menorca-channel\/\",\"url\":\"https:\/\/fundacion-biodiversidad.es\/en\/actualidad_home\/we-explore-the-depths-of-the-sea-of-the-menorca-channel\/\",\"name\":\"We explore the depths of the sea of the Menorca Channel - Fundaci\u00f3n Biodiversidad\",\"isPartOf\":{\"@id\":\"https:\/\/fundacion-biodiversidad.es\/en\/#website\"},\"primaryImageOfPage\":{\"@id\":\"https:\/\/fundacion-biodiversidad.es\/en\/actualidad_home\/we-explore-the-depths-of-the-sea-of-the-menorca-channel\/#primaryimage\"},\"image\":{\"@id\":\"https:\/\/fundacion-biodiversidad.es\/en\/actualidad_home\/we-explore-the-depths-of-the-sea-of-the-menorca-channel\/#primaryimage\"},\"thumbnailUrl\":\"https:\/\/fundacion-biodiversidad.es\/wp-content\/uploads\/2019\/04\/campana_oceanografica_intemares.jpg\",\"datePublished\":\"2019-04-30T07:17:00+00:00\",\"breadcrumb\":{\"@id\":\"https:\/\/fundacion-biodiversidad.es\/en\/actualidad_home\/we-explore-the-depths-of-the-sea-of-the-menorca-channel\/#breadcrumb\"},\"inLanguage\":\"en-US\",\"potentialAction\":[{\"@type\":\"ReadAction\",\"target\":[\"https:\/\/fundacion-biodiversidad.es\/en\/actualidad_home\/we-explore-the-depths-of-the-sea-of-the-menorca-channel\/\"]}]},{\"@type\":\"ImageObject\",\"inLanguage\":\"en-US\",\"@id\":\"https:\/\/fundacion-biodiversidad.es\/en\/actualidad_home\/we-explore-the-depths-of-the-sea-of-the-menorca-channel\/#primaryimage\",\"url\":\"https:\/\/fundacion-biodiversidad.es\/wp-content\/uploads\/2019\/04\/campana_oceanografica_intemares.jpg\",\"contentUrl\":\"https:\/\/fundacion-biodiversidad.es\/wp-content\/uploads\/2019\/04\/campana_oceanografica_intemares.jpg\",\"width\":900,\"height\":1200},{\"@type\":\"BreadcrumbList\",\"@id\":\"https:\/\/fundacion-biodiversidad.es\/en\/actualidad_home\/we-explore-the-depths-of-the-sea-of-the-menorca-channel\/#breadcrumb\",\"itemListElement\":[{\"@type\":\"ListItem\",\"position\":1,\"name\":\"Portada\",\"item\":\"https:\/\/fundacion-biodiversidad.es\/en\/inicio\/\"},{\"@type\":\"ListItem\",\"position\":2,\"name\":\"Noticias de actualidad\",\"item\":\"https:\/\/fundacion-biodiversidad.es\/en\/actualidad_home\/\"},{\"@type\":\"ListItem\",\"position\":3,\"name\":\"We explore the depths of the sea of the Menorca Channel\"}]},{\"@type\":\"WebSite\",\"@id\":\"https:\/\/fundacion-biodiversidad.es\/en\/#website\",\"url\":\"https:\/\/fundacion-biodiversidad.es\/en\/\",\"name\":\"Fundaci\u00f3n Biodiversidad\",\"description\":\"Fundaci\u00f3n p\u00fablica adscrita al Ministerio para la Transici\u00f3n Ecol\u00f3gica\",\"potentialAction\":[{\"@type\":\"SearchAction\",\"target\":{\"@type\":\"EntryPoint\",\"urlTemplate\":\"https:\/\/fundacion-biodiversidad.es\/en\/?s={search_term_string}\"},\"query-input\":{\"@type\":\"PropertyValueSpecification\",\"valueRequired\":true,\"valueName\":\"search_term_string\"}}],\"inLanguage\":\"en-US\"}]}<\/script>\n<!-- \/ Yoast SEO plugin. -->","yoast_head_json":{"title":"We explore the depths of the sea of the Menorca Channel - Fundaci\u00f3n Biodiversidad","robots":{"index":"index","follow":"follow","max-snippet":"max-snippet:-1","max-image-preview":"max-image-preview:large","max-video-preview":"max-video-preview:-1"},"canonical":"https:\/\/fundacion-biodiversidad.es\/en\/actualidad_home\/we-explore-the-depths-of-the-sea-of-the-menorca-channel\/","og_locale":"en_US","og_type":"article","og_title":"We explore the depths of the sea of the Menorca Channel - Fundaci\u00f3n Biodiversidad","og_description":"The fifth oceanographic campaign of the LIFE IP INTEMARES project has begun in the Balearic Islands to explore the Menorca Channel, an area between the [&hellip;]","og_url":"https:\/\/fundacion-biodiversidad.es\/en\/actualidad_home\/we-explore-the-depths-of-the-sea-of-the-menorca-channel\/","og_site_name":"Fundaci\u00f3n Biodiversidad","og_image":[{"width":720,"height":405,"url":"https:\/\/fundacion-biodiversidad.es\/wp-content\/uploads\/2023\/01\/2487661294_35330241_720x405.png","type":"image\/png"}],"twitter_card":"summary_large_image","twitter_misc":{"Est. reading time":"3 minutes"},"schema":{"@context":"https:\/\/schema.org","@graph":[{"@type":"WebPage","@id":"https:\/\/fundacion-biodiversidad.es\/en\/actualidad_home\/we-explore-the-depths-of-the-sea-of-the-menorca-channel\/","url":"https:\/\/fundacion-biodiversidad.es\/en\/actualidad_home\/we-explore-the-depths-of-the-sea-of-the-menorca-channel\/","name":"We explore the depths of the sea of the Menorca Channel - Fundaci\u00f3n Biodiversidad","isPartOf":{"@id":"https:\/\/fundacion-biodiversidad.es\/en\/#website"},"primaryImageOfPage":{"@id":"https:\/\/fundacion-biodiversidad.es\/en\/actualidad_home\/we-explore-the-depths-of-the-sea-of-the-menorca-channel\/#primaryimage"},"image":{"@id":"https:\/\/fundacion-biodiversidad.es\/en\/actualidad_home\/we-explore-the-depths-of-the-sea-of-the-menorca-channel\/#primaryimage"},"thumbnailUrl":"https:\/\/fundacion-biodiversidad.es\/wp-content\/uploads\/2019\/04\/campana_oceanografica_intemares.jpg","datePublished":"2019-04-30T07:17:00+00:00","breadcrumb":{"@id":"https:\/\/fundacion-biodiversidad.es\/en\/actualidad_home\/we-explore-the-depths-of-the-sea-of-the-menorca-channel\/#breadcrumb"},"inLanguage":"en-US","potentialAction":[{"@type":"ReadAction","target":["https:\/\/fundacion-biodiversidad.es\/en\/actualidad_home\/we-explore-the-depths-of-the-sea-of-the-menorca-channel\/"]}]},{"@type":"ImageObject","inLanguage":"en-US","@id":"https:\/\/fundacion-biodiversidad.es\/en\/actualidad_home\/we-explore-the-depths-of-the-sea-of-the-menorca-channel\/#primaryimage","url":"https:\/\/fundacion-biodiversidad.es\/wp-content\/uploads\/2019\/04\/campana_oceanografica_intemares.jpg","contentUrl":"https:\/\/fundacion-biodiversidad.es\/wp-content\/uploads\/2019\/04\/campana_oceanografica_intemares.jpg","width":900,"height":1200},{"@type":"BreadcrumbList","@id":"https:\/\/fundacion-biodiversidad.es\/en\/actualidad_home\/we-explore-the-depths-of-the-sea-of-the-menorca-channel\/#breadcrumb","itemListElement":[{"@type":"ListItem","position":1,"name":"Portada","item":"https:\/\/fundacion-biodiversidad.es\/en\/inicio\/"},{"@type":"ListItem","position":2,"name":"Noticias de actualidad","item":"https:\/\/fundacion-biodiversidad.es\/en\/actualidad_home\/"},{"@type":"ListItem","position":3,"name":"We explore the depths of the sea of the Menorca Channel"}]},{"@type":"WebSite","@id":"https:\/\/fundacion-biodiversidad.es\/en\/#website","url":"https:\/\/fundacion-biodiversidad.es\/en\/","name":"Fundaci\u00f3n Biodiversidad","description":"Fundaci\u00f3n p\u00fablica adscrita al Ministerio para la Transici\u00f3n Ecol\u00f3gica","potentialAction":[{"@type":"SearchAction","target":{"@type":"EntryPoint","urlTemplate":"https:\/\/fundacion-biodiversidad.es\/en\/?s={search_term_string}"},"query-input":{"@type":"PropertyValueSpecification","valueRequired":true,"valueName":"search_term_string"}}],"inLanguage":"en-US"}]}},"_links":{"self":[{"href":"https:\/\/fundacion-biodiversidad.es\/en\/wp-json\/wp\/v2\/actualidad_home\/97858310","targetHints":{"allow":["GET"]}}],"collection":[{"href":"https:\/\/fundacion-biodiversidad.es\/en\/wp-json\/wp\/v2\/actualidad_home"}],"about":[{"href":"https:\/\/fundacion-biodiversidad.es\/en\/wp-json\/wp\/v2\/types\/actualidad_home"}],"author":[{"embeddable":true,"href":"https:\/\/fundacion-biodiversidad.es\/en\/wp-json\/wp\/v2\/users\/11"}],"wp:featuredmedia":[{"embeddable":true,"href":"https:\/\/fundacion-biodiversidad.es\/en\/wp-json\/wp\/v2\/media\/35979"}],"wp:attachment":[{"href":"https:\/\/fundacion-biodiversidad.es\/en\/wp-json\/wp\/v2\/media?parent=97858310"}],"wp:term":[{"taxonomy":"palabras_clave","embeddable":true,"href":"https:\/\/fundacion-biodiversidad.es\/en\/wp-json\/wp\/v2\/palabras_clave?post=97858310"}],"curies":[{"name":"wp","href":"https:\/\/api.w.org\/{rel}","templated":true}]}}