{"id":97858311,"date":"2019-05-10T10:46:49","date_gmt":"2019-05-10T08:46:49","guid":{"rendered":"https:\/\/fundacion-biodiversidad.es\/actualidad_home\/e7-1-million-to-improve-the-state-of-biodiversity-in-spain\/"},"modified":"2019-05-10T10:46:49","modified_gmt":"2019-05-10T08:46:49","slug":"e7-1-million-to-improve-the-state-of-biodiversity-in-spain","status":"publish","type":"actualidad_home","link":"https:\/\/fundacion-biodiversidad.es\/en\/actualidad_home\/e7-1-million-to-improve-the-state-of-biodiversity-in-spain\/","title":{"rendered":"\u20ac7.1 million to improve the state of biodiversity in Spain"},"content":{"rendered":"<p>We have just published four calls for grants, three of them for the development of projects that result in the improvement of terrestrial and marine biodiversity in Spain and for which we are going to allocate 5.1 million euros.<br \/>\n<!--more--><\/p>\n<p>We have just published <strong>four calls for grants<\/strong>, three of them for the development of projects that result in the improvement of terrestrial and marine biodiversity in Spain and for which we are going to allocate 5.1 million euros.<\/p>\n<p>In addition, we have launched a series of subsidies, endowed with 2 million euros, for the <strong>creation of green employment and to promote the hiring of unemployed people<\/strong> in this area.<\/p>\n<p>Thus, through a call endowed with 3 million euros, projects are sought that provide <strong>information on the state of protected areas<\/strong>, as well as on the situation of the species that make up the list of wild species under special protection and the Spanish catalogue of endangered species, with special attention to those that are in a critical situation.<\/p>\n<p>The aid for marine conservation in Spain, which has a budget of 1.7 million euros, is aimed at<strong>projects that contribute to the management and conservation of marine biodiversity<\/strong> in the face of the impacts it may suffer and also to ensure its sustainable development.<\/p>\n<p>All projects that apply for these grants must contribute to achieving the goals reflected in the Strategic Plan for Natural Heritage and Biodiversity.<\/p>\n<p>We also make public grants worth two million euros that aim to hire unemployed people. The entities that carry out these contracts must be linked, directly or indirectly, to the <strong>green or blue economy, or generate employment that contributes to sustainable business lines and improvement of green employment<\/strong>. These grants are part of the Empleaverde Program, an initiative to improve employment, entrepreneurship and the environment.  <\/p>\n<p>Special attention will be paid to <strong>priority groups<\/strong>, such as women, young people up to 35 years of age, those over 45, immigrants, people with disabilities and residents of protected areas and rural areas.<\/p>\n<p><strong>Applications<\/strong> may be submitted from 9 November 2019 to 17 February 2020 for contracts initiated between 5 May and 17 August 2019.<\/p>\n","protected":false},"author":11,"featured_media":35984,"template":"","meta":{"_acf_changed":false},"palabras_clave":[],"class_list":["post-97858311","actualidad_home","type-actualidad_home","status-publish","has-post-thumbnail","hentry"],"acf":[],"yoast_head":"<!-- This site is optimized with the Yoast SEO plugin v26.9 - https:\/\/yoast.com\/product\/yoast-seo-wordpress\/ -->\n<title>\u20ac7.1 million to improve the state of biodiversity in Spain - Fundaci\u00f3n Biodiversidad<\/title>\n<meta name=\"robots\" content=\"index, follow, max-snippet:-1, max-image-preview:large, max-video-preview:-1\" \/>\n<link rel=\"canonical\" href=\"https:\/\/fundacion-biodiversidad.es\/en\/actualidad_home\/e7-1-million-to-improve-the-state-of-biodiversity-in-spain\/\" \/>\n<meta property=\"og:locale\" content=\"en_US\" \/>\n<meta property=\"og:type\" content=\"article\" \/>\n<meta property=\"og:title\" content=\"\u20ac7.1 million to improve the state of biodiversity in Spain - Fundaci\u00f3n Biodiversidad\" \/>\n<meta property=\"og:description\" content=\"We have just published four calls for grants, three of them for the development of projects that result in the improvement of terrestrial and marine [&hellip;]\" \/>\n<meta property=\"og:url\" content=\"https:\/\/fundacion-biodiversidad.es\/en\/actualidad_home\/e7-1-million-to-improve-the-state-of-biodiversity-in-spain\/\" \/>\n<meta property=\"og:site_name\" content=\"Fundaci\u00f3n Biodiversidad\" \/>\n<meta property=\"og:image\" content=\"https:\/\/fundacion-biodiversidad.es\/wp-content\/uploads\/2023\/01\/2487661294_35330241_720x405.png\" \/>\n\t<meta property=\"og:image:width\" content=\"720\" \/>\n\t<meta property=\"og:image:height\" content=\"405\" \/>\n\t<meta property=\"og:image:type\" content=\"image\/png\" \/>\n<meta name=\"twitter:card\" content=\"summary_large_image\" \/>\n<meta name=\"twitter:label1\" content=\"Est. reading time\" \/>\n\t<meta name=\"twitter:data1\" content=\"2 minutes\" \/>\n<script type=\"application\/ld+json\" class=\"yoast-schema-graph\">{\"@context\":\"https:\/\/schema.org\",\"@graph\":[{\"@type\":\"WebPage\",\"@id\":\"https:\/\/fundacion-biodiversidad.es\/en\/actualidad_home\/e7-1-million-to-improve-the-state-of-biodiversity-in-spain\/\",\"url\":\"https:\/\/fundacion-biodiversidad.es\/en\/actualidad_home\/e7-1-million-to-improve-the-state-of-biodiversity-in-spain\/\",\"name\":\"\u20ac7.1 million to improve the state of biodiversity in Spain - Fundaci\u00f3n Biodiversidad\",\"isPartOf\":{\"@id\":\"https:\/\/fundacion-biodiversidad.es\/en\/#website\"},\"primaryImageOfPage\":{\"@id\":\"https:\/\/fundacion-biodiversidad.es\/en\/actualidad_home\/e7-1-million-to-improve-the-state-of-biodiversity-in-spain\/#primaryimage\"},\"image\":{\"@id\":\"https:\/\/fundacion-biodiversidad.es\/en\/actualidad_home\/e7-1-million-to-improve-the-state-of-biodiversity-in-spain\/#primaryimage\"},\"thumbnailUrl\":\"https:\/\/fundacion-biodiversidad.es\/wp-content\/uploads\/2019\/05\/convocatorias2019.jpg\",\"datePublished\":\"2019-05-10T08:46:49+00:00\",\"breadcrumb\":{\"@id\":\"https:\/\/fundacion-biodiversidad.es\/en\/actualidad_home\/e7-1-million-to-improve-the-state-of-biodiversity-in-spain\/#breadcrumb\"},\"inLanguage\":\"en-US\",\"potentialAction\":[{\"@type\":\"ReadAction\",\"target\":[\"https:\/\/fundacion-biodiversidad.es\/en\/actualidad_home\/e7-1-million-to-improve-the-state-of-biodiversity-in-spain\/\"]}]},{\"@type\":\"ImageObject\",\"inLanguage\":\"en-US\",\"@id\":\"https:\/\/fundacion-biodiversidad.es\/en\/actualidad_home\/e7-1-million-to-improve-the-state-of-biodiversity-in-spain\/#primaryimage\",\"url\":\"https:\/\/fundacion-biodiversidad.es\/wp-content\/uploads\/2019\/05\/convocatorias2019.jpg\",\"contentUrl\":\"https:\/\/fundacion-biodiversidad.es\/wp-content\/uploads\/2019\/05\/convocatorias2019.jpg\",\"width\":747,\"height\":498},{\"@type\":\"BreadcrumbList\",\"@id\":\"https:\/\/fundacion-biodiversidad.es\/en\/actualidad_home\/e7-1-million-to-improve-the-state-of-biodiversity-in-spain\/#breadcrumb\",\"itemListElement\":[{\"@type\":\"ListItem\",\"position\":1,\"name\":\"Portada\",\"item\":\"https:\/\/fundacion-biodiversidad.es\/en\/inicio\/\"},{\"@type\":\"ListItem\",\"position\":2,\"name\":\"Noticias de actualidad\",\"item\":\"https:\/\/fundacion-biodiversidad.es\/en\/actualidad_home\/\"},{\"@type\":\"ListItem\",\"position\":3,\"name\":\"\u20ac7.1 million to improve the state of biodiversity in Spain\"}]},{\"@type\":\"WebSite\",\"@id\":\"https:\/\/fundacion-biodiversidad.es\/en\/#website\",\"url\":\"https:\/\/fundacion-biodiversidad.es\/en\/\",\"name\":\"Fundaci\u00f3n Biodiversidad\",\"description\":\"Fundaci\u00f3n p\u00fablica adscrita al Ministerio para la Transici\u00f3n Ecol\u00f3gica\",\"potentialAction\":[{\"@type\":\"SearchAction\",\"target\":{\"@type\":\"EntryPoint\",\"urlTemplate\":\"https:\/\/fundacion-biodiversidad.es\/en\/?s={search_term_string}\"},\"query-input\":{\"@type\":\"PropertyValueSpecification\",\"valueRequired\":true,\"valueName\":\"search_term_string\"}}],\"inLanguage\":\"en-US\"}]}<\/script>\n<!-- \/ Yoast SEO plugin. -->","yoast_head_json":{"title":"\u20ac7.1 million to improve the state of biodiversity in Spain - Fundaci\u00f3n Biodiversidad","robots":{"index":"index","follow":"follow","max-snippet":"max-snippet:-1","max-image-preview":"max-image-preview:large","max-video-preview":"max-video-preview:-1"},"canonical":"https:\/\/fundacion-biodiversidad.es\/en\/actualidad_home\/e7-1-million-to-improve-the-state-of-biodiversity-in-spain\/","og_locale":"en_US","og_type":"article","og_title":"\u20ac7.1 million to improve the state of biodiversity in Spain - Fundaci\u00f3n Biodiversidad","og_description":"We have just published four calls for grants, three of them for the development of projects that result in the improvement of terrestrial and marine [&hellip;]","og_url":"https:\/\/fundacion-biodiversidad.es\/en\/actualidad_home\/e7-1-million-to-improve-the-state-of-biodiversity-in-spain\/","og_site_name":"Fundaci\u00f3n Biodiversidad","og_image":[{"width":720,"height":405,"url":"https:\/\/fundacion-biodiversidad.es\/wp-content\/uploads\/2023\/01\/2487661294_35330241_720x405.png","type":"image\/png"}],"twitter_card":"summary_large_image","twitter_misc":{"Est. reading time":"2 minutes"},"schema":{"@context":"https:\/\/schema.org","@graph":[{"@type":"WebPage","@id":"https:\/\/fundacion-biodiversidad.es\/en\/actualidad_home\/e7-1-million-to-improve-the-state-of-biodiversity-in-spain\/","url":"https:\/\/fundacion-biodiversidad.es\/en\/actualidad_home\/e7-1-million-to-improve-the-state-of-biodiversity-in-spain\/","name":"\u20ac7.1 million to improve the state of biodiversity in Spain - Fundaci\u00f3n Biodiversidad","isPartOf":{"@id":"https:\/\/fundacion-biodiversidad.es\/en\/#website"},"primaryImageOfPage":{"@id":"https:\/\/fundacion-biodiversidad.es\/en\/actualidad_home\/e7-1-million-to-improve-the-state-of-biodiversity-in-spain\/#primaryimage"},"image":{"@id":"https:\/\/fundacion-biodiversidad.es\/en\/actualidad_home\/e7-1-million-to-improve-the-state-of-biodiversity-in-spain\/#primaryimage"},"thumbnailUrl":"https:\/\/fundacion-biodiversidad.es\/wp-content\/uploads\/2019\/05\/convocatorias2019.jpg","datePublished":"2019-05-10T08:46:49+00:00","breadcrumb":{"@id":"https:\/\/fundacion-biodiversidad.es\/en\/actualidad_home\/e7-1-million-to-improve-the-state-of-biodiversity-in-spain\/#breadcrumb"},"inLanguage":"en-US","potentialAction":[{"@type":"ReadAction","target":["https:\/\/fundacion-biodiversidad.es\/en\/actualidad_home\/e7-1-million-to-improve-the-state-of-biodiversity-in-spain\/"]}]},{"@type":"ImageObject","inLanguage":"en-US","@id":"https:\/\/fundacion-biodiversidad.es\/en\/actualidad_home\/e7-1-million-to-improve-the-state-of-biodiversity-in-spain\/#primaryimage","url":"https:\/\/fundacion-biodiversidad.es\/wp-content\/uploads\/2019\/05\/convocatorias2019.jpg","contentUrl":"https:\/\/fundacion-biodiversidad.es\/wp-content\/uploads\/2019\/05\/convocatorias2019.jpg","width":747,"height":498},{"@type":"BreadcrumbList","@id":"https:\/\/fundacion-biodiversidad.es\/en\/actualidad_home\/e7-1-million-to-improve-the-state-of-biodiversity-in-spain\/#breadcrumb","itemListElement":[{"@type":"ListItem","position":1,"name":"Portada","item":"https:\/\/fundacion-biodiversidad.es\/en\/inicio\/"},{"@type":"ListItem","position":2,"name":"Noticias de actualidad","item":"https:\/\/fundacion-biodiversidad.es\/en\/actualidad_home\/"},{"@type":"ListItem","position":3,"name":"\u20ac7.1 million to improve the state of biodiversity in Spain"}]},{"@type":"WebSite","@id":"https:\/\/fundacion-biodiversidad.es\/en\/#website","url":"https:\/\/fundacion-biodiversidad.es\/en\/","name":"Fundaci\u00f3n Biodiversidad","description":"Fundaci\u00f3n p\u00fablica adscrita al Ministerio para la Transici\u00f3n Ecol\u00f3gica","potentialAction":[{"@type":"SearchAction","target":{"@type":"EntryPoint","urlTemplate":"https:\/\/fundacion-biodiversidad.es\/en\/?s={search_term_string}"},"query-input":{"@type":"PropertyValueSpecification","valueRequired":true,"valueName":"search_term_string"}}],"inLanguage":"en-US"}]}},"_links":{"self":[{"href":"https:\/\/fundacion-biodiversidad.es\/en\/wp-json\/wp\/v2\/actualidad_home\/97858311","targetHints":{"allow":["GET"]}}],"collection":[{"href":"https:\/\/fundacion-biodiversidad.es\/en\/wp-json\/wp\/v2\/actualidad_home"}],"about":[{"href":"https:\/\/fundacion-biodiversidad.es\/en\/wp-json\/wp\/v2\/types\/actualidad_home"}],"author":[{"embeddable":true,"href":"https:\/\/fundacion-biodiversidad.es\/en\/wp-json\/wp\/v2\/users\/11"}],"wp:featuredmedia":[{"embeddable":true,"href":"https:\/\/fundacion-biodiversidad.es\/en\/wp-json\/wp\/v2\/media\/35984"}],"wp:attachment":[{"href":"https:\/\/fundacion-biodiversidad.es\/en\/wp-json\/wp\/v2\/media?parent=97858311"}],"wp:term":[{"taxonomy":"palabras_clave","embeddable":true,"href":"https:\/\/fundacion-biodiversidad.es\/en\/wp-json\/wp\/v2\/palabras_clave?post=97858311"}],"curies":[{"name":"wp","href":"https:\/\/api.w.org\/{rel}","templated":true}]}}