{"id":97858318,"date":"2019-04-03T11:59:38","date_gmt":"2019-04-03T09:59:38","guid":{"rendered":"https:\/\/fundacion-biodiversidad.es\/actualidad_home\/business-and-biodiversity-an-alliance-to-promote-sustainable-development\/"},"modified":"2019-04-03T11:59:38","modified_gmt":"2019-04-03T09:59:38","slug":"business-and-biodiversity-an-alliance-to-promote-sustainable-development","status":"publish","type":"actualidad_home","link":"https:\/\/fundacion-biodiversidad.es\/en\/actualidad_home\/business-and-biodiversity-an-alliance-to-promote-sustainable-development\/","title":{"rendered":"Business and biodiversity, an alliance to promote sustainable development"},"content":{"rendered":"<p>The Secretary of State for the Environment, Hugo Mor\u00e1n, met today with representatives of the 23 large Spanish companies that are part of the Spanish Business and Biodiversity Initiative and asked them to &#8220;continue with the commitment to development that does not endanger natural capital&#8221;.<\/p>\n<p>This initiative provides a framework for cooperation between large companies, NGOs, associations and the General State Administration, and joins efforts for the improvement and maintenance of natural capital in Spain.<\/p>\n<p>During the meeting, Mor\u00e1n stressed that &#8220;one of the values of the IEEB is to demonstrate how alliances between actors are a real opportunity for sustainable development. At the Ministry for Ecological Transition we are convinced that the challenges ahead need a combined effort and that together we are stronger&#8221;.<\/p>\n<p>The <a href=\"https:\/\/ieeb.fundacion-biodiversidad.es\/\" target=\"_blank\" rel=\"noopener\"><strong>Spanish Business and Biodiversity Initiative <\/strong><\/a>has 23 large companies adhered to, 26% from the food and personal care sector; 22% from the energy sector; 17% from the construction and urban services sector; 13% from the extractive sector and another 9% from the consulting and engineering sector; The remaining companies are distributed between the household appliances, financial and transport sectors.<\/p>\n<p>The latest companies to join the IEEB have been the Danone Group and HeidelbergCement Hispania. Also part of it are Altran, ABB, Bal\u00e8aria, BSH, Cemex, Cepsa, Decathlon, Endesa, Ferrovial, FCC, Mahou-San Miguel, Heineken, Iberdrola, LafargeHolcim, Mapfre, Naturgy, OHL, Red El\u00e9ctrica, Suez Water Spain, Unilever and Yves Rocher. It also has 4 strategic partners, Fundaci\u00f3n Global Nature, For\u00e9tica, Club of Excellence in Sustainability and Biodiversity in Good Company. All the member companies have signed the Pact for Biodiversity, where they commit to assess the impact of their activity on biodiversity, include the protection of biodiversity in their management and extend the commitment to their supply chain, among other commitments.   <\/p>\n","protected":false},"author":11,"featured_media":35975,"template":"","meta":{"_acf_changed":false},"palabras_clave":[35,86,72],"class_list":["post-97858318","actualidad_home","type-actualidad_home","status-publish","has-post-thumbnail","hentry","palabras_clave-biodiversidad","palabras_clave-empresa","palabras_clave-sostenible"],"acf":[],"yoast_head":"<!-- This site is optimized with the Yoast SEO plugin v26.9 - https:\/\/yoast.com\/product\/yoast-seo-wordpress\/ -->\n<title>Business and biodiversity, an alliance to promote sustainable development - Fundaci\u00f3n Biodiversidad<\/title>\n<meta name=\"robots\" content=\"index, follow, max-snippet:-1, max-image-preview:large, max-video-preview:-1\" \/>\n<link rel=\"canonical\" href=\"https:\/\/fundacion-biodiversidad.es\/en\/actualidad_home\/business-and-biodiversity-an-alliance-to-promote-sustainable-development\/\" \/>\n<meta property=\"og:locale\" content=\"en_US\" \/>\n<meta property=\"og:type\" content=\"article\" \/>\n<meta property=\"og:title\" content=\"Business and biodiversity, an alliance to promote sustainable development - Fundaci\u00f3n Biodiversidad\" \/>\n<meta property=\"og:description\" content=\"The Secretary of State for the Environment, Hugo Mor\u00e1n, met today with representatives of the 23 large Spanish companies that are part of the Spanish [&hellip;]\" \/>\n<meta property=\"og:url\" content=\"https:\/\/fundacion-biodiversidad.es\/en\/actualidad_home\/business-and-biodiversity-an-alliance-to-promote-sustainable-development\/\" \/>\n<meta property=\"og:site_name\" content=\"Fundaci\u00f3n Biodiversidad\" \/>\n<meta property=\"og:image\" content=\"https:\/\/fundacion-biodiversidad.es\/wp-content\/uploads\/2023\/01\/2487661294_35330241_720x405.png\" \/>\n\t<meta property=\"og:image:width\" content=\"720\" \/>\n\t<meta property=\"og:image:height\" content=\"405\" \/>\n\t<meta property=\"og:image:type\" content=\"image\/png\" \/>\n<meta name=\"twitter:card\" content=\"summary_large_image\" \/>\n<meta name=\"twitter:label1\" content=\"Est. reading time\" \/>\n\t<meta name=\"twitter:data1\" content=\"1 minute\" \/>\n<script type=\"application\/ld+json\" class=\"yoast-schema-graph\">{\"@context\":\"https:\/\/schema.org\",\"@graph\":[{\"@type\":\"WebPage\",\"@id\":\"https:\/\/fundacion-biodiversidad.es\/en\/actualidad_home\/business-and-biodiversity-an-alliance-to-promote-sustainable-development\/\",\"url\":\"https:\/\/fundacion-biodiversidad.es\/en\/actualidad_home\/business-and-biodiversity-an-alliance-to-promote-sustainable-development\/\",\"name\":\"Business and biodiversity, an alliance to promote sustainable development - Fundaci\u00f3n Biodiversidad\",\"isPartOf\":{\"@id\":\"https:\/\/fundacion-biodiversidad.es\/en\/#website\"},\"primaryImageOfPage\":{\"@id\":\"https:\/\/fundacion-biodiversidad.es\/en\/actualidad_home\/business-and-biodiversity-an-alliance-to-promote-sustainable-development\/#primaryimage\"},\"image\":{\"@id\":\"https:\/\/fundacion-biodiversidad.es\/en\/actualidad_home\/business-and-biodiversity-an-alliance-to-promote-sustainable-development\/#primaryimage\"},\"thumbnailUrl\":\"https:\/\/fundacion-biodiversidad.es\/wp-content\/uploads\/2019\/04\/foto_de_familia.jpg\",\"datePublished\":\"2019-04-03T09:59:38+00:00\",\"breadcrumb\":{\"@id\":\"https:\/\/fundacion-biodiversidad.es\/en\/actualidad_home\/business-and-biodiversity-an-alliance-to-promote-sustainable-development\/#breadcrumb\"},\"inLanguage\":\"en-US\",\"potentialAction\":[{\"@type\":\"ReadAction\",\"target\":[\"https:\/\/fundacion-biodiversidad.es\/en\/actualidad_home\/business-and-biodiversity-an-alliance-to-promote-sustainable-development\/\"]}]},{\"@type\":\"ImageObject\",\"inLanguage\":\"en-US\",\"@id\":\"https:\/\/fundacion-biodiversidad.es\/en\/actualidad_home\/business-and-biodiversity-an-alliance-to-promote-sustainable-development\/#primaryimage\",\"url\":\"https:\/\/fundacion-biodiversidad.es\/wp-content\/uploads\/2019\/04\/foto_de_familia.jpg\",\"contentUrl\":\"https:\/\/fundacion-biodiversidad.es\/wp-content\/uploads\/2019\/04\/foto_de_familia.jpg\",\"width\":1649,\"height\":1000},{\"@type\":\"BreadcrumbList\",\"@id\":\"https:\/\/fundacion-biodiversidad.es\/en\/actualidad_home\/business-and-biodiversity-an-alliance-to-promote-sustainable-development\/#breadcrumb\",\"itemListElement\":[{\"@type\":\"ListItem\",\"position\":1,\"name\":\"Portada\",\"item\":\"https:\/\/fundacion-biodiversidad.es\/en\/inicio\/\"},{\"@type\":\"ListItem\",\"position\":2,\"name\":\"Noticias de actualidad\",\"item\":\"https:\/\/fundacion-biodiversidad.es\/en\/actualidad_home\/\"},{\"@type\":\"ListItem\",\"position\":3,\"name\":\"Business and biodiversity, an alliance to promote sustainable development\"}]},{\"@type\":\"WebSite\",\"@id\":\"https:\/\/fundacion-biodiversidad.es\/en\/#website\",\"url\":\"https:\/\/fundacion-biodiversidad.es\/en\/\",\"name\":\"Fundaci\u00f3n Biodiversidad\",\"description\":\"Fundaci\u00f3n p\u00fablica adscrita al Ministerio para la Transici\u00f3n Ecol\u00f3gica\",\"potentialAction\":[{\"@type\":\"SearchAction\",\"target\":{\"@type\":\"EntryPoint\",\"urlTemplate\":\"https:\/\/fundacion-biodiversidad.es\/en\/?s={search_term_string}\"},\"query-input\":{\"@type\":\"PropertyValueSpecification\",\"valueRequired\":true,\"valueName\":\"search_term_string\"}}],\"inLanguage\":\"en-US\"}]}<\/script>\n<!-- \/ Yoast SEO plugin. -->","yoast_head_json":{"title":"Business and biodiversity, an alliance to promote sustainable development - Fundaci\u00f3n Biodiversidad","robots":{"index":"index","follow":"follow","max-snippet":"max-snippet:-1","max-image-preview":"max-image-preview:large","max-video-preview":"max-video-preview:-1"},"canonical":"https:\/\/fundacion-biodiversidad.es\/en\/actualidad_home\/business-and-biodiversity-an-alliance-to-promote-sustainable-development\/","og_locale":"en_US","og_type":"article","og_title":"Business and biodiversity, an alliance to promote sustainable development - Fundaci\u00f3n Biodiversidad","og_description":"The Secretary of State for the Environment, Hugo Mor\u00e1n, met today with representatives of the 23 large Spanish companies that are part of the Spanish [&hellip;]","og_url":"https:\/\/fundacion-biodiversidad.es\/en\/actualidad_home\/business-and-biodiversity-an-alliance-to-promote-sustainable-development\/","og_site_name":"Fundaci\u00f3n Biodiversidad","og_image":[{"width":720,"height":405,"url":"https:\/\/fundacion-biodiversidad.es\/wp-content\/uploads\/2023\/01\/2487661294_35330241_720x405.png","type":"image\/png"}],"twitter_card":"summary_large_image","twitter_misc":{"Est. reading time":"1 minute"},"schema":{"@context":"https:\/\/schema.org","@graph":[{"@type":"WebPage","@id":"https:\/\/fundacion-biodiversidad.es\/en\/actualidad_home\/business-and-biodiversity-an-alliance-to-promote-sustainable-development\/","url":"https:\/\/fundacion-biodiversidad.es\/en\/actualidad_home\/business-and-biodiversity-an-alliance-to-promote-sustainable-development\/","name":"Business and biodiversity, an alliance to promote sustainable development - Fundaci\u00f3n Biodiversidad","isPartOf":{"@id":"https:\/\/fundacion-biodiversidad.es\/en\/#website"},"primaryImageOfPage":{"@id":"https:\/\/fundacion-biodiversidad.es\/en\/actualidad_home\/business-and-biodiversity-an-alliance-to-promote-sustainable-development\/#primaryimage"},"image":{"@id":"https:\/\/fundacion-biodiversidad.es\/en\/actualidad_home\/business-and-biodiversity-an-alliance-to-promote-sustainable-development\/#primaryimage"},"thumbnailUrl":"https:\/\/fundacion-biodiversidad.es\/wp-content\/uploads\/2019\/04\/foto_de_familia.jpg","datePublished":"2019-04-03T09:59:38+00:00","breadcrumb":{"@id":"https:\/\/fundacion-biodiversidad.es\/en\/actualidad_home\/business-and-biodiversity-an-alliance-to-promote-sustainable-development\/#breadcrumb"},"inLanguage":"en-US","potentialAction":[{"@type":"ReadAction","target":["https:\/\/fundacion-biodiversidad.es\/en\/actualidad_home\/business-and-biodiversity-an-alliance-to-promote-sustainable-development\/"]}]},{"@type":"ImageObject","inLanguage":"en-US","@id":"https:\/\/fundacion-biodiversidad.es\/en\/actualidad_home\/business-and-biodiversity-an-alliance-to-promote-sustainable-development\/#primaryimage","url":"https:\/\/fundacion-biodiversidad.es\/wp-content\/uploads\/2019\/04\/foto_de_familia.jpg","contentUrl":"https:\/\/fundacion-biodiversidad.es\/wp-content\/uploads\/2019\/04\/foto_de_familia.jpg","width":1649,"height":1000},{"@type":"BreadcrumbList","@id":"https:\/\/fundacion-biodiversidad.es\/en\/actualidad_home\/business-and-biodiversity-an-alliance-to-promote-sustainable-development\/#breadcrumb","itemListElement":[{"@type":"ListItem","position":1,"name":"Portada","item":"https:\/\/fundacion-biodiversidad.es\/en\/inicio\/"},{"@type":"ListItem","position":2,"name":"Noticias de actualidad","item":"https:\/\/fundacion-biodiversidad.es\/en\/actualidad_home\/"},{"@type":"ListItem","position":3,"name":"Business and biodiversity, an alliance to promote sustainable development"}]},{"@type":"WebSite","@id":"https:\/\/fundacion-biodiversidad.es\/en\/#website","url":"https:\/\/fundacion-biodiversidad.es\/en\/","name":"Fundaci\u00f3n Biodiversidad","description":"Fundaci\u00f3n p\u00fablica adscrita al Ministerio para la Transici\u00f3n Ecol\u00f3gica","potentialAction":[{"@type":"SearchAction","target":{"@type":"EntryPoint","urlTemplate":"https:\/\/fundacion-biodiversidad.es\/en\/?s={search_term_string}"},"query-input":{"@type":"PropertyValueSpecification","valueRequired":true,"valueName":"search_term_string"}}],"inLanguage":"en-US"}]}},"_links":{"self":[{"href":"https:\/\/fundacion-biodiversidad.es\/en\/wp-json\/wp\/v2\/actualidad_home\/97858318","targetHints":{"allow":["GET"]}}],"collection":[{"href":"https:\/\/fundacion-biodiversidad.es\/en\/wp-json\/wp\/v2\/actualidad_home"}],"about":[{"href":"https:\/\/fundacion-biodiversidad.es\/en\/wp-json\/wp\/v2\/types\/actualidad_home"}],"author":[{"embeddable":true,"href":"https:\/\/fundacion-biodiversidad.es\/en\/wp-json\/wp\/v2\/users\/11"}],"wp:featuredmedia":[{"embeddable":true,"href":"https:\/\/fundacion-biodiversidad.es\/en\/wp-json\/wp\/v2\/media\/35975"}],"wp:attachment":[{"href":"https:\/\/fundacion-biodiversidad.es\/en\/wp-json\/wp\/v2\/media?parent=97858318"}],"wp:term":[{"taxonomy":"palabras_clave","embeddable":true,"href":"https:\/\/fundacion-biodiversidad.es\/en\/wp-json\/wp\/v2\/palabras_clave?post=97858318"}],"curies":[{"name":"wp","href":"https:\/\/api.w.org\/{rel}","templated":true}]}}