{"id":97858320,"date":"2019-04-04T06:00:49","date_gmt":"2019-04-04T04:00:49","guid":{"rendered":"https:\/\/fundacion-biodiversidad.es\/actualidad_home\/new-conservation-actions-to-address-the-high-risk-of-extinction-of-the-marbled-teal\/"},"modified":"2019-04-04T06:00:49","modified_gmt":"2019-04-04T04:00:49","slug":"new-conservation-actions-to-address-the-high-risk-of-extinction-of-the-marbled-teal","status":"publish","type":"actualidad_home","link":"https:\/\/fundacion-biodiversidad.es\/en\/actualidad_home\/new-conservation-actions-to-address-the-high-risk-of-extinction-of-the-marbled-teal\/","title":{"rendered":"New conservation actions to address the high risk of extinction of the marbled teal"},"content":{"rendered":"<p>The <strong>marbled teal <\/strong>(<em>Marmaronetta angustirostris<\/em>), <strong>the most endangered duck in Europe, continues to show a very delicate population status and a high risk of extinction<\/strong>. This is the main conclusion of the second meeting of the working group on the species, declared in a critical situation in Spain by the Ministry for Ecological Transition (MITECO) in 2018. At the meeting, held in Trebujena (C\u00e1diz), representatives of public administrations, experts, researchers and conservation entities have agreed on new <strong>actions to monitor the specimens they breed in our country<\/strong>, as well as surveillance tasks in the wetlands they use. Among others, it has been decided<strong> to mark specimens with GPS transmitters to detect possible black spots of unnatural mortality<\/strong>.   <\/p>\n<p><strong>In 2018, they bred between 68 and 71 pairs in 13 Spanish wetlands<\/strong>, especially in Do\u00f1ana and Trebujena (C\u00e1diz), El Hondo (Alicante) and S&#8217;Albufera de Mallorca. The trend shown in recent years is one of slight increase, although always within the framework of a very worrying population situation and with a high risk<br \/>of extinction. <strong>In 2017, they bred 60 pairs<\/strong>.<\/p>\n<p>At its last meeting, the working group has highlighted the importance of knowing the patterns of movement and causes of mortality of marbled teal, given that to date there is no precise data on the fate of the specimens that are born annually in Spanish wetlands. Therefore, it is<br \/>will mark individuals with GPS transmitters in the two most important areas (Alicante wetlands and the Do\u00f1ana area) throughout 2019, which will contribute to detecting possible black spots of unnatural mortality. <\/p>\n<p>The participants in the working group, which is coordinated by MITECO, have also considered it necessary to deepen coordination<strong> at the state level in the captive breeding of the species to optimize the resources and performance of the centers in which it already breeds<\/strong>. Currently, the El Saler centre managed by the<br \/>The Generalitat Valenciana and the Ca\u00f1ada de los P\u00e1jaros in Seville have an important contingent of marbled teals that breed in captivity and that are a valuable reservoir to undertake population reinforcement tasks in different wetlands with appropriate characteristics for this bird. These actions will be enhanced thanks to the incorporation of new possible areas for the release of specimens in Castilla-La Mancha, which complement the work already carried out in Andalusia, the Valencian Community and the Balearic Islands.  <\/p>\n<p><strong>Habitat restoration in wetlands is also essential, especially in those enclaves where the species breeds<\/strong>. Thus, for example, an important battery of adaptation measures is being developed to favour the marbled teal both in the marshes of Trebujena (C\u00e1diz) and in wetlands in the south of Alicante in the surroundings of the El Hondo Natural Park. <\/p>\n<p>To develop all these measures, the environmental administrations of the autonomous communities in the species&#8217; distribution area are allocating significant resources, with the support of MITECO and sectoral associations, which are expected to be reinforced by the European Commission through the LIFE+ programme. The role of research centres is equally important in assessing the effectiveness of the measures implemented and in understanding the most important aspects of marbled teal ecology. <\/p>\n","protected":false},"author":11,"featured_media":35974,"template":"","meta":{"_acf_changed":false},"palabras_clave":[],"class_list":["post-97858320","actualidad_home","type-actualidad_home","status-publish","has-post-thumbnail","hentry"],"acf":[],"yoast_head":"<!-- This site is optimized with the Yoast SEO plugin v26.9 - https:\/\/yoast.com\/product\/yoast-seo-wordpress\/ -->\n<title>New conservation actions to address the high risk of extinction of the marbled teal - Fundaci\u00f3n Biodiversidad<\/title>\n<meta name=\"robots\" content=\"index, follow, max-snippet:-1, max-image-preview:large, max-video-preview:-1\" \/>\n<link rel=\"canonical\" href=\"https:\/\/fundacion-biodiversidad.es\/en\/actualidad_home\/new-conservation-actions-to-address-the-high-risk-of-extinction-of-the-marbled-teal\/\" \/>\n<meta property=\"og:locale\" content=\"en_US\" \/>\n<meta property=\"og:type\" content=\"article\" \/>\n<meta property=\"og:title\" content=\"New conservation actions to address the high risk of extinction of the marbled teal - Fundaci\u00f3n Biodiversidad\" \/>\n<meta property=\"og:description\" content=\"The marbled teal (Marmaronetta angustirostris), the most endangered duck in Europe, continues to show a very delicate population status and a high risk of extinction. [&hellip;]\" \/>\n<meta property=\"og:url\" content=\"https:\/\/fundacion-biodiversidad.es\/en\/actualidad_home\/new-conservation-actions-to-address-the-high-risk-of-extinction-of-the-marbled-teal\/\" \/>\n<meta property=\"og:site_name\" content=\"Fundaci\u00f3n Biodiversidad\" \/>\n<meta property=\"og:image\" content=\"https:\/\/fundacion-biodiversidad.es\/wp-content\/uploads\/2023\/01\/2487661294_35330241_720x405.png\" \/>\n\t<meta property=\"og:image:width\" content=\"720\" \/>\n\t<meta property=\"og:image:height\" content=\"405\" \/>\n\t<meta property=\"og:image:type\" content=\"image\/png\" \/>\n<meta name=\"twitter:card\" content=\"summary_large_image\" \/>\n<meta name=\"twitter:label1\" content=\"Est. reading time\" \/>\n\t<meta name=\"twitter:data1\" content=\"3 minutes\" \/>\n<script type=\"application\/ld+json\" class=\"yoast-schema-graph\">{\"@context\":\"https:\/\/schema.org\",\"@graph\":[{\"@type\":\"WebPage\",\"@id\":\"https:\/\/fundacion-biodiversidad.es\/en\/actualidad_home\/new-conservation-actions-to-address-the-high-risk-of-extinction-of-the-marbled-teal\/\",\"url\":\"https:\/\/fundacion-biodiversidad.es\/en\/actualidad_home\/new-conservation-actions-to-address-the-high-risk-of-extinction-of-the-marbled-teal\/\",\"name\":\"New conservation actions to address the high risk of extinction of the marbled teal - Fundaci\u00f3n Biodiversidad\",\"isPartOf\":{\"@id\":\"https:\/\/fundacion-biodiversidad.es\/en\/#website\"},\"primaryImageOfPage\":{\"@id\":\"https:\/\/fundacion-biodiversidad.es\/en\/actualidad_home\/new-conservation-actions-to-address-the-high-risk-of-extinction-of-the-marbled-teal\/#primaryimage\"},\"image\":{\"@id\":\"https:\/\/fundacion-biodiversidad.es\/en\/actualidad_home\/new-conservation-actions-to-address-the-high-risk-of-extinction-of-the-marbled-teal\/#primaryimage\"},\"thumbnailUrl\":\"https:\/\/fundacion-biodiversidad.es\/wp-content\/uploads\/2019\/04\/04042019_taller_cerceta_pardilla.jpg\",\"datePublished\":\"2019-04-04T04:00:49+00:00\",\"breadcrumb\":{\"@id\":\"https:\/\/fundacion-biodiversidad.es\/en\/actualidad_home\/new-conservation-actions-to-address-the-high-risk-of-extinction-of-the-marbled-teal\/#breadcrumb\"},\"inLanguage\":\"en-US\",\"potentialAction\":[{\"@type\":\"ReadAction\",\"target\":[\"https:\/\/fundacion-biodiversidad.es\/en\/actualidad_home\/new-conservation-actions-to-address-the-high-risk-of-extinction-of-the-marbled-teal\/\"]}]},{\"@type\":\"ImageObject\",\"inLanguage\":\"en-US\",\"@id\":\"https:\/\/fundacion-biodiversidad.es\/en\/actualidad_home\/new-conservation-actions-to-address-the-high-risk-of-extinction-of-the-marbled-teal\/#primaryimage\",\"url\":\"https:\/\/fundacion-biodiversidad.es\/wp-content\/uploads\/2019\/04\/04042019_taller_cerceta_pardilla.jpg\",\"contentUrl\":\"https:\/\/fundacion-biodiversidad.es\/wp-content\/uploads\/2019\/04\/04042019_taller_cerceta_pardilla.jpg\",\"width\":1600,\"height\":1200},{\"@type\":\"BreadcrumbList\",\"@id\":\"https:\/\/fundacion-biodiversidad.es\/en\/actualidad_home\/new-conservation-actions-to-address-the-high-risk-of-extinction-of-the-marbled-teal\/#breadcrumb\",\"itemListElement\":[{\"@type\":\"ListItem\",\"position\":1,\"name\":\"Portada\",\"item\":\"https:\/\/fundacion-biodiversidad.es\/en\/inicio\/\"},{\"@type\":\"ListItem\",\"position\":2,\"name\":\"Noticias de actualidad\",\"item\":\"https:\/\/fundacion-biodiversidad.es\/en\/actualidad_home\/\"},{\"@type\":\"ListItem\",\"position\":3,\"name\":\"New conservation actions to address the high risk of extinction of the marbled teal\"}]},{\"@type\":\"WebSite\",\"@id\":\"https:\/\/fundacion-biodiversidad.es\/en\/#website\",\"url\":\"https:\/\/fundacion-biodiversidad.es\/en\/\",\"name\":\"Fundaci\u00f3n Biodiversidad\",\"description\":\"Fundaci\u00f3n p\u00fablica adscrita al Ministerio para la Transici\u00f3n Ecol\u00f3gica\",\"potentialAction\":[{\"@type\":\"SearchAction\",\"target\":{\"@type\":\"EntryPoint\",\"urlTemplate\":\"https:\/\/fundacion-biodiversidad.es\/en\/?s={search_term_string}\"},\"query-input\":{\"@type\":\"PropertyValueSpecification\",\"valueRequired\":true,\"valueName\":\"search_term_string\"}}],\"inLanguage\":\"en-US\"}]}<\/script>\n<!-- \/ Yoast SEO plugin. -->","yoast_head_json":{"title":"New conservation actions to address the high risk of extinction of the marbled teal - Fundaci\u00f3n Biodiversidad","robots":{"index":"index","follow":"follow","max-snippet":"max-snippet:-1","max-image-preview":"max-image-preview:large","max-video-preview":"max-video-preview:-1"},"canonical":"https:\/\/fundacion-biodiversidad.es\/en\/actualidad_home\/new-conservation-actions-to-address-the-high-risk-of-extinction-of-the-marbled-teal\/","og_locale":"en_US","og_type":"article","og_title":"New conservation actions to address the high risk of extinction of the marbled teal - Fundaci\u00f3n Biodiversidad","og_description":"The marbled teal (Marmaronetta angustirostris), the most endangered duck in Europe, continues to show a very delicate population status and a high risk of extinction. [&hellip;]","og_url":"https:\/\/fundacion-biodiversidad.es\/en\/actualidad_home\/new-conservation-actions-to-address-the-high-risk-of-extinction-of-the-marbled-teal\/","og_site_name":"Fundaci\u00f3n Biodiversidad","og_image":[{"width":720,"height":405,"url":"https:\/\/fundacion-biodiversidad.es\/wp-content\/uploads\/2023\/01\/2487661294_35330241_720x405.png","type":"image\/png"}],"twitter_card":"summary_large_image","twitter_misc":{"Est. reading time":"3 minutes"},"schema":{"@context":"https:\/\/schema.org","@graph":[{"@type":"WebPage","@id":"https:\/\/fundacion-biodiversidad.es\/en\/actualidad_home\/new-conservation-actions-to-address-the-high-risk-of-extinction-of-the-marbled-teal\/","url":"https:\/\/fundacion-biodiversidad.es\/en\/actualidad_home\/new-conservation-actions-to-address-the-high-risk-of-extinction-of-the-marbled-teal\/","name":"New conservation actions to address the high risk of extinction of the marbled teal - Fundaci\u00f3n Biodiversidad","isPartOf":{"@id":"https:\/\/fundacion-biodiversidad.es\/en\/#website"},"primaryImageOfPage":{"@id":"https:\/\/fundacion-biodiversidad.es\/en\/actualidad_home\/new-conservation-actions-to-address-the-high-risk-of-extinction-of-the-marbled-teal\/#primaryimage"},"image":{"@id":"https:\/\/fundacion-biodiversidad.es\/en\/actualidad_home\/new-conservation-actions-to-address-the-high-risk-of-extinction-of-the-marbled-teal\/#primaryimage"},"thumbnailUrl":"https:\/\/fundacion-biodiversidad.es\/wp-content\/uploads\/2019\/04\/04042019_taller_cerceta_pardilla.jpg","datePublished":"2019-04-04T04:00:49+00:00","breadcrumb":{"@id":"https:\/\/fundacion-biodiversidad.es\/en\/actualidad_home\/new-conservation-actions-to-address-the-high-risk-of-extinction-of-the-marbled-teal\/#breadcrumb"},"inLanguage":"en-US","potentialAction":[{"@type":"ReadAction","target":["https:\/\/fundacion-biodiversidad.es\/en\/actualidad_home\/new-conservation-actions-to-address-the-high-risk-of-extinction-of-the-marbled-teal\/"]}]},{"@type":"ImageObject","inLanguage":"en-US","@id":"https:\/\/fundacion-biodiversidad.es\/en\/actualidad_home\/new-conservation-actions-to-address-the-high-risk-of-extinction-of-the-marbled-teal\/#primaryimage","url":"https:\/\/fundacion-biodiversidad.es\/wp-content\/uploads\/2019\/04\/04042019_taller_cerceta_pardilla.jpg","contentUrl":"https:\/\/fundacion-biodiversidad.es\/wp-content\/uploads\/2019\/04\/04042019_taller_cerceta_pardilla.jpg","width":1600,"height":1200},{"@type":"BreadcrumbList","@id":"https:\/\/fundacion-biodiversidad.es\/en\/actualidad_home\/new-conservation-actions-to-address-the-high-risk-of-extinction-of-the-marbled-teal\/#breadcrumb","itemListElement":[{"@type":"ListItem","position":1,"name":"Portada","item":"https:\/\/fundacion-biodiversidad.es\/en\/inicio\/"},{"@type":"ListItem","position":2,"name":"Noticias de actualidad","item":"https:\/\/fundacion-biodiversidad.es\/en\/actualidad_home\/"},{"@type":"ListItem","position":3,"name":"New conservation actions to address the high risk of extinction of the marbled teal"}]},{"@type":"WebSite","@id":"https:\/\/fundacion-biodiversidad.es\/en\/#website","url":"https:\/\/fundacion-biodiversidad.es\/en\/","name":"Fundaci\u00f3n Biodiversidad","description":"Fundaci\u00f3n p\u00fablica adscrita al Ministerio para la Transici\u00f3n Ecol\u00f3gica","potentialAction":[{"@type":"SearchAction","target":{"@type":"EntryPoint","urlTemplate":"https:\/\/fundacion-biodiversidad.es\/en\/?s={search_term_string}"},"query-input":{"@type":"PropertyValueSpecification","valueRequired":true,"valueName":"search_term_string"}}],"inLanguage":"en-US"}]}},"_links":{"self":[{"href":"https:\/\/fundacion-biodiversidad.es\/en\/wp-json\/wp\/v2\/actualidad_home\/97858320","targetHints":{"allow":["GET"]}}],"collection":[{"href":"https:\/\/fundacion-biodiversidad.es\/en\/wp-json\/wp\/v2\/actualidad_home"}],"about":[{"href":"https:\/\/fundacion-biodiversidad.es\/en\/wp-json\/wp\/v2\/types\/actualidad_home"}],"author":[{"embeddable":true,"href":"https:\/\/fundacion-biodiversidad.es\/en\/wp-json\/wp\/v2\/users\/11"}],"wp:featuredmedia":[{"embeddable":true,"href":"https:\/\/fundacion-biodiversidad.es\/en\/wp-json\/wp\/v2\/media\/35974"}],"wp:attachment":[{"href":"https:\/\/fundacion-biodiversidad.es\/en\/wp-json\/wp\/v2\/media?parent=97858320"}],"wp:term":[{"taxonomy":"palabras_clave","embeddable":true,"href":"https:\/\/fundacion-biodiversidad.es\/en\/wp-json\/wp\/v2\/palabras_clave?post=97858320"}],"curies":[{"name":"wp","href":"https:\/\/api.w.org\/{rel}","templated":true}]}}