{"id":97858321,"date":"2019-03-21T08:19:22","date_gmt":"2019-03-21T07:19:22","guid":{"rendered":"https:\/\/fundacion-biodiversidad.es\/actualidad_home\/we-join-the-celebration-of-the-international-day-of-forests\/"},"modified":"2019-03-21T08:19:22","modified_gmt":"2019-03-21T07:19:22","slug":"we-join-the-celebration-of-the-international-day-of-forests","status":"publish","type":"actualidad_home","link":"https:\/\/fundacion-biodiversidad.es\/en\/actualidad_home\/we-join-the-celebration-of-the-international-day-of-forests\/","title":{"rendered":"We join the celebration of the International Day of Forests"},"content":{"rendered":"<p>Since 2013, the International Day of Forests has been celebrated every March 21 to raise awareness of the importance of maintaining healthy forests for the well-being of our lives and the crucial role they play in poverty eradication, environmental sustainability and food security. Forests help create strong, resilient communities and increase the prosperity of their economies. They are also critical to combating climate change and achieving the Sustainable Development Goals (SDGs).  <\/p>\n<p>This year, the International Day of Forests focuses on education as an indispensable means to learn to love the forest, and points to its importance in achieving sustainable management of forest areas and advancing biodiversity conservation.<\/p>\n<p>From the Biodiversity Foundation we have been supporting forestry projects since our inception, for which <strong>we have allocated more than 3.5 million euros for 52 projects<\/strong>, of which 6 are in execution.<\/p>\n<p>Despite the incredible ecological, economic and social benefits that forests provide, <strong>deforestation continues at a rate of 13 million hectares per year and is responsible for between 12 and 20% of greenhouse gas emissions and contribute to global warming<\/strong>. Adaptation to climate change is a complex process, which is why <strong>we collaborate with FSC Spain<\/strong> to establish an early diagnosis of the state and degree of adaptation of forest ecosystems, which allows us to design and establish appropriate management strategies that facilitate these adaptation processes. <\/p>\n<p>We also support the <strong>Institute of Agricultural and Food Research and Technology<\/strong> in a project that addresses the vulnerability and resilience of mature Mediterranean <em>Quercus<\/em> forests in protected areas (Monfrag\u00fce and Caba\u00f1eros National Parks) under different climatic and management scenarios; or the <strong>Galician Association of Land Stewardship<\/strong>, which works in the Terras do Mi\u00f1o Biosphere Reserve to identify, assess and propose measures in alluvial forests, wetlands and semi-natural meadows.<\/p>\n<p>The National Plan for Adaptation to Climate Change (PNACC) recognizes rivers and river systems as one of the most affected ecosystems, particularly in Mediterranean areas and especially in semi-arid environments, concluding that riparian forests are some of the areas that may be most vulnerable to climate change. In this context, the <strong>Association of Naturalists of the Southeast (ANSE)<\/strong> develops, with our support, a project to adapt riverbed ecosystems in semi-arid environments through ecological restoration. It is also carrying out the <strong>LIFE+ RIPISILVANATURA<\/strong> project, which aims to control the expansion of invasive alien species present on the banks of the Segura River and promote the colonisation of the riparian or gallery forest (ripisilva) by native species.  <\/p>\n<p>From a biological point of view, forests are the <strong>most diverse terrestrial ecosystems, where more than 80% of animal and plant species are hosted<\/strong>. For the conservation of the habitat of interest for the capercaillie and other Cantabrian fauna, <strong>the Galician Association of Territorial Stewardship<\/strong> tries to consolidate in the long term a stewardship agreement within the Ancares Biosphere Reserve of Lugo, drawing up a management plan based on the conservation of its remarkable environmental values.  at the same time, habitat management actions are developed and livestock activity is compatible with conservation. <\/p>\n","protected":false},"author":11,"featured_media":35969,"template":"","meta":{"_acf_changed":false},"palabras_clave":[],"class_list":["post-97858321","actualidad_home","type-actualidad_home","status-publish","has-post-thumbnail","hentry"],"acf":[],"yoast_head":"<!-- This site is optimized with the Yoast SEO plugin v26.9 - https:\/\/yoast.com\/product\/yoast-seo-wordpress\/ -->\n<title>We join the celebration of the International Day of Forests - Fundaci\u00f3n Biodiversidad<\/title>\n<meta name=\"robots\" content=\"index, follow, max-snippet:-1, max-image-preview:large, max-video-preview:-1\" \/>\n<link rel=\"canonical\" href=\"https:\/\/fundacion-biodiversidad.es\/en\/actualidad_home\/we-join-the-celebration-of-the-international-day-of-forests\/\" \/>\n<meta property=\"og:locale\" content=\"en_US\" \/>\n<meta property=\"og:type\" content=\"article\" \/>\n<meta property=\"og:title\" content=\"We join the celebration of the International Day of Forests - Fundaci\u00f3n Biodiversidad\" \/>\n<meta property=\"og:description\" content=\"Since 2013, the International Day of Forests has been celebrated every March 21 to raise awareness of the importance of maintaining healthy forests for the [&hellip;]\" \/>\n<meta property=\"og:url\" content=\"https:\/\/fundacion-biodiversidad.es\/en\/actualidad_home\/we-join-the-celebration-of-the-international-day-of-forests\/\" \/>\n<meta property=\"og:site_name\" content=\"Fundaci\u00f3n Biodiversidad\" \/>\n<meta property=\"og:image\" content=\"https:\/\/fundacion-biodiversidad.es\/wp-content\/uploads\/2023\/01\/2487661294_35330241_720x405.png\" \/>\n\t<meta property=\"og:image:width\" content=\"720\" \/>\n\t<meta property=\"og:image:height\" content=\"405\" \/>\n\t<meta property=\"og:image:type\" content=\"image\/png\" \/>\n<meta name=\"twitter:card\" content=\"summary_large_image\" \/>\n<meta name=\"twitter:label1\" content=\"Est. reading time\" \/>\n\t<meta name=\"twitter:data1\" content=\"2 minutes\" \/>\n<script type=\"application\/ld+json\" class=\"yoast-schema-graph\">{\"@context\":\"https:\/\/schema.org\",\"@graph\":[{\"@type\":\"WebPage\",\"@id\":\"https:\/\/fundacion-biodiversidad.es\/en\/actualidad_home\/we-join-the-celebration-of-the-international-day-of-forests\/\",\"url\":\"https:\/\/fundacion-biodiversidad.es\/en\/actualidad_home\/we-join-the-celebration-of-the-international-day-of-forests\/\",\"name\":\"We join the celebration of the International Day of Forests - Fundaci\u00f3n Biodiversidad\",\"isPartOf\":{\"@id\":\"https:\/\/fundacion-biodiversidad.es\/en\/#website\"},\"primaryImageOfPage\":{\"@id\":\"https:\/\/fundacion-biodiversidad.es\/en\/actualidad_home\/we-join-the-celebration-of-the-international-day-of-forests\/#primaryimage\"},\"image\":{\"@id\":\"https:\/\/fundacion-biodiversidad.es\/en\/actualidad_home\/we-join-the-celebration-of-the-international-day-of-forests\/#primaryimage\"},\"thumbnailUrl\":\"https:\/\/fundacion-biodiversidad.es\/wp-content\/uploads\/2019\/03\/shutterstock_383433601-scaled.jpg\",\"datePublished\":\"2019-03-21T07:19:22+00:00\",\"breadcrumb\":{\"@id\":\"https:\/\/fundacion-biodiversidad.es\/en\/actualidad_home\/we-join-the-celebration-of-the-international-day-of-forests\/#breadcrumb\"},\"inLanguage\":\"en-US\",\"potentialAction\":[{\"@type\":\"ReadAction\",\"target\":[\"https:\/\/fundacion-biodiversidad.es\/en\/actualidad_home\/we-join-the-celebration-of-the-international-day-of-forests\/\"]}]},{\"@type\":\"ImageObject\",\"inLanguage\":\"en-US\",\"@id\":\"https:\/\/fundacion-biodiversidad.es\/en\/actualidad_home\/we-join-the-celebration-of-the-international-day-of-forests\/#primaryimage\",\"url\":\"https:\/\/fundacion-biodiversidad.es\/wp-content\/uploads\/2019\/03\/shutterstock_383433601-scaled.jpg\",\"contentUrl\":\"https:\/\/fundacion-biodiversidad.es\/wp-content\/uploads\/2019\/03\/shutterstock_383433601-scaled.jpg\",\"width\":2560,\"height\":1709},{\"@type\":\"BreadcrumbList\",\"@id\":\"https:\/\/fundacion-biodiversidad.es\/en\/actualidad_home\/we-join-the-celebration-of-the-international-day-of-forests\/#breadcrumb\",\"itemListElement\":[{\"@type\":\"ListItem\",\"position\":1,\"name\":\"Portada\",\"item\":\"https:\/\/fundacion-biodiversidad.es\/en\/inicio\/\"},{\"@type\":\"ListItem\",\"position\":2,\"name\":\"Noticias de actualidad\",\"item\":\"https:\/\/fundacion-biodiversidad.es\/en\/actualidad_home\/\"},{\"@type\":\"ListItem\",\"position\":3,\"name\":\"We join the celebration of the International Day of Forests\"}]},{\"@type\":\"WebSite\",\"@id\":\"https:\/\/fundacion-biodiversidad.es\/en\/#website\",\"url\":\"https:\/\/fundacion-biodiversidad.es\/en\/\",\"name\":\"Fundaci\u00f3n Biodiversidad\",\"description\":\"Fundaci\u00f3n p\u00fablica adscrita al Ministerio para la Transici\u00f3n Ecol\u00f3gica\",\"potentialAction\":[{\"@type\":\"SearchAction\",\"target\":{\"@type\":\"EntryPoint\",\"urlTemplate\":\"https:\/\/fundacion-biodiversidad.es\/en\/?s={search_term_string}\"},\"query-input\":{\"@type\":\"PropertyValueSpecification\",\"valueRequired\":true,\"valueName\":\"search_term_string\"}}],\"inLanguage\":\"en-US\"}]}<\/script>\n<!-- \/ Yoast SEO plugin. -->","yoast_head_json":{"title":"We join the celebration of the International Day of Forests - Fundaci\u00f3n Biodiversidad","robots":{"index":"index","follow":"follow","max-snippet":"max-snippet:-1","max-image-preview":"max-image-preview:large","max-video-preview":"max-video-preview:-1"},"canonical":"https:\/\/fundacion-biodiversidad.es\/en\/actualidad_home\/we-join-the-celebration-of-the-international-day-of-forests\/","og_locale":"en_US","og_type":"article","og_title":"We join the celebration of the International Day of Forests - Fundaci\u00f3n Biodiversidad","og_description":"Since 2013, the International Day of Forests has been celebrated every March 21 to raise awareness of the importance of maintaining healthy forests for the [&hellip;]","og_url":"https:\/\/fundacion-biodiversidad.es\/en\/actualidad_home\/we-join-the-celebration-of-the-international-day-of-forests\/","og_site_name":"Fundaci\u00f3n Biodiversidad","og_image":[{"width":720,"height":405,"url":"https:\/\/fundacion-biodiversidad.es\/wp-content\/uploads\/2023\/01\/2487661294_35330241_720x405.png","type":"image\/png"}],"twitter_card":"summary_large_image","twitter_misc":{"Est. reading time":"2 minutes"},"schema":{"@context":"https:\/\/schema.org","@graph":[{"@type":"WebPage","@id":"https:\/\/fundacion-biodiversidad.es\/en\/actualidad_home\/we-join-the-celebration-of-the-international-day-of-forests\/","url":"https:\/\/fundacion-biodiversidad.es\/en\/actualidad_home\/we-join-the-celebration-of-the-international-day-of-forests\/","name":"We join the celebration of the International Day of Forests - Fundaci\u00f3n Biodiversidad","isPartOf":{"@id":"https:\/\/fundacion-biodiversidad.es\/en\/#website"},"primaryImageOfPage":{"@id":"https:\/\/fundacion-biodiversidad.es\/en\/actualidad_home\/we-join-the-celebration-of-the-international-day-of-forests\/#primaryimage"},"image":{"@id":"https:\/\/fundacion-biodiversidad.es\/en\/actualidad_home\/we-join-the-celebration-of-the-international-day-of-forests\/#primaryimage"},"thumbnailUrl":"https:\/\/fundacion-biodiversidad.es\/wp-content\/uploads\/2019\/03\/shutterstock_383433601-scaled.jpg","datePublished":"2019-03-21T07:19:22+00:00","breadcrumb":{"@id":"https:\/\/fundacion-biodiversidad.es\/en\/actualidad_home\/we-join-the-celebration-of-the-international-day-of-forests\/#breadcrumb"},"inLanguage":"en-US","potentialAction":[{"@type":"ReadAction","target":["https:\/\/fundacion-biodiversidad.es\/en\/actualidad_home\/we-join-the-celebration-of-the-international-day-of-forests\/"]}]},{"@type":"ImageObject","inLanguage":"en-US","@id":"https:\/\/fundacion-biodiversidad.es\/en\/actualidad_home\/we-join-the-celebration-of-the-international-day-of-forests\/#primaryimage","url":"https:\/\/fundacion-biodiversidad.es\/wp-content\/uploads\/2019\/03\/shutterstock_383433601-scaled.jpg","contentUrl":"https:\/\/fundacion-biodiversidad.es\/wp-content\/uploads\/2019\/03\/shutterstock_383433601-scaled.jpg","width":2560,"height":1709},{"@type":"BreadcrumbList","@id":"https:\/\/fundacion-biodiversidad.es\/en\/actualidad_home\/we-join-the-celebration-of-the-international-day-of-forests\/#breadcrumb","itemListElement":[{"@type":"ListItem","position":1,"name":"Portada","item":"https:\/\/fundacion-biodiversidad.es\/en\/inicio\/"},{"@type":"ListItem","position":2,"name":"Noticias de actualidad","item":"https:\/\/fundacion-biodiversidad.es\/en\/actualidad_home\/"},{"@type":"ListItem","position":3,"name":"We join the celebration of the International Day of Forests"}]},{"@type":"WebSite","@id":"https:\/\/fundacion-biodiversidad.es\/en\/#website","url":"https:\/\/fundacion-biodiversidad.es\/en\/","name":"Fundaci\u00f3n Biodiversidad","description":"Fundaci\u00f3n p\u00fablica adscrita al Ministerio para la Transici\u00f3n Ecol\u00f3gica","potentialAction":[{"@type":"SearchAction","target":{"@type":"EntryPoint","urlTemplate":"https:\/\/fundacion-biodiversidad.es\/en\/?s={search_term_string}"},"query-input":{"@type":"PropertyValueSpecification","valueRequired":true,"valueName":"search_term_string"}}],"inLanguage":"en-US"}]}},"_links":{"self":[{"href":"https:\/\/fundacion-biodiversidad.es\/en\/wp-json\/wp\/v2\/actualidad_home\/97858321","targetHints":{"allow":["GET"]}}],"collection":[{"href":"https:\/\/fundacion-biodiversidad.es\/en\/wp-json\/wp\/v2\/actualidad_home"}],"about":[{"href":"https:\/\/fundacion-biodiversidad.es\/en\/wp-json\/wp\/v2\/types\/actualidad_home"}],"author":[{"embeddable":true,"href":"https:\/\/fundacion-biodiversidad.es\/en\/wp-json\/wp\/v2\/users\/11"}],"wp:featuredmedia":[{"embeddable":true,"href":"https:\/\/fundacion-biodiversidad.es\/en\/wp-json\/wp\/v2\/media\/35969"}],"wp:attachment":[{"href":"https:\/\/fundacion-biodiversidad.es\/en\/wp-json\/wp\/v2\/media?parent=97858321"}],"wp:term":[{"taxonomy":"palabras_clave","embeddable":true,"href":"https:\/\/fundacion-biodiversidad.es\/en\/wp-json\/wp\/v2\/palabras_clave?post=97858321"}],"curies":[{"name":"wp","href":"https:\/\/api.w.org\/{rel}","templated":true}]}}