{"id":97858323,"date":"2019-03-18T11:24:02","date_gmt":"2019-03-18T10:24:02","guid":{"rendered":"https:\/\/fundacion-biodiversidad.es\/actualidad_home\/we-offset-our-carbon-footprint\/"},"modified":"2019-03-18T11:24:02","modified_gmt":"2019-03-18T10:24:02","slug":"we-offset-our-carbon-footprint","status":"publish","type":"actualidad_home","link":"https:\/\/fundacion-biodiversidad.es\/en\/actualidad_home\/we-offset-our-carbon-footprint\/","title":{"rendered":"We offset our carbon footprint"},"content":{"rendered":"<p>We are among the first 3 and only public sector entities in Spain that calculate, reduce and offset our carbon footprint. At the Biodiversity Foundation <strong>we have been calculating our footprint since 2009 and registering it since 2014 in the Official Register of the Spanish Office for Climate Change<\/strong>. The methodology we use is the ISO 14064-1 standard and the OECC calculator, taking 1+2+3 as scopes.  <\/p>\n<p>Knowledge of the carbon footprint allows us to take measures aimed at reducing or offsetting it, thus achieving good results over the years. In 2015, total emissions were 386.21<sub>tCO2<\/sub>e. We closed 2016 with a total emissions of 289.21<sub>tCO2<\/sub>e, of which we offset 15.2% (44 t<sub>CO2<\/sub>) through the REFO-RESTA CO<sub>2<\/sub> absorption project. With the 2017 footprint (175.29<sub>tCO2<\/sub>e of emissions), we achieved two objectives; on the one hand, the compensation of 29.6% (54 t of<sub>CO2<\/sub>) through the REFO-RESTA CO<sub>2<\/sub> (INCLAM CO2) absorption project and on the other hand, an overall reduction of close to 45% in the period 2014-2017.   <\/p>\n<p>Almost all of our emissions are associated with scope 3 (indirect emissions associated with the organisation&#8217;s activity) because we work with electricity suppliers that offer electricity from renewable energies and that the emissions of the beneficiary entities of our calls for aid represent the largest amount.<\/p>\n<p>The <strong>carbon footprint of 2016 and 2017 has been offset through the acquisition of part of the CO2 equivalent capture rights of an INCLAM forest in Santa Mar\u00eda del Campo (Burgos).<\/strong> The OECC has recognised the compensation of these years, granting us the seal that recognises our great work of calculating, reducing and offsetting, and that places us at the head of entities that have the complete seal. <\/p>\n","protected":false},"author":11,"featured_media":35968,"template":"","meta":{"_acf_changed":false},"palabras_clave":[],"class_list":["post-97858323","actualidad_home","type-actualidad_home","status-publish","has-post-thumbnail","hentry"],"acf":[],"yoast_head":"<!-- This site is optimized with the Yoast SEO plugin v26.9 - https:\/\/yoast.com\/product\/yoast-seo-wordpress\/ -->\n<title>We offset our carbon footprint - Fundaci\u00f3n Biodiversidad<\/title>\n<meta name=\"robots\" content=\"index, follow, max-snippet:-1, max-image-preview:large, max-video-preview:-1\" \/>\n<link rel=\"canonical\" href=\"https:\/\/fundacion-biodiversidad.es\/en\/actualidad_home\/we-offset-our-carbon-footprint\/\" \/>\n<meta property=\"og:locale\" content=\"en_US\" \/>\n<meta property=\"og:type\" content=\"article\" \/>\n<meta property=\"og:title\" content=\"We offset our carbon footprint - Fundaci\u00f3n Biodiversidad\" \/>\n<meta property=\"og:description\" content=\"We are among the first 3 and only public sector entities in Spain that calculate, reduce and offset our carbon footprint. At the Biodiversity Foundation [&hellip;]\" \/>\n<meta property=\"og:url\" content=\"https:\/\/fundacion-biodiversidad.es\/en\/actualidad_home\/we-offset-our-carbon-footprint\/\" \/>\n<meta property=\"og:site_name\" content=\"Fundaci\u00f3n Biodiversidad\" \/>\n<meta property=\"og:image\" content=\"https:\/\/fundacion-biodiversidad.es\/wp-content\/uploads\/2023\/01\/2487661294_35330241_720x405.png\" \/>\n\t<meta property=\"og:image:width\" content=\"720\" \/>\n\t<meta property=\"og:image:height\" content=\"405\" \/>\n\t<meta property=\"og:image:type\" content=\"image\/png\" \/>\n<meta name=\"twitter:card\" content=\"summary_large_image\" \/>\n<meta name=\"twitter:label1\" content=\"Est. reading time\" \/>\n\t<meta name=\"twitter:data1\" content=\"1 minute\" \/>\n<script type=\"application\/ld+json\" class=\"yoast-schema-graph\">{\"@context\":\"https:\/\/schema.org\",\"@graph\":[{\"@type\":\"WebPage\",\"@id\":\"https:\/\/fundacion-biodiversidad.es\/en\/actualidad_home\/we-offset-our-carbon-footprint\/\",\"url\":\"https:\/\/fundacion-biodiversidad.es\/en\/actualidad_home\/we-offset-our-carbon-footprint\/\",\"name\":\"We offset our carbon footprint - Fundaci\u00f3n Biodiversidad\",\"isPartOf\":{\"@id\":\"https:\/\/fundacion-biodiversidad.es\/en\/#website\"},\"primaryImageOfPage\":{\"@id\":\"https:\/\/fundacion-biodiversidad.es\/en\/actualidad_home\/we-offset-our-carbon-footprint\/#primaryimage\"},\"image\":{\"@id\":\"https:\/\/fundacion-biodiversidad.es\/en\/actualidad_home\/we-offset-our-carbon-footprint\/#primaryimage\"},\"thumbnailUrl\":\"https:\/\/fundacion-biodiversidad.es\/wp-content\/uploads\/2019\/03\/compenso.fw_.png\",\"datePublished\":\"2019-03-18T10:24:02+00:00\",\"breadcrumb\":{\"@id\":\"https:\/\/fundacion-biodiversidad.es\/en\/actualidad_home\/we-offset-our-carbon-footprint\/#breadcrumb\"},\"inLanguage\":\"en-US\",\"potentialAction\":[{\"@type\":\"ReadAction\",\"target\":[\"https:\/\/fundacion-biodiversidad.es\/en\/actualidad_home\/we-offset-our-carbon-footprint\/\"]}]},{\"@type\":\"ImageObject\",\"inLanguage\":\"en-US\",\"@id\":\"https:\/\/fundacion-biodiversidad.es\/en\/actualidad_home\/we-offset-our-carbon-footprint\/#primaryimage\",\"url\":\"https:\/\/fundacion-biodiversidad.es\/wp-content\/uploads\/2019\/03\/compenso.fw_.png\",\"contentUrl\":\"https:\/\/fundacion-biodiversidad.es\/wp-content\/uploads\/2019\/03\/compenso.fw_.png\",\"width\":680,\"height\":309},{\"@type\":\"BreadcrumbList\",\"@id\":\"https:\/\/fundacion-biodiversidad.es\/en\/actualidad_home\/we-offset-our-carbon-footprint\/#breadcrumb\",\"itemListElement\":[{\"@type\":\"ListItem\",\"position\":1,\"name\":\"Portada\",\"item\":\"https:\/\/fundacion-biodiversidad.es\/en\/inicio\/\"},{\"@type\":\"ListItem\",\"position\":2,\"name\":\"Noticias de actualidad\",\"item\":\"https:\/\/fundacion-biodiversidad.es\/en\/actualidad_home\/\"},{\"@type\":\"ListItem\",\"position\":3,\"name\":\"We offset our carbon footprint\"}]},{\"@type\":\"WebSite\",\"@id\":\"https:\/\/fundacion-biodiversidad.es\/en\/#website\",\"url\":\"https:\/\/fundacion-biodiversidad.es\/en\/\",\"name\":\"Fundaci\u00f3n Biodiversidad\",\"description\":\"Fundaci\u00f3n p\u00fablica adscrita al Ministerio para la Transici\u00f3n Ecol\u00f3gica\",\"potentialAction\":[{\"@type\":\"SearchAction\",\"target\":{\"@type\":\"EntryPoint\",\"urlTemplate\":\"https:\/\/fundacion-biodiversidad.es\/en\/?s={search_term_string}\"},\"query-input\":{\"@type\":\"PropertyValueSpecification\",\"valueRequired\":true,\"valueName\":\"search_term_string\"}}],\"inLanguage\":\"en-US\"}]}<\/script>\n<!-- \/ Yoast SEO plugin. -->","yoast_head_json":{"title":"We offset our carbon footprint - Fundaci\u00f3n Biodiversidad","robots":{"index":"index","follow":"follow","max-snippet":"max-snippet:-1","max-image-preview":"max-image-preview:large","max-video-preview":"max-video-preview:-1"},"canonical":"https:\/\/fundacion-biodiversidad.es\/en\/actualidad_home\/we-offset-our-carbon-footprint\/","og_locale":"en_US","og_type":"article","og_title":"We offset our carbon footprint - Fundaci\u00f3n Biodiversidad","og_description":"We are among the first 3 and only public sector entities in Spain that calculate, reduce and offset our carbon footprint. At the Biodiversity Foundation [&hellip;]","og_url":"https:\/\/fundacion-biodiversidad.es\/en\/actualidad_home\/we-offset-our-carbon-footprint\/","og_site_name":"Fundaci\u00f3n Biodiversidad","og_image":[{"width":720,"height":405,"url":"https:\/\/fundacion-biodiversidad.es\/wp-content\/uploads\/2023\/01\/2487661294_35330241_720x405.png","type":"image\/png"}],"twitter_card":"summary_large_image","twitter_misc":{"Est. reading time":"1 minute"},"schema":{"@context":"https:\/\/schema.org","@graph":[{"@type":"WebPage","@id":"https:\/\/fundacion-biodiversidad.es\/en\/actualidad_home\/we-offset-our-carbon-footprint\/","url":"https:\/\/fundacion-biodiversidad.es\/en\/actualidad_home\/we-offset-our-carbon-footprint\/","name":"We offset our carbon footprint - Fundaci\u00f3n Biodiversidad","isPartOf":{"@id":"https:\/\/fundacion-biodiversidad.es\/en\/#website"},"primaryImageOfPage":{"@id":"https:\/\/fundacion-biodiversidad.es\/en\/actualidad_home\/we-offset-our-carbon-footprint\/#primaryimage"},"image":{"@id":"https:\/\/fundacion-biodiversidad.es\/en\/actualidad_home\/we-offset-our-carbon-footprint\/#primaryimage"},"thumbnailUrl":"https:\/\/fundacion-biodiversidad.es\/wp-content\/uploads\/2019\/03\/compenso.fw_.png","datePublished":"2019-03-18T10:24:02+00:00","breadcrumb":{"@id":"https:\/\/fundacion-biodiversidad.es\/en\/actualidad_home\/we-offset-our-carbon-footprint\/#breadcrumb"},"inLanguage":"en-US","potentialAction":[{"@type":"ReadAction","target":["https:\/\/fundacion-biodiversidad.es\/en\/actualidad_home\/we-offset-our-carbon-footprint\/"]}]},{"@type":"ImageObject","inLanguage":"en-US","@id":"https:\/\/fundacion-biodiversidad.es\/en\/actualidad_home\/we-offset-our-carbon-footprint\/#primaryimage","url":"https:\/\/fundacion-biodiversidad.es\/wp-content\/uploads\/2019\/03\/compenso.fw_.png","contentUrl":"https:\/\/fundacion-biodiversidad.es\/wp-content\/uploads\/2019\/03\/compenso.fw_.png","width":680,"height":309},{"@type":"BreadcrumbList","@id":"https:\/\/fundacion-biodiversidad.es\/en\/actualidad_home\/we-offset-our-carbon-footprint\/#breadcrumb","itemListElement":[{"@type":"ListItem","position":1,"name":"Portada","item":"https:\/\/fundacion-biodiversidad.es\/en\/inicio\/"},{"@type":"ListItem","position":2,"name":"Noticias de actualidad","item":"https:\/\/fundacion-biodiversidad.es\/en\/actualidad_home\/"},{"@type":"ListItem","position":3,"name":"We offset our carbon footprint"}]},{"@type":"WebSite","@id":"https:\/\/fundacion-biodiversidad.es\/en\/#website","url":"https:\/\/fundacion-biodiversidad.es\/en\/","name":"Fundaci\u00f3n Biodiversidad","description":"Fundaci\u00f3n p\u00fablica adscrita al Ministerio para la Transici\u00f3n Ecol\u00f3gica","potentialAction":[{"@type":"SearchAction","target":{"@type":"EntryPoint","urlTemplate":"https:\/\/fundacion-biodiversidad.es\/en\/?s={search_term_string}"},"query-input":{"@type":"PropertyValueSpecification","valueRequired":true,"valueName":"search_term_string"}}],"inLanguage":"en-US"}]}},"_links":{"self":[{"href":"https:\/\/fundacion-biodiversidad.es\/en\/wp-json\/wp\/v2\/actualidad_home\/97858323","targetHints":{"allow":["GET"]}}],"collection":[{"href":"https:\/\/fundacion-biodiversidad.es\/en\/wp-json\/wp\/v2\/actualidad_home"}],"about":[{"href":"https:\/\/fundacion-biodiversidad.es\/en\/wp-json\/wp\/v2\/types\/actualidad_home"}],"author":[{"embeddable":true,"href":"https:\/\/fundacion-biodiversidad.es\/en\/wp-json\/wp\/v2\/users\/11"}],"wp:featuredmedia":[{"embeddable":true,"href":"https:\/\/fundacion-biodiversidad.es\/en\/wp-json\/wp\/v2\/media\/35968"}],"wp:attachment":[{"href":"https:\/\/fundacion-biodiversidad.es\/en\/wp-json\/wp\/v2\/media?parent=97858323"}],"wp:term":[{"taxonomy":"palabras_clave","embeddable":true,"href":"https:\/\/fundacion-biodiversidad.es\/en\/wp-json\/wp\/v2\/palabras_clave?post=97858323"}],"curies":[{"name":"wp","href":"https:\/\/api.w.org\/{rel}","templated":true}]}}