{"id":97858328,"date":"2019-02-27T18:42:30","date_gmt":"2019-02-27T17:42:30","guid":{"rendered":"https:\/\/fundacion-biodiversidad.es\/actualidad_home\/the-foundations-of-the-governance-strategy-of-the-marine-natura-2000-network-are-laid\/"},"modified":"2019-02-27T18:42:30","modified_gmt":"2019-02-27T17:42:30","slug":"the-foundations-of-the-governance-strategy-of-the-marine-natura-2000-network-are-laid","status":"publish","type":"actualidad_home","link":"https:\/\/fundacion-biodiversidad.es\/en\/actualidad_home\/the-foundations-of-the-governance-strategy-of-the-marine-natura-2000-network-are-laid\/","title":{"rendered":"The foundations of the governance strategy of the marine Natura 2000 Network are laid"},"content":{"rendered":"<p>  We have shared the basic lines of the governance strategy in the third Social Participation Committee of the LIFE IP INTEMARES project, held in Bilbao.  <!--more--><\/p>\n<p>Managers and economic and social agents have laid the foundations of the governance strategy, which will establish the mechanisms to achieve effective management of the marine areas of the Natura 2000 Network. We have shared these basic lines of the governance strategy in the <strong>third Social Participation Committee of the LIFE IP INTEMARES project, held in Bilbao.<\/strong> <\/p>\n<p>The meeting, organised by the <strong>Directorate General for Sustainability of the Coast and the Sea of the Ministry for Ecological Transition, the Biodiversity Foundation and WWF-Spain<\/strong>, brought together representatives of the autonomous communities of the Basque Country, Galicia, the Canary Islands, the Balearic Islands, Catalonia, Cantabria and Andalusia. Key sectors have also participated, including professional fishing, marine energy, the nautical and aquaculture sector, conservation organizations and the scientific community. <\/p>\n<p>The General Directorate of Sustainability of the Coast and the Sea has underlined the importance of continuing to move towards <strong>more inclusive and participatory models<\/strong> in the management of marine protected areas &#8220;governing not only for the people but, above all, with the people&#8221;.<\/p>\n<p>For her part, the director of the Biodiversity Foundation, Sonia Casta\u00f1eda, pointed out that, through the LIFE IP INTEMARES project, &#8220;<strong>We already have a<br \/>a large number of allies to achieve a new management model<\/strong> in which participation and science are the basic tools for decision-making&#8221;. To date, more than 550 entities and 2,400 participants have already been involved in the project. <\/p>\n<p><strong><u>PARTICIPATORY PROCESS  <\/u><\/strong><\/p>\n<p>The committee meeting in Bilbao has analysed the bases of the governance strategy, a tool that has been designed, in collaboration with the University of<br \/>Murcia and the sustainability cooperative Altekio, through a <strong>participatory process initiated in April 2018<\/strong> through a prior public consultation, surveys, interviews with key stakeholders and six face-to-face workshops.<\/p>\n<p>More than 300 participants from all marine demarcations have been involved in its preparation. This process has been launched with the aim of achieving a shared action strategy, at the national level, which establishes a basis for adequate governance and that <strong>has continuity with the application of pilot experiences in various marine protected areas<\/strong>, which will be carried out until 2024. <\/p>\n<p>The document shared today analyzes the criteria for the evaluation of governance in marine protected areas, its efficiency and mechanisms for<br \/>management.<\/p>\n<p><strong>Do you want to learn more about the largest marine conservation project in Europe?  <\/strong><\/p>\n<p>Go to the <a href=\"http:\/\/www.intemares.es\/\" target=\"_blank\" rel=\"noopener\">www.intemares.es<\/a> website and Twitter profile <a href=\"https:\/\/twitter.com\/LifeIntemares\" target=\"_blank\" rel=\"noopener\">@LifeIntemares<\/a> to learn more about LIFE IP INTEMARES.<\/p>\n","protected":false},"author":11,"featured_media":35965,"template":"","meta":{"_acf_changed":false},"palabras_clave":[],"class_list":["post-97858328","actualidad_home","type-actualidad_home","status-publish","has-post-thumbnail","hentry"],"acf":[],"yoast_head":"<!-- This site is optimized with the Yoast SEO plugin v26.9 - https:\/\/yoast.com\/product\/yoast-seo-wordpress\/ -->\n<title>The foundations of the governance strategy of the marine Natura 2000 Network are laid - Fundaci\u00f3n Biodiversidad<\/title>\n<meta name=\"robots\" content=\"index, follow, max-snippet:-1, max-image-preview:large, max-video-preview:-1\" \/>\n<link rel=\"canonical\" href=\"https:\/\/fundacion-biodiversidad.es\/en\/actualidad_home\/the-foundations-of-the-governance-strategy-of-the-marine-natura-2000-network-are-laid\/\" \/>\n<meta property=\"og:locale\" content=\"en_US\" \/>\n<meta property=\"og:type\" content=\"article\" \/>\n<meta property=\"og:title\" content=\"The foundations of the governance strategy of the marine Natura 2000 Network are laid - Fundaci\u00f3n Biodiversidad\" \/>\n<meta property=\"og:description\" content=\"We have shared the basic lines of the governance strategy in the third Social Participation Committee of the LIFE IP INTEMARES project, held in Bilbao.\" \/>\n<meta property=\"og:url\" content=\"https:\/\/fundacion-biodiversidad.es\/en\/actualidad_home\/the-foundations-of-the-governance-strategy-of-the-marine-natura-2000-network-are-laid\/\" \/>\n<meta property=\"og:site_name\" content=\"Fundaci\u00f3n Biodiversidad\" \/>\n<meta property=\"og:image\" content=\"https:\/\/fundacion-biodiversidad.es\/wp-content\/uploads\/2023\/01\/2487661294_35330241_720x405.png\" \/>\n\t<meta property=\"og:image:width\" content=\"720\" \/>\n\t<meta property=\"og:image:height\" content=\"405\" \/>\n\t<meta property=\"og:image:type\" content=\"image\/png\" \/>\n<meta name=\"twitter:card\" content=\"summary_large_image\" \/>\n<meta name=\"twitter:label1\" content=\"Est. reading time\" \/>\n\t<meta name=\"twitter:data1\" content=\"2 minutes\" \/>\n<script type=\"application\/ld+json\" class=\"yoast-schema-graph\">{\"@context\":\"https:\/\/schema.org\",\"@graph\":[{\"@type\":\"WebPage\",\"@id\":\"https:\/\/fundacion-biodiversidad.es\/en\/actualidad_home\/the-foundations-of-the-governance-strategy-of-the-marine-natura-2000-network-are-laid\/\",\"url\":\"https:\/\/fundacion-biodiversidad.es\/en\/actualidad_home\/the-foundations-of-the-governance-strategy-of-the-marine-natura-2000-network-are-laid\/\",\"name\":\"The foundations of the governance strategy of the marine Natura 2000 Network are laid - Fundaci\u00f3n Biodiversidad\",\"isPartOf\":{\"@id\":\"https:\/\/fundacion-biodiversidad.es\/en\/#website\"},\"primaryImageOfPage\":{\"@id\":\"https:\/\/fundacion-biodiversidad.es\/en\/actualidad_home\/the-foundations-of-the-governance-strategy-of-the-marine-natura-2000-network-are-laid\/#primaryimage\"},\"image\":{\"@id\":\"https:\/\/fundacion-biodiversidad.es\/en\/actualidad_home\/the-foundations-of-the-governance-strategy-of-the-marine-natura-2000-network-are-laid\/#primaryimage\"},\"thumbnailUrl\":\"https:\/\/fundacion-biodiversidad.es\/wp-content\/uploads\/2019\/02\/1-comite-participacion-27022019.jpg\",\"datePublished\":\"2019-02-27T17:42:30+00:00\",\"breadcrumb\":{\"@id\":\"https:\/\/fundacion-biodiversidad.es\/en\/actualidad_home\/the-foundations-of-the-governance-strategy-of-the-marine-natura-2000-network-are-laid\/#breadcrumb\"},\"inLanguage\":\"en-US\",\"potentialAction\":[{\"@type\":\"ReadAction\",\"target\":[\"https:\/\/fundacion-biodiversidad.es\/en\/actualidad_home\/the-foundations-of-the-governance-strategy-of-the-marine-natura-2000-network-are-laid\/\"]}]},{\"@type\":\"ImageObject\",\"inLanguage\":\"en-US\",\"@id\":\"https:\/\/fundacion-biodiversidad.es\/en\/actualidad_home\/the-foundations-of-the-governance-strategy-of-the-marine-natura-2000-network-are-laid\/#primaryimage\",\"url\":\"https:\/\/fundacion-biodiversidad.es\/wp-content\/uploads\/2019\/02\/1-comite-participacion-27022019.jpg\",\"contentUrl\":\"https:\/\/fundacion-biodiversidad.es\/wp-content\/uploads\/2019\/02\/1-comite-participacion-27022019.jpg\",\"width\":1600,\"height\":1109},{\"@type\":\"BreadcrumbList\",\"@id\":\"https:\/\/fundacion-biodiversidad.es\/en\/actualidad_home\/the-foundations-of-the-governance-strategy-of-the-marine-natura-2000-network-are-laid\/#breadcrumb\",\"itemListElement\":[{\"@type\":\"ListItem\",\"position\":1,\"name\":\"Portada\",\"item\":\"https:\/\/fundacion-biodiversidad.es\/en\/inicio\/\"},{\"@type\":\"ListItem\",\"position\":2,\"name\":\"Noticias de actualidad\",\"item\":\"https:\/\/fundacion-biodiversidad.es\/en\/actualidad_home\/\"},{\"@type\":\"ListItem\",\"position\":3,\"name\":\"The foundations of the governance strategy of the marine Natura 2000 Network are laid\"}]},{\"@type\":\"WebSite\",\"@id\":\"https:\/\/fundacion-biodiversidad.es\/en\/#website\",\"url\":\"https:\/\/fundacion-biodiversidad.es\/en\/\",\"name\":\"Fundaci\u00f3n Biodiversidad\",\"description\":\"Fundaci\u00f3n p\u00fablica adscrita al Ministerio para la Transici\u00f3n Ecol\u00f3gica\",\"potentialAction\":[{\"@type\":\"SearchAction\",\"target\":{\"@type\":\"EntryPoint\",\"urlTemplate\":\"https:\/\/fundacion-biodiversidad.es\/en\/?s={search_term_string}\"},\"query-input\":{\"@type\":\"PropertyValueSpecification\",\"valueRequired\":true,\"valueName\":\"search_term_string\"}}],\"inLanguage\":\"en-US\"}]}<\/script>\n<!-- \/ Yoast SEO plugin. -->","yoast_head_json":{"title":"The foundations of the governance strategy of the marine Natura 2000 Network are laid - Fundaci\u00f3n Biodiversidad","robots":{"index":"index","follow":"follow","max-snippet":"max-snippet:-1","max-image-preview":"max-image-preview:large","max-video-preview":"max-video-preview:-1"},"canonical":"https:\/\/fundacion-biodiversidad.es\/en\/actualidad_home\/the-foundations-of-the-governance-strategy-of-the-marine-natura-2000-network-are-laid\/","og_locale":"en_US","og_type":"article","og_title":"The foundations of the governance strategy of the marine Natura 2000 Network are laid - Fundaci\u00f3n Biodiversidad","og_description":"We have shared the basic lines of the governance strategy in the third Social Participation Committee of the LIFE IP INTEMARES project, held in Bilbao.","og_url":"https:\/\/fundacion-biodiversidad.es\/en\/actualidad_home\/the-foundations-of-the-governance-strategy-of-the-marine-natura-2000-network-are-laid\/","og_site_name":"Fundaci\u00f3n Biodiversidad","og_image":[{"width":720,"height":405,"url":"https:\/\/fundacion-biodiversidad.es\/wp-content\/uploads\/2023\/01\/2487661294_35330241_720x405.png","type":"image\/png"}],"twitter_card":"summary_large_image","twitter_misc":{"Est. reading time":"2 minutes"},"schema":{"@context":"https:\/\/schema.org","@graph":[{"@type":"WebPage","@id":"https:\/\/fundacion-biodiversidad.es\/en\/actualidad_home\/the-foundations-of-the-governance-strategy-of-the-marine-natura-2000-network-are-laid\/","url":"https:\/\/fundacion-biodiversidad.es\/en\/actualidad_home\/the-foundations-of-the-governance-strategy-of-the-marine-natura-2000-network-are-laid\/","name":"The foundations of the governance strategy of the marine Natura 2000 Network are laid - Fundaci\u00f3n Biodiversidad","isPartOf":{"@id":"https:\/\/fundacion-biodiversidad.es\/en\/#website"},"primaryImageOfPage":{"@id":"https:\/\/fundacion-biodiversidad.es\/en\/actualidad_home\/the-foundations-of-the-governance-strategy-of-the-marine-natura-2000-network-are-laid\/#primaryimage"},"image":{"@id":"https:\/\/fundacion-biodiversidad.es\/en\/actualidad_home\/the-foundations-of-the-governance-strategy-of-the-marine-natura-2000-network-are-laid\/#primaryimage"},"thumbnailUrl":"https:\/\/fundacion-biodiversidad.es\/wp-content\/uploads\/2019\/02\/1-comite-participacion-27022019.jpg","datePublished":"2019-02-27T17:42:30+00:00","breadcrumb":{"@id":"https:\/\/fundacion-biodiversidad.es\/en\/actualidad_home\/the-foundations-of-the-governance-strategy-of-the-marine-natura-2000-network-are-laid\/#breadcrumb"},"inLanguage":"en-US","potentialAction":[{"@type":"ReadAction","target":["https:\/\/fundacion-biodiversidad.es\/en\/actualidad_home\/the-foundations-of-the-governance-strategy-of-the-marine-natura-2000-network-are-laid\/"]}]},{"@type":"ImageObject","inLanguage":"en-US","@id":"https:\/\/fundacion-biodiversidad.es\/en\/actualidad_home\/the-foundations-of-the-governance-strategy-of-the-marine-natura-2000-network-are-laid\/#primaryimage","url":"https:\/\/fundacion-biodiversidad.es\/wp-content\/uploads\/2019\/02\/1-comite-participacion-27022019.jpg","contentUrl":"https:\/\/fundacion-biodiversidad.es\/wp-content\/uploads\/2019\/02\/1-comite-participacion-27022019.jpg","width":1600,"height":1109},{"@type":"BreadcrumbList","@id":"https:\/\/fundacion-biodiversidad.es\/en\/actualidad_home\/the-foundations-of-the-governance-strategy-of-the-marine-natura-2000-network-are-laid\/#breadcrumb","itemListElement":[{"@type":"ListItem","position":1,"name":"Portada","item":"https:\/\/fundacion-biodiversidad.es\/en\/inicio\/"},{"@type":"ListItem","position":2,"name":"Noticias de actualidad","item":"https:\/\/fundacion-biodiversidad.es\/en\/actualidad_home\/"},{"@type":"ListItem","position":3,"name":"The foundations of the governance strategy of the marine Natura 2000 Network are laid"}]},{"@type":"WebSite","@id":"https:\/\/fundacion-biodiversidad.es\/en\/#website","url":"https:\/\/fundacion-biodiversidad.es\/en\/","name":"Fundaci\u00f3n Biodiversidad","description":"Fundaci\u00f3n p\u00fablica adscrita al Ministerio para la Transici\u00f3n Ecol\u00f3gica","potentialAction":[{"@type":"SearchAction","target":{"@type":"EntryPoint","urlTemplate":"https:\/\/fundacion-biodiversidad.es\/en\/?s={search_term_string}"},"query-input":{"@type":"PropertyValueSpecification","valueRequired":true,"valueName":"search_term_string"}}],"inLanguage":"en-US"}]}},"_links":{"self":[{"href":"https:\/\/fundacion-biodiversidad.es\/en\/wp-json\/wp\/v2\/actualidad_home\/97858328","targetHints":{"allow":["GET"]}}],"collection":[{"href":"https:\/\/fundacion-biodiversidad.es\/en\/wp-json\/wp\/v2\/actualidad_home"}],"about":[{"href":"https:\/\/fundacion-biodiversidad.es\/en\/wp-json\/wp\/v2\/types\/actualidad_home"}],"author":[{"embeddable":true,"href":"https:\/\/fundacion-biodiversidad.es\/en\/wp-json\/wp\/v2\/users\/11"}],"wp:featuredmedia":[{"embeddable":true,"href":"https:\/\/fundacion-biodiversidad.es\/en\/wp-json\/wp\/v2\/media\/35965"}],"wp:attachment":[{"href":"https:\/\/fundacion-biodiversidad.es\/en\/wp-json\/wp\/v2\/media?parent=97858328"}],"wp:term":[{"taxonomy":"palabras_clave","embeddable":true,"href":"https:\/\/fundacion-biodiversidad.es\/en\/wp-json\/wp\/v2\/palabras_clave?post=97858328"}],"curies":[{"name":"wp","href":"https:\/\/api.w.org\/{rel}","templated":true}]}}