{"id":97858329,"date":"2019-01-18T14:53:38","date_gmt":"2019-01-18T13:53:38","guid":{"rendered":"https:\/\/fundacion-biodiversidad.es\/actualidad_home\/the-energy-and-climate-plan-2021-2030-will-mobilise-235000-million-euros\/"},"modified":"2019-01-18T14:53:38","modified_gmt":"2019-01-18T13:53:38","slug":"the-energy-and-climate-plan-2021-2030-will-mobilise-235000-million-euros","status":"publish","type":"actualidad_home","link":"https:\/\/fundacion-biodiversidad.es\/en\/actualidad_home\/the-energy-and-climate-plan-2021-2030-will-mobilise-235000-million-euros\/","title":{"rendered":"The Energy and Climate Plan 2021-2030 will mobilise 235,000 million euros"},"content":{"rendered":"<p><strong>The President of the Government<\/strong>, Pedro S\u00e1nchez, <strong>today defended the firm commitment of Spain and its government in the fight against climate change, the rational and supportive use of resources, its commitment to a decarbonised economy and an urgent ecological transition<\/strong>. He did so during the <strong>closing of the event Promoting climate ambition, organised by the Ministry for Ecological Transition<\/strong>. <\/p>\n<p>This high-level meeting brought together for the first time in Spain some of the most relevant international voices on climate change and sustainable development, which have marked the global strategy aimed at achieving a fairer and more equitable economic model, as well as the Sustainable Development Goals established by the United Nations.<\/p>\n<p>The president announced that the National Integrated Energy and Climate Plan 2021-2030, which the government will shortly submit to the European Commission, will mobilise 235,000 million euros over the next decade. &#8220;These are concrete, real, accounting and effective measures,&#8221; said S\u00e1nchez, who stressed that Spain is working on a comprehensive agenda, with clear objectives in all government action, under the central premise that the ecological transition &#8220;is socially fair&#8221; and that &#8220;it does not leave anyone unprotected&#8221;. <\/p>\n<p>The president has indicated that  <strong>The global variation of the Earth&#8217;s climate &#8220;is a challenge for everyone&#8221; so &#8220;individual answers cannot be sought to problems that demand collective responses&#8221;<\/strong>  and, for this reason, he has appealed to the understanding of citizens so that they understand that environmental legislation, although they have an uncomfortable adaptation in the short term, avoid damage in the long term. Also&nbsp;has opted to promote Europe&#8217;s transformation agenda, so that the continent is at the forefront of climate action and the ecological transition, and is able to turn the fight against climate change into an opportunity to improve competitiveness, employment and the quality of life of citizens.<\/p>\n<p>S\u00e1nchez pointed out that multinational institutions, especially the United Nations, play a decisive role and considers that this organisation&#8217;s commitment <strong>to the Sustainable Development Goals of the 2030 Agenda and compliance with the Paris Agreement &#8220;is a truly global social contract that binds us all&#8221;.<\/strong><\/p>\n<p>The meeting was attended by the Minister for Ecological Transition, Teresa Ribera; the executive secretary of the United Nations Framework Convention on Climate Change, Patricia Espinosa and the president of the Centre for Climate Change, Economics and Policy of the London School of Economics, Nicholas Stern. The Minister of Science, Innovation and Universities, Pedro Duque, participated in the opening of the event, and the Minister of Finance, Mar\u00eda Jes\u00fas Montero, and the Rector of the Complutense University, Carlos Andradas, also attended. <\/p>\n<p><strong>Teresa Ribera<\/strong> pointed out in her speech that progress towards a fairer, more stable development model that respects the limits of the planet is not an option or a luxury but a necessity. &#8220;We are facing a paradigm shift that opens up great opportunities for innovation, competitiveness, job creation or social welfare,&#8221; said Ribera, who stressed, quoting the prestigious economist Nicholas Stern, that growth patterns will not return to what they were before the crisis. He added that &#8220;it <strong>will no longer be possible to ensure prosperous and stable progress without taking into account the impacts of climate change and biodiversity loss&#8221;<\/strong> and that for the Government it is a<strong> priority to guarantee a fair ecological transition, which puts people at the centre and &#8220;leaves no one on the way&#8221;.<\/strong> <\/p>\n","protected":false},"author":11,"featured_media":35960,"template":"","meta":{"_acf_changed":false},"palabras_clave":[],"class_list":["post-97858329","actualidad_home","type-actualidad_home","status-publish","has-post-thumbnail","hentry"],"acf":[],"yoast_head":"<!-- This site is optimized with the Yoast SEO plugin v26.9 - https:\/\/yoast.com\/product\/yoast-seo-wordpress\/ -->\n<title>The Energy and Climate Plan 2021-2030 will mobilise 235,000 million euros - Fundaci\u00f3n Biodiversidad<\/title>\n<meta name=\"robots\" content=\"index, follow, max-snippet:-1, max-image-preview:large, max-video-preview:-1\" \/>\n<link rel=\"canonical\" href=\"https:\/\/fundacion-biodiversidad.es\/en\/actualidad_home\/the-energy-and-climate-plan-2021-2030-will-mobilise-235000-million-euros\/\" \/>\n<meta property=\"og:locale\" content=\"en_US\" \/>\n<meta property=\"og:type\" content=\"article\" \/>\n<meta property=\"og:title\" content=\"The Energy and Climate Plan 2021-2030 will mobilise 235,000 million euros - Fundaci\u00f3n Biodiversidad\" \/>\n<meta property=\"og:description\" content=\"The President of the Government, Pedro S\u00e1nchez, today defended the firm commitment of Spain and its government in the fight against climate change, the rational [&hellip;]\" \/>\n<meta property=\"og:url\" content=\"https:\/\/fundacion-biodiversidad.es\/en\/actualidad_home\/the-energy-and-climate-plan-2021-2030-will-mobilise-235000-million-euros\/\" \/>\n<meta property=\"og:site_name\" content=\"Fundaci\u00f3n Biodiversidad\" \/>\n<meta property=\"og:image\" content=\"https:\/\/fundacion-biodiversidad.es\/wp-content\/uploads\/2023\/01\/2487661294_35330241_720x405.png\" \/>\n\t<meta property=\"og:image:width\" content=\"720\" \/>\n\t<meta property=\"og:image:height\" content=\"405\" \/>\n\t<meta property=\"og:image:type\" content=\"image\/png\" \/>\n<meta name=\"twitter:card\" content=\"summary_large_image\" \/>\n<meta name=\"twitter:label1\" content=\"Est. reading time\" \/>\n\t<meta name=\"twitter:data1\" content=\"3 minutes\" \/>\n<script type=\"application\/ld+json\" class=\"yoast-schema-graph\">{\"@context\":\"https:\/\/schema.org\",\"@graph\":[{\"@type\":\"WebPage\",\"@id\":\"https:\/\/fundacion-biodiversidad.es\/en\/actualidad_home\/the-energy-and-climate-plan-2021-2030-will-mobilise-235000-million-euros\/\",\"url\":\"https:\/\/fundacion-biodiversidad.es\/en\/actualidad_home\/the-energy-and-climate-plan-2021-2030-will-mobilise-235000-million-euros\/\",\"name\":\"The Energy and Climate Plan 2021-2030 will mobilise 235,000 million euros - Fundaci\u00f3n Biodiversidad\",\"isPartOf\":{\"@id\":\"https:\/\/fundacion-biodiversidad.es\/en\/#website\"},\"primaryImageOfPage\":{\"@id\":\"https:\/\/fundacion-biodiversidad.es\/en\/actualidad_home\/the-energy-and-climate-plan-2021-2030-will-mobilise-235000-million-euros\/#primaryimage\"},\"image\":{\"@id\":\"https:\/\/fundacion-biodiversidad.es\/en\/actualidad_home\/the-energy-and-climate-plan-2021-2030-will-mobilise-235000-million-euros\/#primaryimage\"},\"thumbnailUrl\":\"https:\/\/fundacion-biodiversidad.es\/wp-content\/uploads\/2019\/01\/fcr_2337-scaled.jpg\",\"datePublished\":\"2019-01-18T13:53:38+00:00\",\"breadcrumb\":{\"@id\":\"https:\/\/fundacion-biodiversidad.es\/en\/actualidad_home\/the-energy-and-climate-plan-2021-2030-will-mobilise-235000-million-euros\/#breadcrumb\"},\"inLanguage\":\"en-US\",\"potentialAction\":[{\"@type\":\"ReadAction\",\"target\":[\"https:\/\/fundacion-biodiversidad.es\/en\/actualidad_home\/the-energy-and-climate-plan-2021-2030-will-mobilise-235000-million-euros\/\"]}]},{\"@type\":\"ImageObject\",\"inLanguage\":\"en-US\",\"@id\":\"https:\/\/fundacion-biodiversidad.es\/en\/actualidad_home\/the-energy-and-climate-plan-2021-2030-will-mobilise-235000-million-euros\/#primaryimage\",\"url\":\"https:\/\/fundacion-biodiversidad.es\/wp-content\/uploads\/2019\/01\/fcr_2337-scaled.jpg\",\"contentUrl\":\"https:\/\/fundacion-biodiversidad.es\/wp-content\/uploads\/2019\/01\/fcr_2337-scaled.jpg\",\"width\":2560,\"height\":1707},{\"@type\":\"BreadcrumbList\",\"@id\":\"https:\/\/fundacion-biodiversidad.es\/en\/actualidad_home\/the-energy-and-climate-plan-2021-2030-will-mobilise-235000-million-euros\/#breadcrumb\",\"itemListElement\":[{\"@type\":\"ListItem\",\"position\":1,\"name\":\"Portada\",\"item\":\"https:\/\/fundacion-biodiversidad.es\/en\/inicio\/\"},{\"@type\":\"ListItem\",\"position\":2,\"name\":\"Noticias de actualidad\",\"item\":\"https:\/\/fundacion-biodiversidad.es\/en\/actualidad_home\/\"},{\"@type\":\"ListItem\",\"position\":3,\"name\":\"The Energy and Climate Plan 2021-2030 will mobilise 235,000 million euros\"}]},{\"@type\":\"WebSite\",\"@id\":\"https:\/\/fundacion-biodiversidad.es\/en\/#website\",\"url\":\"https:\/\/fundacion-biodiversidad.es\/en\/\",\"name\":\"Fundaci\u00f3n Biodiversidad\",\"description\":\"Fundaci\u00f3n p\u00fablica adscrita al Ministerio para la Transici\u00f3n Ecol\u00f3gica\",\"potentialAction\":[{\"@type\":\"SearchAction\",\"target\":{\"@type\":\"EntryPoint\",\"urlTemplate\":\"https:\/\/fundacion-biodiversidad.es\/en\/?s={search_term_string}\"},\"query-input\":{\"@type\":\"PropertyValueSpecification\",\"valueRequired\":true,\"valueName\":\"search_term_string\"}}],\"inLanguage\":\"en-US\"}]}<\/script>\n<!-- \/ Yoast SEO plugin. -->","yoast_head_json":{"title":"The Energy and Climate Plan 2021-2030 will mobilise 235,000 million euros - Fundaci\u00f3n Biodiversidad","robots":{"index":"index","follow":"follow","max-snippet":"max-snippet:-1","max-image-preview":"max-image-preview:large","max-video-preview":"max-video-preview:-1"},"canonical":"https:\/\/fundacion-biodiversidad.es\/en\/actualidad_home\/the-energy-and-climate-plan-2021-2030-will-mobilise-235000-million-euros\/","og_locale":"en_US","og_type":"article","og_title":"The Energy and Climate Plan 2021-2030 will mobilise 235,000 million euros - Fundaci\u00f3n Biodiversidad","og_description":"The President of the Government, Pedro S\u00e1nchez, today defended the firm commitment of Spain and its government in the fight against climate change, the rational [&hellip;]","og_url":"https:\/\/fundacion-biodiversidad.es\/en\/actualidad_home\/the-energy-and-climate-plan-2021-2030-will-mobilise-235000-million-euros\/","og_site_name":"Fundaci\u00f3n Biodiversidad","og_image":[{"width":720,"height":405,"url":"https:\/\/fundacion-biodiversidad.es\/wp-content\/uploads\/2023\/01\/2487661294_35330241_720x405.png","type":"image\/png"}],"twitter_card":"summary_large_image","twitter_misc":{"Est. reading time":"3 minutes"},"schema":{"@context":"https:\/\/schema.org","@graph":[{"@type":"WebPage","@id":"https:\/\/fundacion-biodiversidad.es\/en\/actualidad_home\/the-energy-and-climate-plan-2021-2030-will-mobilise-235000-million-euros\/","url":"https:\/\/fundacion-biodiversidad.es\/en\/actualidad_home\/the-energy-and-climate-plan-2021-2030-will-mobilise-235000-million-euros\/","name":"The Energy and Climate Plan 2021-2030 will mobilise 235,000 million euros - Fundaci\u00f3n Biodiversidad","isPartOf":{"@id":"https:\/\/fundacion-biodiversidad.es\/en\/#website"},"primaryImageOfPage":{"@id":"https:\/\/fundacion-biodiversidad.es\/en\/actualidad_home\/the-energy-and-climate-plan-2021-2030-will-mobilise-235000-million-euros\/#primaryimage"},"image":{"@id":"https:\/\/fundacion-biodiversidad.es\/en\/actualidad_home\/the-energy-and-climate-plan-2021-2030-will-mobilise-235000-million-euros\/#primaryimage"},"thumbnailUrl":"https:\/\/fundacion-biodiversidad.es\/wp-content\/uploads\/2019\/01\/fcr_2337-scaled.jpg","datePublished":"2019-01-18T13:53:38+00:00","breadcrumb":{"@id":"https:\/\/fundacion-biodiversidad.es\/en\/actualidad_home\/the-energy-and-climate-plan-2021-2030-will-mobilise-235000-million-euros\/#breadcrumb"},"inLanguage":"en-US","potentialAction":[{"@type":"ReadAction","target":["https:\/\/fundacion-biodiversidad.es\/en\/actualidad_home\/the-energy-and-climate-plan-2021-2030-will-mobilise-235000-million-euros\/"]}]},{"@type":"ImageObject","inLanguage":"en-US","@id":"https:\/\/fundacion-biodiversidad.es\/en\/actualidad_home\/the-energy-and-climate-plan-2021-2030-will-mobilise-235000-million-euros\/#primaryimage","url":"https:\/\/fundacion-biodiversidad.es\/wp-content\/uploads\/2019\/01\/fcr_2337-scaled.jpg","contentUrl":"https:\/\/fundacion-biodiversidad.es\/wp-content\/uploads\/2019\/01\/fcr_2337-scaled.jpg","width":2560,"height":1707},{"@type":"BreadcrumbList","@id":"https:\/\/fundacion-biodiversidad.es\/en\/actualidad_home\/the-energy-and-climate-plan-2021-2030-will-mobilise-235000-million-euros\/#breadcrumb","itemListElement":[{"@type":"ListItem","position":1,"name":"Portada","item":"https:\/\/fundacion-biodiversidad.es\/en\/inicio\/"},{"@type":"ListItem","position":2,"name":"Noticias de actualidad","item":"https:\/\/fundacion-biodiversidad.es\/en\/actualidad_home\/"},{"@type":"ListItem","position":3,"name":"The Energy and Climate Plan 2021-2030 will mobilise 235,000 million euros"}]},{"@type":"WebSite","@id":"https:\/\/fundacion-biodiversidad.es\/en\/#website","url":"https:\/\/fundacion-biodiversidad.es\/en\/","name":"Fundaci\u00f3n Biodiversidad","description":"Fundaci\u00f3n p\u00fablica adscrita al Ministerio para la Transici\u00f3n Ecol\u00f3gica","potentialAction":[{"@type":"SearchAction","target":{"@type":"EntryPoint","urlTemplate":"https:\/\/fundacion-biodiversidad.es\/en\/?s={search_term_string}"},"query-input":{"@type":"PropertyValueSpecification","valueRequired":true,"valueName":"search_term_string"}}],"inLanguage":"en-US"}]}},"_links":{"self":[{"href":"https:\/\/fundacion-biodiversidad.es\/en\/wp-json\/wp\/v2\/actualidad_home\/97858329","targetHints":{"allow":["GET"]}}],"collection":[{"href":"https:\/\/fundacion-biodiversidad.es\/en\/wp-json\/wp\/v2\/actualidad_home"}],"about":[{"href":"https:\/\/fundacion-biodiversidad.es\/en\/wp-json\/wp\/v2\/types\/actualidad_home"}],"author":[{"embeddable":true,"href":"https:\/\/fundacion-biodiversidad.es\/en\/wp-json\/wp\/v2\/users\/11"}],"wp:featuredmedia":[{"embeddable":true,"href":"https:\/\/fundacion-biodiversidad.es\/en\/wp-json\/wp\/v2\/media\/35960"}],"wp:attachment":[{"href":"https:\/\/fundacion-biodiversidad.es\/en\/wp-json\/wp\/v2\/media?parent=97858329"}],"wp:term":[{"taxonomy":"palabras_clave","embeddable":true,"href":"https:\/\/fundacion-biodiversidad.es\/en\/wp-json\/wp\/v2\/palabras_clave?post=97858329"}],"curies":[{"name":"wp","href":"https:\/\/api.w.org\/{rel}","templated":true}]}}