{"id":97858332,"date":"2019-02-18T11:46:58","date_gmt":"2019-02-18T10:46:58","guid":{"rendered":"https:\/\/fundacion-biodiversidad.es\/actualidad_home\/information-days-of-the-2019-calls-for-the-empleaverde-and-pleamar-programs\/"},"modified":"2019-02-18T11:46:58","modified_gmt":"2019-02-18T10:46:58","slug":"information-days-of-the-2019-calls-for-the-empleaverde-and-pleamar-programs","status":"publish","type":"actualidad_home","link":"https:\/\/fundacion-biodiversidad.es\/en\/actualidad_home\/information-days-of-the-2019-calls-for-the-empleaverde-and-pleamar-programs\/","title":{"rendered":"Information days of the 2019 Calls for the Empleaverde and Pleamar Programs"},"content":{"rendered":"<p>We organized information days to explain the most important aspects of the 2019 Calls for Grants of the <a href=\"https:\/\/fundacion-biodiversidad.es\/es\/convocatorias\/convocatorias-de-ayudas\/convocatoria-de-concesion-de-subvenciones-en-regimen-de-0\">Empleaverde<\/a> and <a href=\"https:\/\/fundacion-biodiversidad.es\/es\/convocatorias\/convocatorias-de-ayudas\/convocatoria-de-concesion-de-subvenciones-por-la-fundacion\">Pleamar<\/a> Programs, framed within the European Social Fund and the European Maritime and Fisheries Fund, respectively.<\/p>\n<p>On <strong>February 26 at 10:00 a.m<\/strong> ., the information day will take place at our headquarters on Calle Pe\u00f1uelas, in Madrid, <strong>on the call for the Empleaverde Program<\/strong>, which seeks to promote the sustainability of economic activities in all sectors, promoting the just transition towards a low-carbon and circular economy, constituting an engine of economic growth. The call is aimed at entities that have free training and advice programs for unemployed people, workers and entrepreneurs.   <strong>The deadline for submitting applications ends on April 30.<\/strong><\/p>\n<p>Those interested in attending the event can register in this <a href=\"https:\/\/docs.google.com\/forms\/d\/e\/1FAIpQLSeZFi7moUKfEFMISlwjBUJ9Q5Ck0XbbSRXniXe86vkeeISQ5Q\/viewform\">form<\/a> and for all those who cannot attend, the conference can be followed by <em>streaming<\/em> through the <a href=\"http:\/\/www.empleaverde.es\/\">www.empleaverde.es<\/a> website.<\/p>\n<p>On the other hand, the information day of the <strong>Pleamar Program<\/strong> will take place on <strong>March 6 at 11:00 a.m<\/strong>., also at our headquarters. In this case, it is aimed at those entities interested in promoting more competitive, sustainable, viable and responsible fishing and aquaculture activities, in addition to supporting the improvement of these activities in areas of the Natura 2000 Network and other marine protected areas and reducing pollution of maritime and coastal areas. <\/p>\n<p>Those interested in attending can register through this <a href=\"https:\/\/docs.google.com\/forms\/d\/e\/1FAIpQLSdS1Y_GCi1BA5-vxte2DyeRucnybXe3GmSsnnv3iHlNvgYFKw\/viewform\">form<\/a> and in this case, the conference will also be <em>streamed<\/em> through the Foundation&#8217;s YouTube channel. Those interested in connecting to the session should register at the email <a href=\"mailto:pleamar@fundacion-biodiversidad.es\">pleamar@fundacion-biodiversidad.es<\/a>. <\/p>\n<p>&nbsp;<\/p>\n","protected":false},"author":11,"featured_media":35963,"template":"","meta":{"_acf_changed":false},"palabras_clave":[],"class_list":["post-97858332","actualidad_home","type-actualidad_home","status-publish","has-post-thumbnail","hentry"],"acf":[],"yoast_head":"<!-- This site is optimized with the Yoast SEO plugin v26.9 - https:\/\/yoast.com\/product\/yoast-seo-wordpress\/ -->\n<title>Information days of the 2019 Calls for the Empleaverde and Pleamar Programs - Fundaci\u00f3n Biodiversidad<\/title>\n<meta name=\"robots\" content=\"index, follow, max-snippet:-1, max-image-preview:large, max-video-preview:-1\" \/>\n<link rel=\"canonical\" href=\"https:\/\/fundacion-biodiversidad.es\/en\/actualidad_home\/information-days-of-the-2019-calls-for-the-empleaverde-and-pleamar-programs\/\" \/>\n<meta property=\"og:locale\" content=\"en_US\" \/>\n<meta property=\"og:type\" content=\"article\" \/>\n<meta property=\"og:title\" content=\"Information days of the 2019 Calls for the Empleaverde and Pleamar Programs - Fundaci\u00f3n Biodiversidad\" \/>\n<meta property=\"og:description\" content=\"We organized information days to explain the most important aspects of the 2019 Calls for Grants of the Empleaverde and Pleamar Programs, framed within the [&hellip;]\" \/>\n<meta property=\"og:url\" content=\"https:\/\/fundacion-biodiversidad.es\/en\/actualidad_home\/information-days-of-the-2019-calls-for-the-empleaverde-and-pleamar-programs\/\" \/>\n<meta property=\"og:site_name\" content=\"Fundaci\u00f3n Biodiversidad\" \/>\n<meta property=\"og:image\" content=\"https:\/\/fundacion-biodiversidad.es\/wp-content\/uploads\/2023\/01\/2487661294_35330241_720x405.png\" \/>\n\t<meta property=\"og:image:width\" content=\"720\" \/>\n\t<meta property=\"og:image:height\" content=\"405\" \/>\n\t<meta property=\"og:image:type\" content=\"image\/png\" \/>\n<meta name=\"twitter:card\" content=\"summary_large_image\" \/>\n<meta name=\"twitter:label1\" content=\"Est. reading time\" \/>\n\t<meta name=\"twitter:data1\" content=\"1 minute\" \/>\n<script type=\"application\/ld+json\" class=\"yoast-schema-graph\">{\"@context\":\"https:\/\/schema.org\",\"@graph\":[{\"@type\":\"WebPage\",\"@id\":\"https:\/\/fundacion-biodiversidad.es\/en\/actualidad_home\/information-days-of-the-2019-calls-for-the-empleaverde-and-pleamar-programs\/\",\"url\":\"https:\/\/fundacion-biodiversidad.es\/en\/actualidad_home\/information-days-of-the-2019-calls-for-the-empleaverde-and-pleamar-programs\/\",\"name\":\"Information days of the 2019 Calls for the Empleaverde and Pleamar Programs - Fundaci\u00f3n Biodiversidad\",\"isPartOf\":{\"@id\":\"https:\/\/fundacion-biodiversidad.es\/en\/#website\"},\"primaryImageOfPage\":{\"@id\":\"https:\/\/fundacion-biodiversidad.es\/en\/actualidad_home\/information-days-of-the-2019-calls-for-the-empleaverde-and-pleamar-programs\/#primaryimage\"},\"image\":{\"@id\":\"https:\/\/fundacion-biodiversidad.es\/en\/actualidad_home\/information-days-of-the-2019-calls-for-the-empleaverde-and-pleamar-programs\/#primaryimage\"},\"thumbnailUrl\":\"https:\/\/fundacion-biodiversidad.es\/wp-content\/uploads\/2019\/02\/adobestock_87982036-scaled.jpeg\",\"datePublished\":\"2019-02-18T10:46:58+00:00\",\"breadcrumb\":{\"@id\":\"https:\/\/fundacion-biodiversidad.es\/en\/actualidad_home\/information-days-of-the-2019-calls-for-the-empleaverde-and-pleamar-programs\/#breadcrumb\"},\"inLanguage\":\"en-US\",\"potentialAction\":[{\"@type\":\"ReadAction\",\"target\":[\"https:\/\/fundacion-biodiversidad.es\/en\/actualidad_home\/information-days-of-the-2019-calls-for-the-empleaverde-and-pleamar-programs\/\"]}]},{\"@type\":\"ImageObject\",\"inLanguage\":\"en-US\",\"@id\":\"https:\/\/fundacion-biodiversidad.es\/en\/actualidad_home\/information-days-of-the-2019-calls-for-the-empleaverde-and-pleamar-programs\/#primaryimage\",\"url\":\"https:\/\/fundacion-biodiversidad.es\/wp-content\/uploads\/2019\/02\/adobestock_87982036-scaled.jpeg\",\"contentUrl\":\"https:\/\/fundacion-biodiversidad.es\/wp-content\/uploads\/2019\/02\/adobestock_87982036-scaled.jpeg\",\"width\":2560,\"height\":1344},{\"@type\":\"BreadcrumbList\",\"@id\":\"https:\/\/fundacion-biodiversidad.es\/en\/actualidad_home\/information-days-of-the-2019-calls-for-the-empleaverde-and-pleamar-programs\/#breadcrumb\",\"itemListElement\":[{\"@type\":\"ListItem\",\"position\":1,\"name\":\"Portada\",\"item\":\"https:\/\/fundacion-biodiversidad.es\/en\/inicio\/\"},{\"@type\":\"ListItem\",\"position\":2,\"name\":\"Noticias de actualidad\",\"item\":\"https:\/\/fundacion-biodiversidad.es\/en\/actualidad_home\/\"},{\"@type\":\"ListItem\",\"position\":3,\"name\":\"Information days of the 2019 Calls for the Empleaverde and Pleamar Programs\"}]},{\"@type\":\"WebSite\",\"@id\":\"https:\/\/fundacion-biodiversidad.es\/en\/#website\",\"url\":\"https:\/\/fundacion-biodiversidad.es\/en\/\",\"name\":\"Fundaci\u00f3n Biodiversidad\",\"description\":\"Fundaci\u00f3n p\u00fablica adscrita al Ministerio para la Transici\u00f3n Ecol\u00f3gica\",\"potentialAction\":[{\"@type\":\"SearchAction\",\"target\":{\"@type\":\"EntryPoint\",\"urlTemplate\":\"https:\/\/fundacion-biodiversidad.es\/en\/?s={search_term_string}\"},\"query-input\":{\"@type\":\"PropertyValueSpecification\",\"valueRequired\":true,\"valueName\":\"search_term_string\"}}],\"inLanguage\":\"en-US\"}]}<\/script>\n<!-- \/ Yoast SEO plugin. -->","yoast_head_json":{"title":"Information days of the 2019 Calls for the Empleaverde and Pleamar Programs - Fundaci\u00f3n Biodiversidad","robots":{"index":"index","follow":"follow","max-snippet":"max-snippet:-1","max-image-preview":"max-image-preview:large","max-video-preview":"max-video-preview:-1"},"canonical":"https:\/\/fundacion-biodiversidad.es\/en\/actualidad_home\/information-days-of-the-2019-calls-for-the-empleaverde-and-pleamar-programs\/","og_locale":"en_US","og_type":"article","og_title":"Information days of the 2019 Calls for the Empleaverde and Pleamar Programs - Fundaci\u00f3n Biodiversidad","og_description":"We organized information days to explain the most important aspects of the 2019 Calls for Grants of the Empleaverde and Pleamar Programs, framed within the [&hellip;]","og_url":"https:\/\/fundacion-biodiversidad.es\/en\/actualidad_home\/information-days-of-the-2019-calls-for-the-empleaverde-and-pleamar-programs\/","og_site_name":"Fundaci\u00f3n Biodiversidad","og_image":[{"width":720,"height":405,"url":"https:\/\/fundacion-biodiversidad.es\/wp-content\/uploads\/2023\/01\/2487661294_35330241_720x405.png","type":"image\/png"}],"twitter_card":"summary_large_image","twitter_misc":{"Est. reading time":"1 minute"},"schema":{"@context":"https:\/\/schema.org","@graph":[{"@type":"WebPage","@id":"https:\/\/fundacion-biodiversidad.es\/en\/actualidad_home\/information-days-of-the-2019-calls-for-the-empleaverde-and-pleamar-programs\/","url":"https:\/\/fundacion-biodiversidad.es\/en\/actualidad_home\/information-days-of-the-2019-calls-for-the-empleaverde-and-pleamar-programs\/","name":"Information days of the 2019 Calls for the Empleaverde and Pleamar Programs - Fundaci\u00f3n Biodiversidad","isPartOf":{"@id":"https:\/\/fundacion-biodiversidad.es\/en\/#website"},"primaryImageOfPage":{"@id":"https:\/\/fundacion-biodiversidad.es\/en\/actualidad_home\/information-days-of-the-2019-calls-for-the-empleaverde-and-pleamar-programs\/#primaryimage"},"image":{"@id":"https:\/\/fundacion-biodiversidad.es\/en\/actualidad_home\/information-days-of-the-2019-calls-for-the-empleaverde-and-pleamar-programs\/#primaryimage"},"thumbnailUrl":"https:\/\/fundacion-biodiversidad.es\/wp-content\/uploads\/2019\/02\/adobestock_87982036-scaled.jpeg","datePublished":"2019-02-18T10:46:58+00:00","breadcrumb":{"@id":"https:\/\/fundacion-biodiversidad.es\/en\/actualidad_home\/information-days-of-the-2019-calls-for-the-empleaverde-and-pleamar-programs\/#breadcrumb"},"inLanguage":"en-US","potentialAction":[{"@type":"ReadAction","target":["https:\/\/fundacion-biodiversidad.es\/en\/actualidad_home\/information-days-of-the-2019-calls-for-the-empleaverde-and-pleamar-programs\/"]}]},{"@type":"ImageObject","inLanguage":"en-US","@id":"https:\/\/fundacion-biodiversidad.es\/en\/actualidad_home\/information-days-of-the-2019-calls-for-the-empleaverde-and-pleamar-programs\/#primaryimage","url":"https:\/\/fundacion-biodiversidad.es\/wp-content\/uploads\/2019\/02\/adobestock_87982036-scaled.jpeg","contentUrl":"https:\/\/fundacion-biodiversidad.es\/wp-content\/uploads\/2019\/02\/adobestock_87982036-scaled.jpeg","width":2560,"height":1344},{"@type":"BreadcrumbList","@id":"https:\/\/fundacion-biodiversidad.es\/en\/actualidad_home\/information-days-of-the-2019-calls-for-the-empleaverde-and-pleamar-programs\/#breadcrumb","itemListElement":[{"@type":"ListItem","position":1,"name":"Portada","item":"https:\/\/fundacion-biodiversidad.es\/en\/inicio\/"},{"@type":"ListItem","position":2,"name":"Noticias de actualidad","item":"https:\/\/fundacion-biodiversidad.es\/en\/actualidad_home\/"},{"@type":"ListItem","position":3,"name":"Information days of the 2019 Calls for the Empleaverde and Pleamar Programs"}]},{"@type":"WebSite","@id":"https:\/\/fundacion-biodiversidad.es\/en\/#website","url":"https:\/\/fundacion-biodiversidad.es\/en\/","name":"Fundaci\u00f3n Biodiversidad","description":"Fundaci\u00f3n p\u00fablica adscrita al Ministerio para la Transici\u00f3n Ecol\u00f3gica","potentialAction":[{"@type":"SearchAction","target":{"@type":"EntryPoint","urlTemplate":"https:\/\/fundacion-biodiversidad.es\/en\/?s={search_term_string}"},"query-input":{"@type":"PropertyValueSpecification","valueRequired":true,"valueName":"search_term_string"}}],"inLanguage":"en-US"}]}},"_links":{"self":[{"href":"https:\/\/fundacion-biodiversidad.es\/en\/wp-json\/wp\/v2\/actualidad_home\/97858332","targetHints":{"allow":["GET"]}}],"collection":[{"href":"https:\/\/fundacion-biodiversidad.es\/en\/wp-json\/wp\/v2\/actualidad_home"}],"about":[{"href":"https:\/\/fundacion-biodiversidad.es\/en\/wp-json\/wp\/v2\/types\/actualidad_home"}],"author":[{"embeddable":true,"href":"https:\/\/fundacion-biodiversidad.es\/en\/wp-json\/wp\/v2\/users\/11"}],"wp:featuredmedia":[{"embeddable":true,"href":"https:\/\/fundacion-biodiversidad.es\/en\/wp-json\/wp\/v2\/media\/35963"}],"wp:attachment":[{"href":"https:\/\/fundacion-biodiversidad.es\/en\/wp-json\/wp\/v2\/media?parent=97858332"}],"wp:term":[{"taxonomy":"palabras_clave","embeddable":true,"href":"https:\/\/fundacion-biodiversidad.es\/en\/wp-json\/wp\/v2\/palabras_clave?post=97858332"}],"curies":[{"name":"wp","href":"https:\/\/api.w.org\/{rel}","templated":true}]}}