{"id":97858333,"date":"2019-01-15T13:54:07","date_gmt":"2019-01-15T12:54:07","guid":{"rendered":"https:\/\/fundacion-biodiversidad.es\/actualidad_home\/the-period-of-contributions-to-the-management-plan-of-el-cachucho-is-open\/"},"modified":"2019-01-15T13:54:07","modified_gmt":"2019-01-15T12:54:07","slug":"the-period-of-contributions-to-the-management-plan-of-el-cachucho-is-open","status":"publish","type":"actualidad_home","link":"https:\/\/fundacion-biodiversidad.es\/en\/actualidad_home\/the-period-of-contributions-to-the-management-plan-of-el-cachucho-is-open\/","title":{"rendered":"The period of contributions to the management plan of El Cachucho is open"},"content":{"rendered":"<p>MITECO has submitted the management plan of El Cachucho and the expansion of this marine protected area to new public contributions.  <!--more--><\/p>\n<p>The Ministry for Ecological Transition has submitted to <strong>new public contributions the management plan of El Cachucho<\/strong> and the <strong>expansion of this marine protected area<\/strong>, which treasures a great wealth of biodiversity with more than 740 species identified.<\/p>\n<p>It is an <strong>underwater mountain located 65 km from the Asturian coast<\/strong>, which rises from 4,000 meters deep to 425 meters above the surface. In addition to its ecological value, El Cachucho is a refuge and reproduction of important populations of species of fishing interest, such as loach, lily and deep-sea scorpionfish. <\/p>\n<p>To <strong>ensure that their protection is compatible with the development of socio-economic activities<\/strong>, a <a href=\"https:\/\/fundacion-biodiversidad.es\/es\/prensa\/actualidad\/ponemos-en-marcha-el-proceso-participativo-para-actualizar-la-gestion-de-el\">process of social participation<\/a> has been carried out within the framework of the LIFE IP INTEMARES in order to update the measures established in the 2011 management plan, involving the fishing sector, public administrations and the scientific community, among other agents.<\/p>\n<p>This participatory process now culminates with the opening <a href=\"https:\/\/www.miteco.gob.es\/es\/costas\/participacion-publica\/rd-ampliacion-cachucho.aspx\">of a public information procedure<\/a>, in which contributions can be submitted to the expansion of this protected area and its management plan until February 22, 2019.<\/p>\n<p><strong>Science and participation, the cornerstones<\/strong><br \/>The LIFE IP INTEMARES aims to achieve a network of Natura 2000 marine areas managed in an effective and integrated way, with the active participation of the sectors involved and research as basic tools for decision-making.<\/p>\n<p>The Biodiversity Foundation of the Ministry for Ecological Transition coordinates the <a href=\"http:\/\/www.intemares.es\">LIFE INTEMARES<\/a> project. The General Directorate of Sustainability of the Coast and the Sea of the same ministry, the Spanish Institute of Oceanography, the Spanish Fisheries Confederation, SEO\/BirdLife and WWF-Spain participate as partners. <\/p>\n","protected":false},"author":11,"featured_media":35958,"template":"","meta":{"_acf_changed":false},"palabras_clave":[],"class_list":["post-97858333","actualidad_home","type-actualidad_home","status-publish","has-post-thumbnail","hentry"],"acf":[],"yoast_head":"<!-- This site is optimized with the Yoast SEO plugin v26.9 - https:\/\/yoast.com\/product\/yoast-seo-wordpress\/ -->\n<title>The period of contributions to the management plan of El Cachucho is open - Fundaci\u00f3n Biodiversidad<\/title>\n<meta name=\"robots\" content=\"index, follow, max-snippet:-1, max-image-preview:large, max-video-preview:-1\" \/>\n<link rel=\"canonical\" href=\"https:\/\/fundacion-biodiversidad.es\/en\/actualidad_home\/the-period-of-contributions-to-the-management-plan-of-el-cachucho-is-open\/\" \/>\n<meta property=\"og:locale\" content=\"en_US\" \/>\n<meta property=\"og:type\" content=\"article\" \/>\n<meta property=\"og:title\" content=\"The period of contributions to the management plan of El Cachucho is open - Fundaci\u00f3n Biodiversidad\" \/>\n<meta property=\"og:description\" content=\"MITECO has submitted the management plan of El Cachucho and the expansion of this marine protected area to new public contributions.\" \/>\n<meta property=\"og:url\" content=\"https:\/\/fundacion-biodiversidad.es\/en\/actualidad_home\/the-period-of-contributions-to-the-management-plan-of-el-cachucho-is-open\/\" \/>\n<meta property=\"og:site_name\" content=\"Fundaci\u00f3n Biodiversidad\" \/>\n<meta property=\"og:image\" content=\"https:\/\/fundacion-biodiversidad.es\/wp-content\/uploads\/2023\/01\/2487661294_35330241_720x405.png\" \/>\n\t<meta property=\"og:image:width\" content=\"720\" \/>\n\t<meta property=\"og:image:height\" content=\"405\" \/>\n\t<meta property=\"og:image:type\" content=\"image\/png\" \/>\n<meta name=\"twitter:card\" content=\"summary_large_image\" \/>\n<meta name=\"twitter:label1\" content=\"Est. reading time\" \/>\n\t<meta name=\"twitter:data1\" content=\"1 minute\" \/>\n<script type=\"application\/ld+json\" class=\"yoast-schema-graph\">{\"@context\":\"https:\/\/schema.org\",\"@graph\":[{\"@type\":\"WebPage\",\"@id\":\"https:\/\/fundacion-biodiversidad.es\/en\/actualidad_home\/the-period-of-contributions-to-the-management-plan-of-el-cachucho-is-open\/\",\"url\":\"https:\/\/fundacion-biodiversidad.es\/en\/actualidad_home\/the-period-of-contributions-to-the-management-plan-of-el-cachucho-is-open\/\",\"name\":\"The period of contributions to the management plan of El Cachucho is open - Fundaci\u00f3n Biodiversidad\",\"isPartOf\":{\"@id\":\"https:\/\/fundacion-biodiversidad.es\/en\/#website\"},\"primaryImageOfPage\":{\"@id\":\"https:\/\/fundacion-biodiversidad.es\/en\/actualidad_home\/the-period-of-contributions-to-the-management-plan-of-el-cachucho-is-open\/#primaryimage\"},\"image\":{\"@id\":\"https:\/\/fundacion-biodiversidad.es\/en\/actualidad_home\/the-period-of-contributions-to-the-management-plan-of-el-cachucho-is-open\/#primaryimage\"},\"thumbnailUrl\":\"https:\/\/fundacion-biodiversidad.es\/wp-content\/uploads\/2019\/01\/taller-cachucho-web.jpg\",\"datePublished\":\"2019-01-15T12:54:07+00:00\",\"breadcrumb\":{\"@id\":\"https:\/\/fundacion-biodiversidad.es\/en\/actualidad_home\/the-period-of-contributions-to-the-management-plan-of-el-cachucho-is-open\/#breadcrumb\"},\"inLanguage\":\"en-US\",\"potentialAction\":[{\"@type\":\"ReadAction\",\"target\":[\"https:\/\/fundacion-biodiversidad.es\/en\/actualidad_home\/the-period-of-contributions-to-the-management-plan-of-el-cachucho-is-open\/\"]}]},{\"@type\":\"ImageObject\",\"inLanguage\":\"en-US\",\"@id\":\"https:\/\/fundacion-biodiversidad.es\/en\/actualidad_home\/the-period-of-contributions-to-the-management-plan-of-el-cachucho-is-open\/#primaryimage\",\"url\":\"https:\/\/fundacion-biodiversidad.es\/wp-content\/uploads\/2019\/01\/taller-cachucho-web.jpg\",\"contentUrl\":\"https:\/\/fundacion-biodiversidad.es\/wp-content\/uploads\/2019\/01\/taller-cachucho-web.jpg\",\"width\":800,\"height\":533},{\"@type\":\"BreadcrumbList\",\"@id\":\"https:\/\/fundacion-biodiversidad.es\/en\/actualidad_home\/the-period-of-contributions-to-the-management-plan-of-el-cachucho-is-open\/#breadcrumb\",\"itemListElement\":[{\"@type\":\"ListItem\",\"position\":1,\"name\":\"Portada\",\"item\":\"https:\/\/fundacion-biodiversidad.es\/en\/inicio\/\"},{\"@type\":\"ListItem\",\"position\":2,\"name\":\"Noticias de actualidad\",\"item\":\"https:\/\/fundacion-biodiversidad.es\/en\/actualidad_home\/\"},{\"@type\":\"ListItem\",\"position\":3,\"name\":\"The period of contributions to the management plan of El Cachucho is open\"}]},{\"@type\":\"WebSite\",\"@id\":\"https:\/\/fundacion-biodiversidad.es\/en\/#website\",\"url\":\"https:\/\/fundacion-biodiversidad.es\/en\/\",\"name\":\"Fundaci\u00f3n Biodiversidad\",\"description\":\"Fundaci\u00f3n p\u00fablica adscrita al Ministerio para la Transici\u00f3n Ecol\u00f3gica\",\"potentialAction\":[{\"@type\":\"SearchAction\",\"target\":{\"@type\":\"EntryPoint\",\"urlTemplate\":\"https:\/\/fundacion-biodiversidad.es\/en\/?s={search_term_string}\"},\"query-input\":{\"@type\":\"PropertyValueSpecification\",\"valueRequired\":true,\"valueName\":\"search_term_string\"}}],\"inLanguage\":\"en-US\"}]}<\/script>\n<!-- \/ Yoast SEO plugin. -->","yoast_head_json":{"title":"The period of contributions to the management plan of El Cachucho is open - Fundaci\u00f3n Biodiversidad","robots":{"index":"index","follow":"follow","max-snippet":"max-snippet:-1","max-image-preview":"max-image-preview:large","max-video-preview":"max-video-preview:-1"},"canonical":"https:\/\/fundacion-biodiversidad.es\/en\/actualidad_home\/the-period-of-contributions-to-the-management-plan-of-el-cachucho-is-open\/","og_locale":"en_US","og_type":"article","og_title":"The period of contributions to the management plan of El Cachucho is open - Fundaci\u00f3n Biodiversidad","og_description":"MITECO has submitted the management plan of El Cachucho and the expansion of this marine protected area to new public contributions.","og_url":"https:\/\/fundacion-biodiversidad.es\/en\/actualidad_home\/the-period-of-contributions-to-the-management-plan-of-el-cachucho-is-open\/","og_site_name":"Fundaci\u00f3n Biodiversidad","og_image":[{"width":720,"height":405,"url":"https:\/\/fundacion-biodiversidad.es\/wp-content\/uploads\/2023\/01\/2487661294_35330241_720x405.png","type":"image\/png"}],"twitter_card":"summary_large_image","twitter_misc":{"Est. reading time":"1 minute"},"schema":{"@context":"https:\/\/schema.org","@graph":[{"@type":"WebPage","@id":"https:\/\/fundacion-biodiversidad.es\/en\/actualidad_home\/the-period-of-contributions-to-the-management-plan-of-el-cachucho-is-open\/","url":"https:\/\/fundacion-biodiversidad.es\/en\/actualidad_home\/the-period-of-contributions-to-the-management-plan-of-el-cachucho-is-open\/","name":"The period of contributions to the management plan of El Cachucho is open - Fundaci\u00f3n Biodiversidad","isPartOf":{"@id":"https:\/\/fundacion-biodiversidad.es\/en\/#website"},"primaryImageOfPage":{"@id":"https:\/\/fundacion-biodiversidad.es\/en\/actualidad_home\/the-period-of-contributions-to-the-management-plan-of-el-cachucho-is-open\/#primaryimage"},"image":{"@id":"https:\/\/fundacion-biodiversidad.es\/en\/actualidad_home\/the-period-of-contributions-to-the-management-plan-of-el-cachucho-is-open\/#primaryimage"},"thumbnailUrl":"https:\/\/fundacion-biodiversidad.es\/wp-content\/uploads\/2019\/01\/taller-cachucho-web.jpg","datePublished":"2019-01-15T12:54:07+00:00","breadcrumb":{"@id":"https:\/\/fundacion-biodiversidad.es\/en\/actualidad_home\/the-period-of-contributions-to-the-management-plan-of-el-cachucho-is-open\/#breadcrumb"},"inLanguage":"en-US","potentialAction":[{"@type":"ReadAction","target":["https:\/\/fundacion-biodiversidad.es\/en\/actualidad_home\/the-period-of-contributions-to-the-management-plan-of-el-cachucho-is-open\/"]}]},{"@type":"ImageObject","inLanguage":"en-US","@id":"https:\/\/fundacion-biodiversidad.es\/en\/actualidad_home\/the-period-of-contributions-to-the-management-plan-of-el-cachucho-is-open\/#primaryimage","url":"https:\/\/fundacion-biodiversidad.es\/wp-content\/uploads\/2019\/01\/taller-cachucho-web.jpg","contentUrl":"https:\/\/fundacion-biodiversidad.es\/wp-content\/uploads\/2019\/01\/taller-cachucho-web.jpg","width":800,"height":533},{"@type":"BreadcrumbList","@id":"https:\/\/fundacion-biodiversidad.es\/en\/actualidad_home\/the-period-of-contributions-to-the-management-plan-of-el-cachucho-is-open\/#breadcrumb","itemListElement":[{"@type":"ListItem","position":1,"name":"Portada","item":"https:\/\/fundacion-biodiversidad.es\/en\/inicio\/"},{"@type":"ListItem","position":2,"name":"Noticias de actualidad","item":"https:\/\/fundacion-biodiversidad.es\/en\/actualidad_home\/"},{"@type":"ListItem","position":3,"name":"The period of contributions to the management plan of El Cachucho is open"}]},{"@type":"WebSite","@id":"https:\/\/fundacion-biodiversidad.es\/en\/#website","url":"https:\/\/fundacion-biodiversidad.es\/en\/","name":"Fundaci\u00f3n Biodiversidad","description":"Fundaci\u00f3n p\u00fablica adscrita al Ministerio para la Transici\u00f3n Ecol\u00f3gica","potentialAction":[{"@type":"SearchAction","target":{"@type":"EntryPoint","urlTemplate":"https:\/\/fundacion-biodiversidad.es\/en\/?s={search_term_string}"},"query-input":{"@type":"PropertyValueSpecification","valueRequired":true,"valueName":"search_term_string"}}],"inLanguage":"en-US"}]}},"_links":{"self":[{"href":"https:\/\/fundacion-biodiversidad.es\/en\/wp-json\/wp\/v2\/actualidad_home\/97858333","targetHints":{"allow":["GET"]}}],"collection":[{"href":"https:\/\/fundacion-biodiversidad.es\/en\/wp-json\/wp\/v2\/actualidad_home"}],"about":[{"href":"https:\/\/fundacion-biodiversidad.es\/en\/wp-json\/wp\/v2\/types\/actualidad_home"}],"author":[{"embeddable":true,"href":"https:\/\/fundacion-biodiversidad.es\/en\/wp-json\/wp\/v2\/users\/11"}],"wp:featuredmedia":[{"embeddable":true,"href":"https:\/\/fundacion-biodiversidad.es\/en\/wp-json\/wp\/v2\/media\/35958"}],"wp:attachment":[{"href":"https:\/\/fundacion-biodiversidad.es\/en\/wp-json\/wp\/v2\/media?parent=97858333"}],"wp:term":[{"taxonomy":"palabras_clave","embeddable":true,"href":"https:\/\/fundacion-biodiversidad.es\/en\/wp-json\/wp\/v2\/palabras_clave?post=97858333"}],"curies":[{"name":"wp","href":"https:\/\/api.w.org\/{rel}","templated":true}]}}