{"id":97858334,"date":"2018-11-29T10:14:14","date_gmt":"2018-11-29T09:14:14","guid":{"rendered":"https:\/\/fundacion-biodiversidad.es\/actualidad_home\/we-improve-knowledge-about-the-iberian-desman\/"},"modified":"2018-11-29T10:14:14","modified_gmt":"2018-11-29T09:14:14","slug":"we-improve-knowledge-about-the-iberian-desman","status":"publish","type":"actualidad_home","link":"https:\/\/fundacion-biodiversidad.es\/en\/actualidad_home\/we-improve-knowledge-about-the-iberian-desman\/","title":{"rendered":"We improve knowledge about the Iberian desman"},"content":{"rendered":"<p>Javier Cach\u00f3n, Director General of Biodiversity and Environmental Quality of the Ministry for Ecological Transition (MITECO) has presented, at the MITECO stand at the National Congress of the Environment (CONAMA 2018), the results of the LIFE+ Desmania project.<br \/>\n<!--more--><\/p>\n<p style=\"margin-left:106.3pt;\">The Director General of Biodiversity and Environmental Quality of the Ministry for Ecological Transition (MITECO), <strong>Javier Cach\u00f3n, has presented, at the MITECO stand<\/strong> at the National Congress of the Environment (CONAMA 2018), <strong>the results of the <a href=\"https:\/\/www.lifedesman.es\/es\" target=\"_blank\" rel=\"noopener\">LIFE+ Desmania<\/a> project<\/strong>.&nbsp;<strong>The Biodiversity Foundation has coordinated, between 2012 and 2018, this project<\/strong>, which has had as partners the autonomous communities of Extremadura and Castilla y Le\u00f3n, the Natural Heritage Foundation, CESEFOR, SOMACYL and Tragsatec. It has also had the support of the Mi\u00f1o-Sil, Tagus and Duero Hydrographic Confederations, research centres and fishermen&#8217;s associations. <\/p>\n<p style=\"margin-left:106.3pt;\">The initiative was launched six years ago, aware of the <strong>regression of the Iberian desman<\/strong> (<em>Galemys pyrenaicus),<\/em> with the aim of acting in an urgent and coordinated way for the conservation of this small mammal. The LIFE+ Desmania project has been an important opportunity to <strong>carry out the vast majority of the actions contemplated in the National Strategy for the Conservation of the species<\/strong>. Action has been taken in 33 Special Areas of Conservation (SACs) of the Natura 2000 Network, distributed between the provinces of Le\u00f3n, Palencia, Zamora, \u00c1vila, Salamanca and C\u00e1ceres.  <\/p>\n<p style=\"margin-left:106.3pt;\"><strong>Thanks to the initiative, we know this small mammal much better<\/strong> in these areas than we did 6 years ago. And this has been possible <strong>thanks to the intensity of the sampling of the species<\/strong>: <strong>more than 9,000 km of river have been analysed and more than 1,000 sections have been sampled<\/strong>. 1,200 samples have also been genetically analyzed. In addition, <strong>an important population of Iberian desman has been found in the province of \u00c1vila<\/strong>, which was unknown to date.   <\/p>\n<p style=\"margin-left:106.3pt;\"><strong>The sampling has served to identify its main obstacles and threats <\/strong>and to focus the conservation actions of the project. In this way, <strong>a significant number of physical barriers that could prevent the free transit of the desman have been eliminated<\/strong>: 12 demolitions of dams, dams or slabs; 4 restorations of waste dumps; silvicultural work and reforestation along more than 80 km of rivers, removal of waste of various kinds in 187 km of riverbed, 5 km of felling and treatment in alder groves with <em>Phytophthora alni<\/em>. <\/p>\n<p style=\"margin-left:106.3pt;\">An important effort has also been made <strong>to control the populations of an invasive species as harmful to the species as the American mink<\/strong> (<em>Neovison vison<\/em>), whose predation is reducing desman populations. Within the framework of the project, 55,000 trapping days have been carried out, 28 training days and more than 450 agents have been trained, a fundamental implication for the sustainability of the action in the future. <\/p>\n<p style=\"margin-left:106.3pt;\">The Iberian desman is one of the commonly called &#8220;unknown or forgotten species&#8221;. The LIFE+ Desmania project has meant a <strong>substantial leap in the knowledge of the species by the local population <\/strong>and especially for the actors with the greatest presence in the rivers, <strong>mainly<\/strong> <strong>fishermen and irrigators<\/strong>, through the awareness-raising and dissemination actions and materials that have been carried out on the ground. <\/p>\n<p style=\"margin-left:106.3pt;\">The initiative has served to confirm that <strong>the presence of the species is associated with the best preserved riverbeds<\/strong> and has confirmed its important role as a <strong>bioindicator of the good health of rivers<\/strong>, which makes it very vulnerable to changes induced by some human activities, including the effects of climate change.<\/p>\n<p style=\"margin-left:106.3pt;\"><strong>Do you want to know about the LIFE+ Desmania project?<\/strong> On its <a href=\"https:\/\/www.lifedesman.es\/es\" target=\"_blank\" rel=\"noopener\">website<\/a> you can consult the background, objectives and actions developed within the framework of the same.<\/p>\n","protected":false},"author":11,"featured_media":35952,"template":"","meta":{"_acf_changed":false},"palabras_clave":[],"class_list":["post-97858334","actualidad_home","type-actualidad_home","status-publish","has-post-thumbnail","hentry"],"acf":[],"yoast_head":"<!-- This site is optimized with the Yoast SEO plugin v26.9 - https:\/\/yoast.com\/product\/yoast-seo-wordpress\/ -->\n<title>We improve knowledge about the Iberian desman - Fundaci\u00f3n Biodiversidad<\/title>\n<meta name=\"robots\" content=\"index, follow, max-snippet:-1, max-image-preview:large, max-video-preview:-1\" \/>\n<link rel=\"canonical\" href=\"https:\/\/fundacion-biodiversidad.es\/en\/actualidad_home\/we-improve-knowledge-about-the-iberian-desman\/\" \/>\n<meta property=\"og:locale\" content=\"en_US\" \/>\n<meta property=\"og:type\" content=\"article\" \/>\n<meta property=\"og:title\" content=\"We improve knowledge about the Iberian desman - Fundaci\u00f3n Biodiversidad\" \/>\n<meta property=\"og:description\" content=\"Javier Cach\u00f3n, Director General of Biodiversity and Environmental Quality of the Ministry for Ecological Transition (MITECO) has presented, at the MITECO stand at the National [&hellip;]\" \/>\n<meta property=\"og:url\" content=\"https:\/\/fundacion-biodiversidad.es\/en\/actualidad_home\/we-improve-knowledge-about-the-iberian-desman\/\" \/>\n<meta property=\"og:site_name\" content=\"Fundaci\u00f3n Biodiversidad\" \/>\n<meta property=\"og:image\" content=\"https:\/\/fundacion-biodiversidad.es\/wp-content\/uploads\/2023\/01\/2487661294_35330241_720x405.png\" \/>\n\t<meta property=\"og:image:width\" content=\"720\" \/>\n\t<meta property=\"og:image:height\" content=\"405\" \/>\n\t<meta property=\"og:image:type\" content=\"image\/png\" \/>\n<meta name=\"twitter:card\" content=\"summary_large_image\" \/>\n<meta name=\"twitter:label1\" content=\"Est. reading time\" \/>\n\t<meta name=\"twitter:data1\" content=\"3 minutes\" \/>\n<script type=\"application\/ld+json\" class=\"yoast-schema-graph\">{\"@context\":\"https:\/\/schema.org\",\"@graph\":[{\"@type\":\"WebPage\",\"@id\":\"https:\/\/fundacion-biodiversidad.es\/en\/actualidad_home\/we-improve-knowledge-about-the-iberian-desman\/\",\"url\":\"https:\/\/fundacion-biodiversidad.es\/en\/actualidad_home\/we-improve-knowledge-about-the-iberian-desman\/\",\"name\":\"We improve knowledge about the Iberian desman - Fundaci\u00f3n Biodiversidad\",\"isPartOf\":{\"@id\":\"https:\/\/fundacion-biodiversidad.es\/en\/#website\"},\"primaryImageOfPage\":{\"@id\":\"https:\/\/fundacion-biodiversidad.es\/en\/actualidad_home\/we-improve-knowledge-about-the-iberian-desman\/#primaryimage\"},\"image\":{\"@id\":\"https:\/\/fundacion-biodiversidad.es\/en\/actualidad_home\/we-improve-knowledge-about-the-iberian-desman\/#primaryimage\"},\"thumbnailUrl\":\"https:\/\/fundacion-biodiversidad.es\/wp-content\/uploads\/2018\/11\/grupo_trabajo_desman.jpg\",\"datePublished\":\"2018-11-29T09:14:14+00:00\",\"breadcrumb\":{\"@id\":\"https:\/\/fundacion-biodiversidad.es\/en\/actualidad_home\/we-improve-knowledge-about-the-iberian-desman\/#breadcrumb\"},\"inLanguage\":\"en-US\",\"potentialAction\":[{\"@type\":\"ReadAction\",\"target\":[\"https:\/\/fundacion-biodiversidad.es\/en\/actualidad_home\/we-improve-knowledge-about-the-iberian-desman\/\"]}]},{\"@type\":\"ImageObject\",\"inLanguage\":\"en-US\",\"@id\":\"https:\/\/fundacion-biodiversidad.es\/en\/actualidad_home\/we-improve-knowledge-about-the-iberian-desman\/#primaryimage\",\"url\":\"https:\/\/fundacion-biodiversidad.es\/wp-content\/uploads\/2018\/11\/grupo_trabajo_desman.jpg\",\"contentUrl\":\"https:\/\/fundacion-biodiversidad.es\/wp-content\/uploads\/2018\/11\/grupo_trabajo_desman.jpg\",\"width\":747,\"height\":417},{\"@type\":\"BreadcrumbList\",\"@id\":\"https:\/\/fundacion-biodiversidad.es\/en\/actualidad_home\/we-improve-knowledge-about-the-iberian-desman\/#breadcrumb\",\"itemListElement\":[{\"@type\":\"ListItem\",\"position\":1,\"name\":\"Portada\",\"item\":\"https:\/\/fundacion-biodiversidad.es\/en\/inicio\/\"},{\"@type\":\"ListItem\",\"position\":2,\"name\":\"Noticias de actualidad\",\"item\":\"https:\/\/fundacion-biodiversidad.es\/en\/actualidad_home\/\"},{\"@type\":\"ListItem\",\"position\":3,\"name\":\"We improve knowledge about the Iberian desman\"}]},{\"@type\":\"WebSite\",\"@id\":\"https:\/\/fundacion-biodiversidad.es\/en\/#website\",\"url\":\"https:\/\/fundacion-biodiversidad.es\/en\/\",\"name\":\"Fundaci\u00f3n Biodiversidad\",\"description\":\"Fundaci\u00f3n p\u00fablica adscrita al Ministerio para la Transici\u00f3n Ecol\u00f3gica\",\"potentialAction\":[{\"@type\":\"SearchAction\",\"target\":{\"@type\":\"EntryPoint\",\"urlTemplate\":\"https:\/\/fundacion-biodiversidad.es\/en\/?s={search_term_string}\"},\"query-input\":{\"@type\":\"PropertyValueSpecification\",\"valueRequired\":true,\"valueName\":\"search_term_string\"}}],\"inLanguage\":\"en-US\"}]}<\/script>\n<!-- \/ Yoast SEO plugin. -->","yoast_head_json":{"title":"We improve knowledge about the Iberian desman - Fundaci\u00f3n Biodiversidad","robots":{"index":"index","follow":"follow","max-snippet":"max-snippet:-1","max-image-preview":"max-image-preview:large","max-video-preview":"max-video-preview:-1"},"canonical":"https:\/\/fundacion-biodiversidad.es\/en\/actualidad_home\/we-improve-knowledge-about-the-iberian-desman\/","og_locale":"en_US","og_type":"article","og_title":"We improve knowledge about the Iberian desman - Fundaci\u00f3n Biodiversidad","og_description":"Javier Cach\u00f3n, Director General of Biodiversity and Environmental Quality of the Ministry for Ecological Transition (MITECO) has presented, at the MITECO stand at the National [&hellip;]","og_url":"https:\/\/fundacion-biodiversidad.es\/en\/actualidad_home\/we-improve-knowledge-about-the-iberian-desman\/","og_site_name":"Fundaci\u00f3n Biodiversidad","og_image":[{"width":720,"height":405,"url":"https:\/\/fundacion-biodiversidad.es\/wp-content\/uploads\/2023\/01\/2487661294_35330241_720x405.png","type":"image\/png"}],"twitter_card":"summary_large_image","twitter_misc":{"Est. reading time":"3 minutes"},"schema":{"@context":"https:\/\/schema.org","@graph":[{"@type":"WebPage","@id":"https:\/\/fundacion-biodiversidad.es\/en\/actualidad_home\/we-improve-knowledge-about-the-iberian-desman\/","url":"https:\/\/fundacion-biodiversidad.es\/en\/actualidad_home\/we-improve-knowledge-about-the-iberian-desman\/","name":"We improve knowledge about the Iberian desman - Fundaci\u00f3n Biodiversidad","isPartOf":{"@id":"https:\/\/fundacion-biodiversidad.es\/en\/#website"},"primaryImageOfPage":{"@id":"https:\/\/fundacion-biodiversidad.es\/en\/actualidad_home\/we-improve-knowledge-about-the-iberian-desman\/#primaryimage"},"image":{"@id":"https:\/\/fundacion-biodiversidad.es\/en\/actualidad_home\/we-improve-knowledge-about-the-iberian-desman\/#primaryimage"},"thumbnailUrl":"https:\/\/fundacion-biodiversidad.es\/wp-content\/uploads\/2018\/11\/grupo_trabajo_desman.jpg","datePublished":"2018-11-29T09:14:14+00:00","breadcrumb":{"@id":"https:\/\/fundacion-biodiversidad.es\/en\/actualidad_home\/we-improve-knowledge-about-the-iberian-desman\/#breadcrumb"},"inLanguage":"en-US","potentialAction":[{"@type":"ReadAction","target":["https:\/\/fundacion-biodiversidad.es\/en\/actualidad_home\/we-improve-knowledge-about-the-iberian-desman\/"]}]},{"@type":"ImageObject","inLanguage":"en-US","@id":"https:\/\/fundacion-biodiversidad.es\/en\/actualidad_home\/we-improve-knowledge-about-the-iberian-desman\/#primaryimage","url":"https:\/\/fundacion-biodiversidad.es\/wp-content\/uploads\/2018\/11\/grupo_trabajo_desman.jpg","contentUrl":"https:\/\/fundacion-biodiversidad.es\/wp-content\/uploads\/2018\/11\/grupo_trabajo_desman.jpg","width":747,"height":417},{"@type":"BreadcrumbList","@id":"https:\/\/fundacion-biodiversidad.es\/en\/actualidad_home\/we-improve-knowledge-about-the-iberian-desman\/#breadcrumb","itemListElement":[{"@type":"ListItem","position":1,"name":"Portada","item":"https:\/\/fundacion-biodiversidad.es\/en\/inicio\/"},{"@type":"ListItem","position":2,"name":"Noticias de actualidad","item":"https:\/\/fundacion-biodiversidad.es\/en\/actualidad_home\/"},{"@type":"ListItem","position":3,"name":"We improve knowledge about the Iberian desman"}]},{"@type":"WebSite","@id":"https:\/\/fundacion-biodiversidad.es\/en\/#website","url":"https:\/\/fundacion-biodiversidad.es\/en\/","name":"Fundaci\u00f3n Biodiversidad","description":"Fundaci\u00f3n p\u00fablica adscrita al Ministerio para la Transici\u00f3n Ecol\u00f3gica","potentialAction":[{"@type":"SearchAction","target":{"@type":"EntryPoint","urlTemplate":"https:\/\/fundacion-biodiversidad.es\/en\/?s={search_term_string}"},"query-input":{"@type":"PropertyValueSpecification","valueRequired":true,"valueName":"search_term_string"}}],"inLanguage":"en-US"}]}},"_links":{"self":[{"href":"https:\/\/fundacion-biodiversidad.es\/en\/wp-json\/wp\/v2\/actualidad_home\/97858334","targetHints":{"allow":["GET"]}}],"collection":[{"href":"https:\/\/fundacion-biodiversidad.es\/en\/wp-json\/wp\/v2\/actualidad_home"}],"about":[{"href":"https:\/\/fundacion-biodiversidad.es\/en\/wp-json\/wp\/v2\/types\/actualidad_home"}],"author":[{"embeddable":true,"href":"https:\/\/fundacion-biodiversidad.es\/en\/wp-json\/wp\/v2\/users\/11"}],"wp:featuredmedia":[{"embeddable":true,"href":"https:\/\/fundacion-biodiversidad.es\/en\/wp-json\/wp\/v2\/media\/35952"}],"wp:attachment":[{"href":"https:\/\/fundacion-biodiversidad.es\/en\/wp-json\/wp\/v2\/media?parent=97858334"}],"wp:term":[{"taxonomy":"palabras_clave","embeddable":true,"href":"https:\/\/fundacion-biodiversidad.es\/en\/wp-json\/wp\/v2\/palabras_clave?post=97858334"}],"curies":[{"name":"wp","href":"https:\/\/api.w.org\/{rel}","templated":true}]}}