{"id":97858336,"date":"2018-11-27T12:11:02","date_gmt":"2018-11-27T11:11:02","guid":{"rendered":"https:\/\/fundacion-biodiversidad.es\/actualidad_home\/advances-in-the-protection-of-turtle-nesting-on-our-beaches\/"},"modified":"2018-11-27T12:11:02","modified_gmt":"2018-11-27T11:11:02","slug":"advances-in-the-protection-of-turtle-nesting-on-our-beaches","status":"publish","type":"actualidad_home","link":"https:\/\/fundacion-biodiversidad.es\/en\/actualidad_home\/advances-in-the-protection-of-turtle-nesting-on-our-beaches\/","title":{"rendered":"Advances in the protection of turtle nesting on our beaches"},"content":{"rendered":"<p>A meeting was held today within the framework of the INTEMARES project in order to agree on the main measures of the common protocol of action for cases of sea turtle nesting on the Spanish coast.<br \/>\n<!--more--><\/p>\n<p>Cases of sea turtle nesting are becoming more frequent on the Spanish coast during the summer. To guarantee their protection and strengthen coordination between all the agents involved, a common protocol of action is being finalized at national level. <\/p>\n<p>With the aim of analyzing, debating and agreeing on its main measures, technicians from the Ministry for Ecological Transition, coastal autonomous communities, recovery centers and scientists met today at the Parador del Saler, in Valencia, within the framework of the <a href=\"http:\/\/intemares.es\/\">LIFE IP INTEMARES<\/a> project, coordinated by the Biodiversity Foundation of the same ministry. The workshop has also had the support of the Generalitat Valenciana. <\/p>\n<p>The experts have addressed the importance of managing sporadic nesting events in a coordinated manner, the need to protect females and eggs, as well as the importance of detection, information and training campaigns. All these issues will be included in the protocol, which is expected to be approved in 2019, before the start of the reproductive period of the species. <\/p>\n<p>During the summer months, loggerhead turtle <em>(Caretta caretta) <\/em>nesting records are becoming more frequent and, according to experts, could increase in the future in the western Mediterranean. Proper management is essential to guarantee the conservation of this highly migratory species, which is listed as &#8220;vulnerable&#8221; in the List of Species under Special Protection. <\/p>\n<p>Within the framework of the LIFE IP INTEMARES project, other actions have been promoted to protect <a href=\"https:\/\/fundacion-biodiversidad.es\/es\/prensa\/actualidad\/mejoramos-el-conocimiento-y-la-proteccion-de-las-tortugas-marinas\">sea turtles that use Spanish waters<\/a><strong>  as areas of food, development and a place of passage on their long transoceanic journeys. Specifically, the behaviour of 10 loggerhead turtle hatchlings after being released on a beach in Valencia has been studied and the creation of a common protocol for recovery centres that manage stranding cases has been launched, as well as specific training actions   <\/strong>aimed at beach staff in Murcia, Almeria, the Balearic Islands and Tarragona.<\/p>\n<p><strong>Do you want to know more about the LIFE IP INTEMARES project?<\/strong>&nbsp;<\/p>\n<p>On the <a href=\"http:\/\/www.intemares.es\" target=\"_blank\" rel=\"noopener\">www.intemares.es<\/a> website and on the Twitter profile <a href=\"https:\/\/twitter.com\/LifeIntemares\">@LifeIntemares<\/a> you can find all the information about the largest marine conservation project in Europe, which is coordinated by the Biodiversity Foundation of the Ministry for Ecological Transition and in which the General Directorate of Sustainability of the Coast and the Sea of the same ministry participates as partners.  the Spanish Institute of Oceanography, the Spanish Fisheries Confederation, SEO\/BirdLife and WWF-Spain.<\/p>\n","protected":false},"author":11,"featured_media":35951,"template":"","meta":{"_acf_changed":false},"palabras_clave":[],"class_list":["post-97858336","actualidad_home","type-actualidad_home","status-publish","has-post-thumbnail","hentry"],"acf":[],"yoast_head":"<!-- This site is optimized with the Yoast SEO plugin v26.9 - https:\/\/yoast.com\/product\/yoast-seo-wordpress\/ -->\n<title>Advances in the protection of turtle nesting on our beaches - Fundaci\u00f3n Biodiversidad<\/title>\n<meta name=\"robots\" content=\"index, follow, max-snippet:-1, max-image-preview:large, max-video-preview:-1\" \/>\n<link rel=\"canonical\" href=\"https:\/\/fundacion-biodiversidad.es\/en\/actualidad_home\/advances-in-the-protection-of-turtle-nesting-on-our-beaches\/\" \/>\n<meta property=\"og:locale\" content=\"en_US\" \/>\n<meta property=\"og:type\" content=\"article\" \/>\n<meta property=\"og:title\" content=\"Advances in the protection of turtle nesting on our beaches - Fundaci\u00f3n Biodiversidad\" \/>\n<meta property=\"og:description\" content=\"A meeting was held today within the framework of the INTEMARES project in order to agree on the main measures of the common protocol of [&hellip;]\" \/>\n<meta property=\"og:url\" content=\"https:\/\/fundacion-biodiversidad.es\/en\/actualidad_home\/advances-in-the-protection-of-turtle-nesting-on-our-beaches\/\" \/>\n<meta property=\"og:site_name\" content=\"Fundaci\u00f3n Biodiversidad\" \/>\n<meta property=\"og:image\" content=\"https:\/\/fundacion-biodiversidad.es\/wp-content\/uploads\/2023\/01\/2487661294_35330241_720x405.png\" \/>\n\t<meta property=\"og:image:width\" content=\"720\" \/>\n\t<meta property=\"og:image:height\" content=\"405\" \/>\n\t<meta property=\"og:image:type\" content=\"image\/png\" \/>\n<meta name=\"twitter:card\" content=\"summary_large_image\" \/>\n<meta name=\"twitter:label1\" content=\"Est. reading time\" \/>\n\t<meta name=\"twitter:data1\" content=\"2 minutes\" \/>\n<script type=\"application\/ld+json\" class=\"yoast-schema-graph\">{\"@context\":\"https:\/\/schema.org\",\"@graph\":[{\"@type\":\"WebPage\",\"@id\":\"https:\/\/fundacion-biodiversidad.es\/en\/actualidad_home\/advances-in-the-protection-of-turtle-nesting-on-our-beaches\/\",\"url\":\"https:\/\/fundacion-biodiversidad.es\/en\/actualidad_home\/advances-in-the-protection-of-turtle-nesting-on-our-beaches\/\",\"name\":\"Advances in the protection of turtle nesting on our beaches - Fundaci\u00f3n Biodiversidad\",\"isPartOf\":{\"@id\":\"https:\/\/fundacion-biodiversidad.es\/en\/#website\"},\"primaryImageOfPage\":{\"@id\":\"https:\/\/fundacion-biodiversidad.es\/en\/actualidad_home\/advances-in-the-protection-of-turtle-nesting-on-our-beaches\/#primaryimage\"},\"image\":{\"@id\":\"https:\/\/fundacion-biodiversidad.es\/en\/actualidad_home\/advances-in-the-protection-of-turtle-nesting-on-our-beaches\/#primaryimage\"},\"thumbnailUrl\":\"https:\/\/fundacion-biodiversidad.es\/wp-content\/uploads\/2018\/11\/tortuga-boba.jpg\",\"datePublished\":\"2018-11-27T11:11:02+00:00\",\"breadcrumb\":{\"@id\":\"https:\/\/fundacion-biodiversidad.es\/en\/actualidad_home\/advances-in-the-protection-of-turtle-nesting-on-our-beaches\/#breadcrumb\"},\"inLanguage\":\"en-US\",\"potentialAction\":[{\"@type\":\"ReadAction\",\"target\":[\"https:\/\/fundacion-biodiversidad.es\/en\/actualidad_home\/advances-in-the-protection-of-turtle-nesting-on-our-beaches\/\"]}]},{\"@type\":\"ImageObject\",\"inLanguage\":\"en-US\",\"@id\":\"https:\/\/fundacion-biodiversidad.es\/en\/actualidad_home\/advances-in-the-protection-of-turtle-nesting-on-our-beaches\/#primaryimage\",\"url\":\"https:\/\/fundacion-biodiversidad.es\/wp-content\/uploads\/2018\/11\/tortuga-boba.jpg\",\"contentUrl\":\"https:\/\/fundacion-biodiversidad.es\/wp-content\/uploads\/2018\/11\/tortuga-boba.jpg\",\"width\":747,\"height\":497},{\"@type\":\"BreadcrumbList\",\"@id\":\"https:\/\/fundacion-biodiversidad.es\/en\/actualidad_home\/advances-in-the-protection-of-turtle-nesting-on-our-beaches\/#breadcrumb\",\"itemListElement\":[{\"@type\":\"ListItem\",\"position\":1,\"name\":\"Portada\",\"item\":\"https:\/\/fundacion-biodiversidad.es\/en\/inicio\/\"},{\"@type\":\"ListItem\",\"position\":2,\"name\":\"Noticias de actualidad\",\"item\":\"https:\/\/fundacion-biodiversidad.es\/en\/actualidad_home\/\"},{\"@type\":\"ListItem\",\"position\":3,\"name\":\"Advances in the protection of turtle nesting on our beaches\"}]},{\"@type\":\"WebSite\",\"@id\":\"https:\/\/fundacion-biodiversidad.es\/en\/#website\",\"url\":\"https:\/\/fundacion-biodiversidad.es\/en\/\",\"name\":\"Fundaci\u00f3n Biodiversidad\",\"description\":\"Fundaci\u00f3n p\u00fablica adscrita al Ministerio para la Transici\u00f3n Ecol\u00f3gica\",\"potentialAction\":[{\"@type\":\"SearchAction\",\"target\":{\"@type\":\"EntryPoint\",\"urlTemplate\":\"https:\/\/fundacion-biodiversidad.es\/en\/?s={search_term_string}\"},\"query-input\":{\"@type\":\"PropertyValueSpecification\",\"valueRequired\":true,\"valueName\":\"search_term_string\"}}],\"inLanguage\":\"en-US\"}]}<\/script>\n<!-- \/ Yoast SEO plugin. -->","yoast_head_json":{"title":"Advances in the protection of turtle nesting on our beaches - Fundaci\u00f3n Biodiversidad","robots":{"index":"index","follow":"follow","max-snippet":"max-snippet:-1","max-image-preview":"max-image-preview:large","max-video-preview":"max-video-preview:-1"},"canonical":"https:\/\/fundacion-biodiversidad.es\/en\/actualidad_home\/advances-in-the-protection-of-turtle-nesting-on-our-beaches\/","og_locale":"en_US","og_type":"article","og_title":"Advances in the protection of turtle nesting on our beaches - Fundaci\u00f3n Biodiversidad","og_description":"A meeting was held today within the framework of the INTEMARES project in order to agree on the main measures of the common protocol of [&hellip;]","og_url":"https:\/\/fundacion-biodiversidad.es\/en\/actualidad_home\/advances-in-the-protection-of-turtle-nesting-on-our-beaches\/","og_site_name":"Fundaci\u00f3n Biodiversidad","og_image":[{"width":720,"height":405,"url":"https:\/\/fundacion-biodiversidad.es\/wp-content\/uploads\/2023\/01\/2487661294_35330241_720x405.png","type":"image\/png"}],"twitter_card":"summary_large_image","twitter_misc":{"Est. reading time":"2 minutes"},"schema":{"@context":"https:\/\/schema.org","@graph":[{"@type":"WebPage","@id":"https:\/\/fundacion-biodiversidad.es\/en\/actualidad_home\/advances-in-the-protection-of-turtle-nesting-on-our-beaches\/","url":"https:\/\/fundacion-biodiversidad.es\/en\/actualidad_home\/advances-in-the-protection-of-turtle-nesting-on-our-beaches\/","name":"Advances in the protection of turtle nesting on our beaches - Fundaci\u00f3n Biodiversidad","isPartOf":{"@id":"https:\/\/fundacion-biodiversidad.es\/en\/#website"},"primaryImageOfPage":{"@id":"https:\/\/fundacion-biodiversidad.es\/en\/actualidad_home\/advances-in-the-protection-of-turtle-nesting-on-our-beaches\/#primaryimage"},"image":{"@id":"https:\/\/fundacion-biodiversidad.es\/en\/actualidad_home\/advances-in-the-protection-of-turtle-nesting-on-our-beaches\/#primaryimage"},"thumbnailUrl":"https:\/\/fundacion-biodiversidad.es\/wp-content\/uploads\/2018\/11\/tortuga-boba.jpg","datePublished":"2018-11-27T11:11:02+00:00","breadcrumb":{"@id":"https:\/\/fundacion-biodiversidad.es\/en\/actualidad_home\/advances-in-the-protection-of-turtle-nesting-on-our-beaches\/#breadcrumb"},"inLanguage":"en-US","potentialAction":[{"@type":"ReadAction","target":["https:\/\/fundacion-biodiversidad.es\/en\/actualidad_home\/advances-in-the-protection-of-turtle-nesting-on-our-beaches\/"]}]},{"@type":"ImageObject","inLanguage":"en-US","@id":"https:\/\/fundacion-biodiversidad.es\/en\/actualidad_home\/advances-in-the-protection-of-turtle-nesting-on-our-beaches\/#primaryimage","url":"https:\/\/fundacion-biodiversidad.es\/wp-content\/uploads\/2018\/11\/tortuga-boba.jpg","contentUrl":"https:\/\/fundacion-biodiversidad.es\/wp-content\/uploads\/2018\/11\/tortuga-boba.jpg","width":747,"height":497},{"@type":"BreadcrumbList","@id":"https:\/\/fundacion-biodiversidad.es\/en\/actualidad_home\/advances-in-the-protection-of-turtle-nesting-on-our-beaches\/#breadcrumb","itemListElement":[{"@type":"ListItem","position":1,"name":"Portada","item":"https:\/\/fundacion-biodiversidad.es\/en\/inicio\/"},{"@type":"ListItem","position":2,"name":"Noticias de actualidad","item":"https:\/\/fundacion-biodiversidad.es\/en\/actualidad_home\/"},{"@type":"ListItem","position":3,"name":"Advances in the protection of turtle nesting on our beaches"}]},{"@type":"WebSite","@id":"https:\/\/fundacion-biodiversidad.es\/en\/#website","url":"https:\/\/fundacion-biodiversidad.es\/en\/","name":"Fundaci\u00f3n Biodiversidad","description":"Fundaci\u00f3n p\u00fablica adscrita al Ministerio para la Transici\u00f3n Ecol\u00f3gica","potentialAction":[{"@type":"SearchAction","target":{"@type":"EntryPoint","urlTemplate":"https:\/\/fundacion-biodiversidad.es\/en\/?s={search_term_string}"},"query-input":{"@type":"PropertyValueSpecification","valueRequired":true,"valueName":"search_term_string"}}],"inLanguage":"en-US"}]}},"_links":{"self":[{"href":"https:\/\/fundacion-biodiversidad.es\/en\/wp-json\/wp\/v2\/actualidad_home\/97858336","targetHints":{"allow":["GET"]}}],"collection":[{"href":"https:\/\/fundacion-biodiversidad.es\/en\/wp-json\/wp\/v2\/actualidad_home"}],"about":[{"href":"https:\/\/fundacion-biodiversidad.es\/en\/wp-json\/wp\/v2\/types\/actualidad_home"}],"author":[{"embeddable":true,"href":"https:\/\/fundacion-biodiversidad.es\/en\/wp-json\/wp\/v2\/users\/11"}],"wp:featuredmedia":[{"embeddable":true,"href":"https:\/\/fundacion-biodiversidad.es\/en\/wp-json\/wp\/v2\/media\/35951"}],"wp:attachment":[{"href":"https:\/\/fundacion-biodiversidad.es\/en\/wp-json\/wp\/v2\/media?parent=97858336"}],"wp:term":[{"taxonomy":"palabras_clave","embeddable":true,"href":"https:\/\/fundacion-biodiversidad.es\/en\/wp-json\/wp\/v2\/palabras_clave?post=97858336"}],"curies":[{"name":"wp","href":"https:\/\/api.w.org\/{rel}","templated":true}]}}